{"id":135729,"date":"2026-01-14T14:07:07","date_gmt":"2026-01-14T14:07:07","guid":{"rendered":"https:\/\/www.europesays.com\/se\/135729\/"},"modified":"2026-01-14T14:07:07","modified_gmt":"2026-01-14T14:07:07","slug":"forvaltningsratten-i-falun-soker-foredragande-en-eller-flera","status":"publish","type":"post","link":"https:\/\/www.europesays.com\/se\/135729\/","title":{"rendered":"F\u00f6rvaltningsr\u00e4tten i Falun s\u00f6ker f\u00f6redragande, en eller flera"},"content":{"rendered":"<p>Arbetet som f\u00f6redragande \u00e4r ett kvalificerat juridiskt arbete och i arbetsuppgifterna ing\u00e5r bl.a. att g\u00f6ra anvisningar till kommunicering mellan parterna, sekretesspr\u00f6va handlingar, g\u00f6ra r\u00e4ttsutredningar, skriva f\u00f6rslag till domar och beslut, f\u00f6redra m\u00e5l inf\u00f6r n\u00e4mnd och protokollf\u00f6ra vid muntliga f\u00f6rhandlingar. Vi s\u00f6ker en f\u00f6redragande f\u00f6r arbete inom m\u00e5lkategorierna offentlig upphandling och \u00f6vriga m\u00e5l. Inom \u00f6vriga m\u00e5l finns en stor m\u00e4ngd m\u00e5ltyper varav de st\u00f6rre \u00e4r m\u00e5l om sanktionsavgifter g\u00e4llande k\u00f6r- och vilotider, laglighetspr\u00f6vning enligt kommunallagen, \u00f6verklaganden av andra kommunala beslut t.ex. serveringstillst\u00e5nd och av l\u00e4nsstyrelsens beslut t.ex. djurskydd, m.fl.\u00a0<\/p>\n<p>Du beh\u00f6ver ha relevanta f\u00f6rkunskaper och erfarenhet av arbete med n\u00e5gon av de aktuella m\u00e5lkategorierna. Du har d\u00e4rut\u00f6ver god analytisk f\u00f6rm\u00e5ga och uttrycker dig mycket v\u00e4l, framf\u00f6rallt skriftligt men ocks\u00e5 muntligt. Du har f\u00f6rm\u00e5ga att arbeta sj\u00e4lvst\u00e4ndigt men kan ocks\u00e5 samarbeta med andra f\u00f6r att n\u00e5 verksamhetens m\u00e5l. Stor vikt kommer att l\u00e4ggas vid personlig l\u00e4mplighet.<\/p>\n<p>Du b\u00f6r ha juristexamen eller annan l\u00e4mplig utbildningsbakgrund och tidigare domstols- eller myndighetserfarenhet.<\/p>\n<p>F\u00f6r att bli aktuell f\u00f6r en anst\u00e4llning kr\u00e4vs att du motsvarar h\u00f6gt st\u00e4llda krav g\u00e4llande omd\u00f6me, s\u00e4kerhetsmedvetande och l\u00e4mplighet. Det inneb\u00e4r att du st\u00e5r upp f\u00f6r demokratiska v\u00e4rderingar och den statliga v\u00e4rdegrunden som styr Sveriges domstolars verksamhet. Vi st\u00e4ller ocks\u00e5 krav p\u00e5 att du f\u00f6ljer Sveriges lagar.<\/p>\n","protected":false},"excerpt":{"rendered":"Arbetet som f\u00f6redragande \u00e4r ett kvalificerat juridiskt arbete och i arbetsuppgifterna ing\u00e5r bl.a. att g\u00f6ra anvisningar till kommunicering&hellip;\n","protected":false},"author":2,"featured_media":113526,"comment_status":"","ping_status":"","sticky":false,"template":"","format":"standard","meta":{"footnotes":""},"categories":[12],"tags":[22,23,26,27,17,21,24,25,28,29,15,16,18,34,31,33,32,30,19,20],"class_list":{"0":"post-135729","1":"post","2":"type-post","3":"status-publish","4":"format-standard","5":"has-post-thumbnail","7":"category-sverige","8":"tag-breaking-news","9":"tag-breakingnews","10":"tag-featured-news","11":"tag-featurednews","12":"tag-headlines","13":"tag-huvudnyheter","14":"tag-latest-news","15":"tag-latestnews","16":"tag-main-news","17":"tag-mainnews","18":"tag-news","19":"tag-nyheter","20":"tag-rubriker","21":"tag-se","22":"tag-svenska","23":"tag-sverige","24":"tag-sweden","25":"tag-swedish","26":"tag-top-stories","27":"tag-topstories"},"share_on_mastodon":{"url":"https:\/\/pubeurope.com\/@se\/115893845613569428","error":""},"_links":{"self":[{"href":"https:\/\/www.europesays.com\/se\/wp-json\/wp\/v2\/posts\/135729","targetHints":{"allow":["GET"]}}],"collection":[{"href":"https:\/\/www.europesays.com\/se\/wp-json\/wp\/v2\/posts"}],"about":[{"href":"https:\/\/www.europesays.com\/se\/wp-json\/wp\/v2\/types\/post"}],"author":[{"embeddable":true,"href":"https:\/\/www.europesays.com\/se\/wp-json\/wp\/v2\/users\/2"}],"replies":[{"embeddable":true,"href":"https:\/\/www.europesays.com\/se\/wp-json\/wp\/v2\/comments?post=135729"}],"version-history":[{"count":0,"href":"https:\/\/www.europesays.com\/se\/wp-json\/wp\/v2\/posts\/135729\/revisions"}],"wp:featuredmedia":[{"embeddable":true,"href":"https:\/\/www.europesays.com\/se\/wp-json\/wp\/v2\/media\/113526"}],"wp:attachment":[{"href":"https:\/\/www.europesays.com\/se\/wp-json\/wp\/v2\/media?parent=135729"}],"wp:term":[{"taxonomy":"category","embeddable":true,"href":"https:\/\/www.europesays.com\/se\/wp-json\/wp\/v2\/categories?post=135729"},{"taxonomy":"post_tag","embeddable":true,"href":"https:\/\/www.europesays.com\/se\/wp-json\/wp\/v2\/tags?post=135729"}],"curies":[{"name":"wp","href":"https:\/\/api.w.org\/{rel}","templated":true}]}}