{"id":135730,"date":"2026-01-14T14:08:12","date_gmt":"2026-01-14T14:08:12","guid":{"rendered":"https:\/\/www.europesays.com\/se\/135730\/"},"modified":"2026-01-14T14:08:12","modified_gmt":"2026-01-14T14:08:12","slug":"ny-utvardering-om-polisens-insats-pa-campus-risbergska","status":"publish","type":"post","link":"https:\/\/www.europesays.com\/se\/135730\/","title":{"rendered":"Ny utv\u00e4rdering om polisens insats p\u00e5 Campus Risbergska"},"content":{"rendered":"<p>Under onsdagen presenterade polisen en ny utv\u00e4rdering av sitt arbete under masskjutningen p\u00e5 Campus Risbergska den 4 februari.<\/p>\n<p>Totalt har 225 personer ber\u00e4ttat om sina upplevelser av polisarbetet i samband med d\u00e5det. Bland dem finns polisanst\u00e4llda, skolpersonal, elever, r\u00e4ddningstj\u00e4nst och sjukv\u00e5rdare men ocks\u00e5 skadade och anh\u00f6riga till de personer som d\u00f6dades under d\u00e5det.<\/p>\n<p>Det \u00e4r polism\u00e4staren Erik Nord, chef f\u00f6r utredningsenheten i polisregion V\u00e4st, som har genomf\u00f6rt utv\u00e4rderingen p\u00e5 uppdrag av polisens nationella operativa avdelning, Noa.<\/p>\n<p>Ifr\u00e5gasatt av skadade och anh\u00f6riga<\/p>\n<p>En del som han tar upp som en svaghet i polisens insats \u00e4r att det tog l\u00e5ng tid innan livr\u00e4ddande insatser kunde p\u00e5b\u00f6rjas.<\/p>\n<p>Uppgifter om att det skulle ha funnits fler g\u00e4rningspersoner p\u00e5 skolan gjorde att det dr\u00f6jde innan r\u00e4ddningstj\u00e4nst och ambulanspersonal kunde inleda sitt r\u00e4ddningsarbete.<\/p>\n<p>\u2013 Det \u00e4r ocks\u00e5 det de flesta skadade och anh\u00f6riga har ifr\u00e5gasatt \u2013 \u201dvarf\u00f6r tog r\u00e4ddningsarbetet s\u00e5 l\u00e5ng tid?\u201d, s\u00e4ger Erik Nord i ett pressmeddelande.<\/p>\n<p>Enligt utv\u00e4rderingen levde en av de skottskadade personerna i skolan i uppskattningsvis 45 minuter innan han avled. Under den tiden hann han b\u00e5de ringa och ta emot flera telefonsamtal. <\/p>\n<p>En annan m\u00f6rdad person p\u00e5 skolan kan ha levt upp till 30 minuter inne p\u00e5 golvet i skolan innan denne avled.<\/p>\n<p>\u00c5tg\u00e4rder efter<\/p>\n<p>Samtidigt pekar Erik Nord p\u00e5 m\u00e5nga delar som fungerade bra. Poliserna p\u00e5 plats handlade enligt tr\u00e4ning och koncept, var modiga och v\u00e5gade fatta egna beslut p\u00e5 plats.<\/p>\n<p>Johan Olsson, chef p\u00e5 den nationella operativa avdelningen, ska enligt ett pressmeddelande, besluta om vilka \u00e5tg\u00e4rder som ska vidtas utifr\u00e5n utv\u00e4rderingen n\u00e4sta vecka.<\/p>\n<p>Texten uppdateras.<\/p>\n","protected":false},"excerpt":{"rendered":"Under onsdagen presenterade polisen en ny utv\u00e4rdering av sitt arbete under masskjutningen p\u00e5 Campus Risbergska den 4 februari.&hellip;\n","protected":false},"author":2,"featured_media":135731,"comment_status":"","ping_status":"","sticky":false,"template":"","format":"standard","meta":{"footnotes":""},"categories":[5],"tags":[22,23,26,27,17,21,24,25,28,29,15,16,18,34,31,33,32,30,19,20],"class_list":{"0":"post-135730","1":"post","2":"type-post","3":"status-publish","4":"format-standard","5":"has-post-thumbnail","7":"category-rubriker","8":"tag-breaking-news","9":"tag-breakingnews","10":"tag-featured-news","11":"tag-featurednews","12":"tag-headlines","13":"tag-huvudnyheter","14":"tag-latest-news","15":"tag-latestnews","16":"tag-main-news","17":"tag-mainnews","18":"tag-news","19":"tag-nyheter","20":"tag-rubriker","21":"tag-se","22":"tag-svenska","23":"tag-sverige","24":"tag-sweden","25":"tag-swedish","26":"tag-top-stories","27":"tag-topstories"},"share_on_mastodon":{"url":"https:\/\/pubeurope.com\/@se\/115893849427986915","error":""},"_links":{"self":[{"href":"https:\/\/www.europesays.com\/se\/wp-json\/wp\/v2\/posts\/135730","targetHints":{"allow":["GET"]}}],"collection":[{"href":"https:\/\/www.europesays.com\/se\/wp-json\/wp\/v2\/posts"}],"about":[{"href":"https:\/\/www.europesays.com\/se\/wp-json\/wp\/v2\/types\/post"}],"author":[{"embeddable":true,"href":"https:\/\/www.europesays.com\/se\/wp-json\/wp\/v2\/users\/2"}],"replies":[{"embeddable":true,"href":"https:\/\/www.europesays.com\/se\/wp-json\/wp\/v2\/comments?post=135730"}],"version-history":[{"count":0,"href":"https:\/\/www.europesays.com\/se\/wp-json\/wp\/v2\/posts\/135730\/revisions"}],"wp:featuredmedia":[{"embeddable":true,"href":"https:\/\/www.europesays.com\/se\/wp-json\/wp\/v2\/media\/135731"}],"wp:attachment":[{"href":"https:\/\/www.europesays.com\/se\/wp-json\/wp\/v2\/media?parent=135730"}],"wp:term":[{"taxonomy":"category","embeddable":true,"href":"https:\/\/www.europesays.com\/se\/wp-json\/wp\/v2\/categories?post=135730"},{"taxonomy":"post_tag","embeddable":true,"href":"https:\/\/www.europesays.com\/se\/wp-json\/wp\/v2\/tags?post=135730"}],"curies":[{"name":"wp","href":"https:\/\/api.w.org\/{rel}","templated":true}]}}