{"id":135732,"date":"2026-01-14T14:10:11","date_gmt":"2026-01-14T14:10:11","guid":{"rendered":"https:\/\/www.europesays.com\/se\/135732\/"},"modified":"2026-01-14T14:10:11","modified_gmt":"2026-01-14T14:10:11","slug":"aldre-lurades-pa-fejkade-sajter-fem-atalas","status":"publish","type":"post","link":"https:\/\/www.europesays.com\/se\/135732\/","title":{"rendered":"\u00c4ldre lurades p\u00e5 fejkade sajter \u2013 fem \u00e5talas"},"content":{"rendered":"<p>share-arrowDela<\/p>\n<p>unsaveSpara<\/p>\n<p>expand-left<\/p>\n<p>helsk\u00e4rm<img decoding=\"async\" class=\"image-asset hyperion-css-u06ts1\" data-test-tag=\"image-asset\" src=\"https:\/\/www.europesays.com\/se\/wp-content\/uploads\/2026\/01\/679a1204-9902-4202-8a6a-471fd6da1738.jpeg\"  alt=\"Bedragarna ska ha riktat in sig p\u00e5 \u00e4ldre enligt \u00e5talet. Arkivbild.\"  loading=\"eager\" fetchpriority=\"high\" style=\"aspect-ratio:1900 \/ 1267\"\/>Bedragarna ska ha riktat in sig p\u00e5 \u00e4ldre enligt \u00e5talet. Arkivbild. Foto: Henrik Montgomery\/TT<\/p>\n<p class=\"hyperion-css-1shl3oz\" data-test-tag=\"lead-text\">Fem personer \u00e5talas f\u00f6r grova bedr\u00e4gerier riktade mot \u00e4ldre personer, meddelar \u00c5klagarmyndigheten i ett pressmeddelande.<\/p>\n<p class=\"hyperion-css-1v9qo5x\">Enligt \u00e5talet ska personerna med hj\u00e4lp av fejkade hemsidor lurat \u00e4ldre personer att klicka p\u00e5 l\u00e4nkar som blockerade sk\u00e4rmen. De drabbade uppmanades sedan att ringa ett telefonnummer f\u00f6r teknisk support. Genom den falska supporten ska de ha f\u00e5tt personerna att betala f\u00f6r p\u00e5hittade tj\u00e4nster och l\u00e4mna ut personliga uppgifter.<\/p>\n<p class=\"hyperion-css-1v9qo5x\">\u201dJag anser att s\u00e5v\u00e4l bedr\u00e4gerierna som dataintr\u00e5ngen b\u00f6r betraktas som grova eftersom de riktats mot en s\u00e4rskilt utsatt m\u00e5lgrupp\u201d, s\u00e4ger senior \u00e5klagare Johanna Kolga i ett pressmeddelande.<\/p>\n<p class=\"hyperion-css-1v9qo5x\">Tv\u00e5 av de \u00e5talade har gripits i Spanien med hj\u00e4lp av spansk polis. Resterande greps i Sverige. Utredningsarbetet har f\u00f6rsv\u00e5rats av att m\u00e5nga av de drabbade har varit sv\u00e5ra att f\u00e5 kontakt med.<\/p>\n","protected":false},"excerpt":{"rendered":"share-arrowDela unsaveSpara expand-left helsk\u00e4rmBedragarna ska ha riktat in sig p\u00e5 \u00e4ldre enligt \u00e5talet. Arkivbild. Foto: Henrik Montgomery\/TT Fem&hellip;\n","protected":false},"author":2,"featured_media":135733,"comment_status":"","ping_status":"","sticky":false,"template":"","format":"standard","meta":{"footnotes":""},"categories":[68],"tags":[34,111,110,31,33,32,30],"class_list":{"0":"post-135732","1":"post","2":"type-post","3":"status-publish","4":"format-standard","5":"has-post-thumbnail","7":"category-sport","8":"tag-se","9":"tag-sport","10":"tag-sports","11":"tag-svenska","12":"tag-sverige","13":"tag-sweden","14":"tag-swedish"},"share_on_mastodon":{"url":"https:\/\/pubeurope.com\/@se\/115893857447046960","error":""},"_links":{"self":[{"href":"https:\/\/www.europesays.com\/se\/wp-json\/wp\/v2\/posts\/135732","targetHints":{"allow":["GET"]}}],"collection":[{"href":"https:\/\/www.europesays.com\/se\/wp-json\/wp\/v2\/posts"}],"about":[{"href":"https:\/\/www.europesays.com\/se\/wp-json\/wp\/v2\/types\/post"}],"author":[{"embeddable":true,"href":"https:\/\/www.europesays.com\/se\/wp-json\/wp\/v2\/users\/2"}],"replies":[{"embeddable":true,"href":"https:\/\/www.europesays.com\/se\/wp-json\/wp\/v2\/comments?post=135732"}],"version-history":[{"count":0,"href":"https:\/\/www.europesays.com\/se\/wp-json\/wp\/v2\/posts\/135732\/revisions"}],"wp:featuredmedia":[{"embeddable":true,"href":"https:\/\/www.europesays.com\/se\/wp-json\/wp\/v2\/media\/135733"}],"wp:attachment":[{"href":"https:\/\/www.europesays.com\/se\/wp-json\/wp\/v2\/media?parent=135732"}],"wp:term":[{"taxonomy":"category","embeddable":true,"href":"https:\/\/www.europesays.com\/se\/wp-json\/wp\/v2\/categories?post=135732"},{"taxonomy":"post_tag","embeddable":true,"href":"https:\/\/www.europesays.com\/se\/wp-json\/wp\/v2\/tags?post=135732"}],"curies":[{"name":"wp","href":"https:\/\/api.w.org\/{rel}","templated":true}]}}