{"id":135734,"date":"2026-01-14T14:11:34","date_gmt":"2026-01-14T14:11:34","guid":{"rendered":"https:\/\/www.europesays.com\/se\/135734\/"},"modified":"2026-01-14T14:11:34","modified_gmt":"2026-01-14T14:11:34","slug":"en-era-ar-over-publik-stanger-efter-tio-ar","status":"publish","type":"post","link":"https:\/\/www.europesays.com\/se\/135734\/","title":{"rendered":"En era \u00e4r \u00f6ver \u2013 Publik st\u00e4nger efter tio \u00e5r"},"content":{"rendered":"<p>\n        St\u00e4nger. Efter en sista rej\u00e4l festhelg den 30\u201331 januari \u00e4r nattklubben Publik ett minne blott.<br \/>\n        Foto: Jonas Bergkvist\n    <\/p>\n<p>    P\u00e5 tisdagseftermiddagen stod det klart att natklubben Publik st\u00e4nger efter tio \u00e5r.<\/p>\n<p>Beskedet meddelades via nattklubbens sociala medier under tisdagen, <a href=\"https:\/\/www.vlt.se\/2026-01-13\/bomben-nattklubben-publik-stanger\/\" rel=\"nofollow noopener\" target=\"_blank\">vilket VLT var f\u00f6rst med att rapportera om<\/a>.\u00a0<\/p>\n<p>\u2013 Allt m\u00e5ste tyv\u00e4rr ta ett slut. Efter tio \u00e5r fyllda av of\u00f6rgl\u00f6mliga minnen \u00e4r det med tungt hj\u00e4rta vi nu kan meddela att Publik st\u00e4ngs ner.<\/p>\n<p>Publik avslutar med bart\u00f6mning, fri entr\u00e9 och \u00f6verrasknings-dj:s fr\u00e5n Stockholm den sista helgen i januari, det vill s\u00e4ga 30 och 31 januari.<\/p>\n<p>I inl\u00e4gget avsl\u00f6jar nattklubben att nya \u00e4gare tar vid fr\u00e5n och med februari.<\/p>\n<p>\u2013 Vi ses f\u00f6r en sista of\u00f6rgl\u00f6mlig helg innan ett nytt kapitel tar vid och V\u00e4ster\u00e5s f\u00e5r ett riktigt lyft.<\/p>\n","protected":false},"excerpt":{"rendered":"St\u00e4nger. Efter en sista rej\u00e4l festhelg den 30\u201331 januari \u00e4r nattklubben Publik ett minne blott. Foto: Jonas Bergkvist&hellip;\n","protected":false},"author":2,"featured_media":135735,"comment_status":"","ping_status":"","sticky":false,"template":"","format":"standard","meta":{"footnotes":""},"categories":[67],"tags":[104,34,31,33,32,30,105],"class_list":{"0":"post-135734","1":"post","2":"type-post","3":"status-publish","4":"format-standard","5":"has-post-thumbnail","7":"category-underhallning","8":"tag-entertainment","9":"tag-se","10":"tag-svenska","11":"tag-sverige","12":"tag-sweden","13":"tag-swedish","14":"tag-underhallning"},"share_on_mastodon":{"url":"https:\/\/pubeurope.com\/@se\/115893861437007230","error":""},"_links":{"self":[{"href":"https:\/\/www.europesays.com\/se\/wp-json\/wp\/v2\/posts\/135734","targetHints":{"allow":["GET"]}}],"collection":[{"href":"https:\/\/www.europesays.com\/se\/wp-json\/wp\/v2\/posts"}],"about":[{"href":"https:\/\/www.europesays.com\/se\/wp-json\/wp\/v2\/types\/post"}],"author":[{"embeddable":true,"href":"https:\/\/www.europesays.com\/se\/wp-json\/wp\/v2\/users\/2"}],"replies":[{"embeddable":true,"href":"https:\/\/www.europesays.com\/se\/wp-json\/wp\/v2\/comments?post=135734"}],"version-history":[{"count":0,"href":"https:\/\/www.europesays.com\/se\/wp-json\/wp\/v2\/posts\/135734\/revisions"}],"wp:featuredmedia":[{"embeddable":true,"href":"https:\/\/www.europesays.com\/se\/wp-json\/wp\/v2\/media\/135735"}],"wp:attachment":[{"href":"https:\/\/www.europesays.com\/se\/wp-json\/wp\/v2\/media?parent=135734"}],"wp:term":[{"taxonomy":"category","embeddable":true,"href":"https:\/\/www.europesays.com\/se\/wp-json\/wp\/v2\/categories?post=135734"},{"taxonomy":"post_tag","embeddable":true,"href":"https:\/\/www.europesays.com\/se\/wp-json\/wp\/v2\/tags?post=135734"}],"curies":[{"name":"wp","href":"https:\/\/api.w.org\/{rel}","templated":true}]}}