{"id":135736,"date":"2026-01-14T14:12:10","date_gmt":"2026-01-14T14:12:10","guid":{"rendered":"https:\/\/www.europesays.com\/se\/135736\/"},"modified":"2026-01-14T14:12:10","modified_gmt":"2026-01-14T14:12:10","slug":"enklare-mobil-eller-enklare-granssnitt-for-aldre-ljud-bild","status":"publish","type":"post","link":"https:\/\/www.europesays.com\/se\/135736\/","title":{"rendered":"Enklare mobil eller enklare gr\u00e4nssnitt f\u00f6r \u00e4ldre \u2013 Ljud &#038; Bild"},"content":{"rendered":"<p class=\"first_para\">I en tid n\u00e4r det mesta \u00e4r digitalt \u00e4r det sv\u00e5rt att klara sig utan datorer och mobiler. Men med tilltagande \u00e5lder blir de ocks\u00e5 sv\u00e5rare att hantera. Texten \u00e4r f\u00f6r liten och det \u00e4r sv\u00e5rt att pricka p\u00e5 r\u00e4tt st\u00e4lle samt att det blir f\u00f6r m\u00e5nga symboler att h\u00e5lla reda p\u00e5. Den enklaste l\u00f6sningen \u00e4r att skaffa en dedikerad seniormobil. Men man kan ocks\u00e5 f\u00f6rl\u00e4nga livsl\u00e4ngden p\u00e5 en smartmobil genom att anpassa gr\u00e4nssnittet.<\/p>\n<p><strong>Apple iPhone<\/strong><br \/>\n<a href=\"https:\/\/www.ljudochbild.se\/wp-content\/uploads\/2026\/01\/ios-assistive-access.jpeg\" data-slb-active=\"1\" data-slb-asset=\"1052233725\" data-slb-internal=\"0\" data-slb-group=\"slb\" rel=\"nofollow noopener\" target=\"_blank\"><img fetchpriority=\"high\" decoding=\"async\" class=\"wp-image-492703\" src=\"https:\/\/www.europesays.com\/se\/wp-content\/uploads\/2026\/01\/ios-assistive-access-989x975.jpeg\" alt=\"ios assistive access\" width=\"450\" height=\"444\" title=\"Enklare mobil eller enklare gr\u00e4nssnitt f\u00f6r \u00e4ldre 1\"  \/><\/a>Foto: Apple<\/p>\n<p>Det finns m\u00e4ngder av inst\u00e4llningar man kan g\u00f6ra i iPhone f\u00f6r att g\u00f6ra den enklare att anv\u00e4nda. F\u00f6r att f\u00f6renkla gr\u00e4nssnittet kan man anv\u00e4nda \u00c5tkomstst\u00f6d. \u00d6ppna Inst\u00e4llningar &gt; Hj\u00e4lpmedel &gt; \u00c5tkomstst\u00f6d. Efter att ha aktiverat det kan man v\u00e4lja layout f\u00f6r apparna. Antingen lista eller stora ikoner. D\u00e4refter kan man v\u00e4lja vilka appar som ska visas och avst\u00e5 fr\u00e5n on\u00f6diga som bara r\u00f6r till det. Appar som Telefon, Kamera och Meddelanden \u00e4r anpassade och f\u00e5r ocks\u00e5 ett f\u00f6renklat gr\u00e4nssnitt. Slutligen s\u00e4tts en kod f\u00f6r att \u00e4ndra eller avsluta det f\u00f6renklade l\u00e4get, s\u00e5 att det inte inaktiveras av misstag.<\/p>\n<p><a href=\"https:\/\/support.apple.com\/sv-se\/guide\/assistive-access-iphone\/devcd5016d31\/ios\" target=\"_blank\" rel=\"noopener nofollow\">L\u00e4s en mer detaljerad guide hos Apple<\/a><\/p>\n<p><strong>Samsung Galaxy<\/strong><br \/>\n<a href=\"https:\/\/www.europesays.com\/se\/wp-content\/uploads\/2026\/01\/easy-mode-samsung.webp.webp\" data-slb-active=\"1\" data-slb-asset=\"558234552\" data-slb-internal=\"0\" data-slb-group=\"slb\"><img loading=\"lazy\" decoding=\"async\" class=\"size-full wp-image-492704\" src=\"https:\/\/www.europesays.com\/se\/wp-content\/uploads\/2026\/01\/easy-mode-samsung.webp.webp\" alt=\"easy mode samsung\" width=\"541\" height=\"413\" title=\"Enklare mobil eller enklare gr\u00e4nssnitt f\u00f6r \u00e4ldre 2\"\/><\/a>Sk\u00e4rmbild: Samsung<\/p>\n<p>\u00c4ven Samsung-mobiler kan g\u00f6ras enklare att anv\u00e4nda. Under Inst\u00e4llningar &gt; Tillg\u00e4nglighet kan man exempelvis \u00f6ka kontrasten eller byta ut svepningar p\u00e5 sk\u00e4rmen mot tryck. F\u00f6r att aktivera \u201dEnkelt l\u00e4ge\u201d g\u00e5r man in p\u00e5 Inst\u00e4llningar &gt; Sk\u00e4rm &gt; Enkelt l\u00e4ge. Det f\u00f6renklar hemsk\u00e4rmen och ger b\u00e5de st\u00f6rre symboler och text. Sen rekommenderar Samsung att man l\u00e4gger genv\u00e4gar till viktiga appar och kontakter direkt p\u00e5 startsk\u00e4rmen.<\/p>\n<p><a href=\"https:\/\/www.samsung.com\/au\/support\/mobile-devices\/using-easy-mode\/\" target=\"_blank\" rel=\"noopener nofollow\">H\u00e4r hittar du en videoguide p\u00e5 engelska<\/a><\/p>\n<p><strong>Andra Androidmobiler<\/strong><\/p>\n<p>Det finns fullt av tillg\u00e4nglighetsfunktioner i Android. Allt fr\u00e5n st\u00f6rre text till f\u00f6rstoringsglas, till r\u00f6ststyrning och ljudf\u00f6rst\u00e4rkning.<\/p>\n<p><a href=\"https:\/\/support.google.com\/accessibility\/android\/answer\/6006564?hl=sv&amp;sjid=15187914053542450800-EU\" target=\"_blank\" rel=\"noopener nofollow\">H\u00e4r finns Googles guide till dem<\/a><\/p>\n<p><strong>Seniormobiler<\/strong><br \/>\n<a href=\"https:\/\/www.europesays.com\/se\/wp-content\/uploads\/2026\/01\/aurora-a20-bild-face-front.jpg\" data-slb-active=\"1\" data-slb-asset=\"638284955\" data-slb-internal=\"0\" data-slb-group=\"slb\"><img loading=\"lazy\" decoding=\"async\" class=\"size-full wp-image-492705\" src=\"https:\/\/www.europesays.com\/se\/wp-content\/uploads\/2026\/01\/aurora-a20-bild-face-front.jpg\" alt=\"aurora a20 bild face front\" width=\"621\" height=\"1000\" title=\"Enklare mobil eller enklare gr\u00e4nssnitt f\u00f6r \u00e4ldre 3\"  \/><\/a>Foto: Doro<\/p>\n<p>N\u00e4r det inte r\u00e4cker till med att anpassa den vanliga smartmobilen b\u00f6rjar det bli dags f\u00f6r en seniormobil. Ett bra mellanting mellan en dum knapptelefon och en smartmobil med endast peksk\u00e4rm \u00e4r Doro A21. Den har Androids appar och smartfunktioner, men \u00e4ven fysiska knappar.<\/p>\n<p><a href=\"https:\/\/www.doro.com\/sv-se\/shop\/mobile-devices\/smart-phones\/doro-aurora-a20-bc4efefe\/\" target=\"_blank\" rel=\"noopener nofollow\">H\u00e4r kan du l\u00e4sa mer om den<\/a><\/p>\n<p>\u00a0<\/p>\n<p><img decoding=\"async\" style=\"border-radius:50px;width:90px;\" alt=\"Jonas Ekelund\" src=\"https:\/\/www.europesays.com\/se\/wp-content\/uploads\/2025\/08\/jonas_ekelund.png\"\/>    <\/p>\n<p>\nJonas Ekelund<\/p>\n<p>\n(f. 1969): Journalist och nyhetsredakt\u00f6r. Jonas har jobbat f\u00f6r Ljud &amp; Bild sedan 2007 med det mesta som kan kallas b\u00e4rbart. Det vill s\u00e4ga mobiler, tr\u00e5dl\u00f6sa h\u00f6gtalare och h\u00f6rlurar. Ibland klampar testandet in p\u00e5 kollegernas omr\u00e5den multirum-ljud, hemmabio och foto. Han startade sin bana som teknikjournalist p\u00e5 IDG och skrev bland annat f\u00f6r PC f\u00f6r Alla, Internetworld och det som senare blev M3.<\/p>\n","protected":false},"excerpt":{"rendered":"I en tid n\u00e4r det mesta \u00e4r digitalt \u00e4r det sv\u00e5rt att klara sig utan datorer och mobiler.&hellip;\n","protected":false},"author":2,"featured_media":135737,"comment_status":"","ping_status":"","sticky":false,"template":"","format":"standard","meta":{"footnotes":""},"categories":[66],"tags":[80,78,79,34,31,33,32,30,81,84,83,82],"class_list":{"0":"post-135736","1":"post","2":"type-post","3":"status-publish","4":"format-standard","5":"has-post-thumbnail","7":"category-vetenskap-och-teknik","8":"tag-science","9":"tag-science-and-technology","10":"tag-scienceandtechnology","11":"tag-se","12":"tag-svenska","13":"tag-sverige","14":"tag-sweden","15":"tag-swedish","16":"tag-technology","17":"tag-teknik","18":"tag-vetenskap","19":"tag-vetenskapteknik"},"share_on_mastodon":{"url":"https:\/\/pubeurope.com\/@se\/115893865421826389","error":""},"_links":{"self":[{"href":"https:\/\/www.europesays.com\/se\/wp-json\/wp\/v2\/posts\/135736","targetHints":{"allow":["GET"]}}],"collection":[{"href":"https:\/\/www.europesays.com\/se\/wp-json\/wp\/v2\/posts"}],"about":[{"href":"https:\/\/www.europesays.com\/se\/wp-json\/wp\/v2\/types\/post"}],"author":[{"embeddable":true,"href":"https:\/\/www.europesays.com\/se\/wp-json\/wp\/v2\/users\/2"}],"replies":[{"embeddable":true,"href":"https:\/\/www.europesays.com\/se\/wp-json\/wp\/v2\/comments?post=135736"}],"version-history":[{"count":0,"href":"https:\/\/www.europesays.com\/se\/wp-json\/wp\/v2\/posts\/135736\/revisions"}],"wp:featuredmedia":[{"embeddable":true,"href":"https:\/\/www.europesays.com\/se\/wp-json\/wp\/v2\/media\/135737"}],"wp:attachment":[{"href":"https:\/\/www.europesays.com\/se\/wp-json\/wp\/v2\/media?parent=135736"}],"wp:term":[{"taxonomy":"category","embeddable":true,"href":"https:\/\/www.europesays.com\/se\/wp-json\/wp\/v2\/categories?post=135736"},{"taxonomy":"post_tag","embeddable":true,"href":"https:\/\/www.europesays.com\/se\/wp-json\/wp\/v2\/tags?post=135736"}],"curies":[{"name":"wp","href":"https:\/\/api.w.org\/{rel}","templated":true}]}}