{"id":135738,"date":"2026-01-14T14:13:09","date_gmt":"2026-01-14T14:13:09","guid":{"rendered":"https:\/\/www.europesays.com\/se\/135738\/"},"modified":"2026-01-14T14:13:09","modified_gmt":"2026-01-14T14:13:09","slug":"fat-cat-day-vdar-passerar-anstalldas-arslon-redan-i-januari","status":"publish","type":"post","link":"https:\/\/www.europesays.com\/se\/135738\/","title":{"rendered":"Fat Cat Day \u2013 vd:ar passerar anst\u00e4lldas \u00e5rsl\u00f6n redan i januari"},"content":{"rendered":"<p>            <a href=\"https:\/\/tidningensyre.se\/sektion\/radar\/\" class=\"article__breadcrumb-link article__breadcrumb-link--magenta\" rel=\"nofollow noopener\" target=\"_blank\">Radar<\/a><br \/>\n             \u00b7 Inrikes<\/p>\n<p>\n            Publicerad 16 minuter sedan\n        <\/p>\n<p>\n                    \u2013 Det h\u00e4r s\u00e4ger n\u00e5got om hur sned f\u00f6rdelningen har blivit i handeln. Det finns pengar i branschen, men de hamnar allt oftare h\u00f6gst upp. Om handeln ska vara en framtidsbransch m\u00e5ste fler kunna leva p\u00e5 sin l\u00f6n, inte bara de som sitter i bolagsledningarna, s\u00e4ger Linda Palmetzhofer fr\u00e5n Handels. Foto: Roy Asico\/AP\/TT\n            <\/p>\n<p class=\"article__sublead\">Medan en topp-vd i handeln i g\u00e5r hade tj\u00e4nat ihop mer \u00e4n en handelsanst\u00e4lld g\u00f6r p\u00e5 ett helt \u00e5r, hade en vd bland de 50 st\u00f6rsta svenska f\u00f6retagen redan under \u00e5rets f\u00f6rsta dagar dragit in motsvarande ett helt \u00e5rs l\u00f6n f\u00f6r Sveriges vanligaste yrke \u2013 undersk\u00f6terskor \u2013 redan runt den 6 januari.<\/p>\n<p class=\"article__paragraph\">I g\u00e5r den 13 januari hade en topp-vd i handeln tj\u00e4nat mer \u00e4n vad en genomsnittlig butiksanst\u00e4lld g\u00f6r p\u00e5 ett helt \u00e5r, rapporterade <a href=\"https:\/\/via.tt.se\/pressmeddelande\/4207376\/fat-cat-day-i-dag-har-vdar-tjanat-lika-mycket-som-butiksanstallda-gor-pa-ett-ar?publisherId=3236959&amp;lang=sv\" target=\"_blank\" rel=\"noopener nofollow\">Handelsanst\u00e4lldas f\u00f6rbund<\/a>.<\/p>\n<p class=\"article__paragraph\">Det \u00e4r den dag som brukar kallas <strong>Fat Cat Day<\/strong> \u2013 ett s\u00e4tt att konkret visa hur snabbt l\u00f6neskillnaderna v\u00e4xer mellan f\u00f6retagens toppar och de som arbetar p\u00e5 golvet.<\/p>\n<p class=\"article__paragraph\">I handeln i Sverige tj\u00e4nade de 50 b\u00e4st betalda vd:arna i snitt 8,26 miljoner kronor under 2024. Det motsvarar drygt 22 600 kronor om dagen. En genomsnittlig butiksanst\u00e4lld hade samtidigt en faktisk \u00e5rsinkomst p\u00e5 272 900 kronor, ofta pr\u00e4glad av deltider och os\u00e4kra scheman. P\u00e5 knappt tv\u00e5 arbetsveckor har allts\u00e5 direkt\u00f6ren passerat kass\u00f6rens hela \u00e5r.<\/p>\n<p class=\"article__paragraph\">\u2013 Det h\u00e4r visar med all tydlighet hur klyftorna i handeln har dragit iv\u00e4g. Medan vd:ar redan i mitten av januari har tj\u00e4nat lika mycket som butiksanst\u00e4llda g\u00f6r p\u00e5 ett helt \u00e5r, k\u00e4mpar m\u00e5nga butiksanst\u00e4llda med deltider, os\u00e4kra scheman och en ekonomi som knappt g\u00e5r ihop, kommenterade Linda Palmetzhofer, f\u00f6rbundsordf\u00f6rande i Handelsanst\u00e4lldas f\u00f6rbund i ett <a href=\"https:\/\/via.tt.se\/pressmeddelande\/4207376\/fat-cat-day-i-dag-har-vdar-tjanat-lika-mycket-som-butiksanstallda-gor-pa-ett-ar?publisherId=3236959&amp;lang=sv\" target=\"_blank\" rel=\"noopener nofollow\">pressmeddelande<\/a>.<\/p>\n<p class=\"article__paragraph\">Men handeln \u00e4r l\u00e5ngt ifr\u00e5n ensam \u2013 och inte heller v\u00e4rst.<\/p>\n<p><strong>Storbritanniens Fat Cat Day infaller den 6 januari<\/strong><\/p>\n<p class=\"article__paragraph\">\u2022 Redan vid lunchtid tisdagen den 6 januari har de genomsnittliga vd:arna i Storbritanniens st\u00f6rsta b\u00f6rsbolag tj\u00e4nat mer \u00e4n vad en genomsnittlig heltidsanst\u00e4lld arbetstagare g\u00f6r p\u00e5 ett helt \u00e5r. Det visar nya ber\u00e4kningar fr\u00e5n den brittiska tankesmedjan High Pay Centre.<\/p>\n<p class=\"article__paragraph\">\u2022 <strong>Fat Cat Day<\/strong> anv\u00e4nds fr\u00e4mst av fackf\u00f6reningar och oberoende tankesmedjor i engelskspr\u00e5kiga l\u00e4nder f\u00f6r att uppm\u00e4rksamma l\u00f6neklyftor mellan vd:ar och vanliga anst\u00e4llda, precis som Handels i Sverige g\u00f6r f\u00f6r handelsbranschen.\u00a0 Konceptet \u00e4r s\u00e4rskilt vanligt i Storbritannien, d\u00e4r det ofta kallas Fat Cat Day eller Fat Cat Friday\/Monday.<\/p>\n<p><a href=\"https:\/\/highpaycentre.org\/fat-cat-day-2026\/\" data-type=\"link\" data-id=\"https:\/\/highpaycentre.org\/fat-cat-day-2026\/\" target=\"_blank\" rel=\"noopener nofollow\">High Pay Centre.<\/a><\/p>\n<p><strong>\u00c4nnu snabbare i storbolagen<\/strong><\/p>\n<p class=\"article__paragraph\">Ser man till Sveriges st\u00f6rsta bolag g\u00e5r det betydligt fortare. En genomg\u00e5ng som <a href=\"https:\/\/www.lo.se\/pressmeddelanden\/kraftiga-inkomstokningar-for-topp-vdar\" data-type=\"link\" data-id=\"https:\/\/www.lo.se\/pressmeddelanden\/kraftiga-inkomstokningar-for-topp-vdar\" target=\"_blank\" rel=\"noopener nofollow\">LO<\/a> gjorde f\u00f6r \u00e5r 2023 visar att vd:arna i 50 stora f\u00f6retag hade inkomster motsvarande 71 industriarbetarl\u00f6ner. I praktiken betyder det att en s\u00e5dan vd tj\u00e4nar in en industriarbetares \u00e5rsl\u00f6n p\u00e5 strax \u00f6ver fem dagar.<\/p>\n<blockquote class=\"article__quote\"><p>Data shows that it has taken the average FTSE 100 CEO* just over two days to earn the median UK worker\u2019s full time annual salary. <a href=\"https:\/\/highpaycentre.org\/fat-cat-day-2026\/\" data-type=\"link\" data-id=\"https:\/\/highpaycentre.org\/fat-cat-day-2026\/\" target=\"_blank\" rel=\"noopener nofollow\">High Pay Centre.<\/a> * de 100 st\u00f6rsta bolagen noterade p\u00e5 London Stock Exchange (LSE), m\u00e4tt efter marknadsv\u00e4rde.<\/p><\/blockquote>\n","protected":false},"excerpt":{"rendered":"Radar \u00b7 Inrikes Publicerad 16 minuter sedan \u2013 Det h\u00e4r s\u00e4ger n\u00e5got om hur sned f\u00f6rdelningen har blivit&hellip;\n","protected":false},"author":2,"featured_media":135739,"comment_status":"","ping_status":"","sticky":false,"template":"","format":"standard","meta":{"footnotes":""},"categories":[65],"tags":[72,70,71,34,31,33,32,30],"class_list":{"0":"post-135738","1":"post","2":"type-post","3":"status-publish","4":"format-standard","5":"has-post-thumbnail","7":"category-ekonomi","8":"tag-business","9":"tag-economy","10":"tag-ekonomi","11":"tag-se","12":"tag-svenska","13":"tag-sverige","14":"tag-sweden","15":"tag-swedish"},"share_on_mastodon":{"url":"https:\/\/pubeurope.com\/@se\/115893869207863513","error":""},"_links":{"self":[{"href":"https:\/\/www.europesays.com\/se\/wp-json\/wp\/v2\/posts\/135738","targetHints":{"allow":["GET"]}}],"collection":[{"href":"https:\/\/www.europesays.com\/se\/wp-json\/wp\/v2\/posts"}],"about":[{"href":"https:\/\/www.europesays.com\/se\/wp-json\/wp\/v2\/types\/post"}],"author":[{"embeddable":true,"href":"https:\/\/www.europesays.com\/se\/wp-json\/wp\/v2\/users\/2"}],"replies":[{"embeddable":true,"href":"https:\/\/www.europesays.com\/se\/wp-json\/wp\/v2\/comments?post=135738"}],"version-history":[{"count":0,"href":"https:\/\/www.europesays.com\/se\/wp-json\/wp\/v2\/posts\/135738\/revisions"}],"wp:featuredmedia":[{"embeddable":true,"href":"https:\/\/www.europesays.com\/se\/wp-json\/wp\/v2\/media\/135739"}],"wp:attachment":[{"href":"https:\/\/www.europesays.com\/se\/wp-json\/wp\/v2\/media?parent=135738"}],"wp:term":[{"taxonomy":"category","embeddable":true,"href":"https:\/\/www.europesays.com\/se\/wp-json\/wp\/v2\/categories?post=135738"},{"taxonomy":"post_tag","embeddable":true,"href":"https:\/\/www.europesays.com\/se\/wp-json\/wp\/v2\/tags?post=135738"}],"curies":[{"name":"wp","href":"https:\/\/api.w.org\/{rel}","templated":true}]}}