{"id":135742,"date":"2026-01-14T14:15:11","date_gmt":"2026-01-14T14:15:11","guid":{"rendered":"https:\/\/www.europesays.com\/se\/135742\/"},"modified":"2026-01-14T14:15:11","modified_gmt":"2026-01-14T14:15:11","slug":"beredskap-om-kriget-eller-krisen-kommer-tidningen-proffs","status":"publish","type":"post","link":"https:\/\/www.europesays.com\/se\/135742\/","title":{"rendered":"Beredskap om kriget eller krisen kommer &#8211; Tidningen PROFFS"},"content":{"rendered":"<p>&#13;<br \/>\n\t\t\t\t\t<strong>\u201dVi har alla en roll att fylla i totalf\u00f6rsvaret och det \u00e4r viktigt att v\u00e5ra medlemsf\u00f6retag f\u00e5r ta del av informationen\u201d, s\u00e4ger Transportf\u00f6retagens vd Jonas Hagelqvist. Nu g\u00e5r broschyren Beredskap f\u00f6r f\u00f6retag \u2013 om krisen eller kriget kommer, att ladda ner.<\/strong>&#13;\n\t\t\t\t<\/p>\n<p>\t\t\t\t\t\t\t\t<a data-no-instant=\"1\" href=\"https:\/\/order.flowy.se\/vagpress\/proffs\" rel=\"noopener nofollow\" class=\"a2t-link\" target=\"_blank\" aria-label=\"Proffs_Pren_231\"><img loading=\"lazy\" alt=\"\" width=\"498\" height=\"223\" style=\" max-width: 100%; height: auto;\" src=\"https:\/\/www.europesays.com\/se\/wp-content\/uploads\/2026\/01\/Proffs_Pren_231.jpg\" decoding=\"async\"  data- class=\"lazyload\" data-eio-rwidth=\"498\" data-eio-rheight=\"223\"\/><\/a><\/p>\n<p>P\u00e5 uppdrag av regeringen har broschyren Beredskap f\u00f6r f\u00f6retag \u2013 om krisen eller kriget kommer tagits fram. Syftet \u00e4r att \u00f6ka n\u00e4ringslivets motst\u00e5ndskraft vid kris, krigsfara eller krig och d\u00e4rmed st\u00e4rka Sveriges totalf\u00f6rsvar. Nu g\u00e5r broschyren att <a href=\"https:\/\/www.mcf.se\/sv\/publikationer\/beredskap-for-foretag--om-krisen-eller-kriget-kommer\/\" target=\"_blank\" rel=\"noopener nofollow\">ladda ner<\/a>.<\/p>\n<p><strong>Alla har en roll <\/strong>att fylla i totalf\u00f6rsvaret och Jonas Hagelqvist, vd Transportf\u00f6retagen, s\u00e4ger att det \u00e4r viktigt att deras medlemsf\u00f6retag f\u00e5r ta del av informationen.<br \/>\u2013 S\u00e4rskilt d\u00e5 den bara skickas ut till f\u00f6retag med minst fem anst\u00e4llda. Transporter \u00e4r avg\u00f6rande i krig och kris och vi kommer forts\u00e4tta uppdatera v\u00e5ra medlemmar i dessa fr\u00e5gor, s\u00e4ger Jonas Hagelqvist, vd f\u00f6r Transportf\u00f6retagen.<\/p>\n<p><strong>Utskicken av<\/strong> broschyren p\u00e5b\u00f6rjas den 14 januari. Informationen riktar sig till f\u00f6retag i alla branscher och inneh\u00e5ller konkreta \u00e5tg\u00e4rdsf\u00f6rslag f\u00f6r hur f\u00f6retagen kan st\u00e4rka sin egen och samh\u00e4llets beredskap. Lanseringen presenterades under Folk och F\u00f6rsvars rikskonferens i S\u00e4len p\u00e5 tisdagen.<\/p>\n<p><strong>Sveriges totalf\u00f6rsvar<\/strong> bygger p\u00e5 att hela samh\u00e4llet bidrar, inte minst n\u00e4ringslivet. F\u00f6r transportsektorn, som \u00e4r avg\u00f6rande f\u00f6r att samh\u00e4llet ska fungera, inneb\u00e4r det i f\u00f6rsta hand att kunna forts\u00e4tta leverera \u00e4ven vid kris eller krig.<br \/>\u2013 Totalf\u00f6rsvaret ang\u00e5r alla, s\u00e4ger Jonas Hagelqvist och till\u00e4gger att det inte betyder att alla f\u00f6retag f\u00e5r samma ansvar.<\/p>\n<p><strong>F\u00f6r de flesta handlar beredskap om att:<\/strong><br \/><strong>\u2022<\/strong> Planera f\u00f6r st\u00f6rningar i leveranskedjor och personal,<br \/><strong>\u2022<\/strong> S\u00e4kra drift och ledning vid kris,<br \/><strong>\u2022<\/strong> Skydda digitala system, och<br \/><strong>\u2022<\/strong> Kunna prioritera och fatta beslut under os\u00e4kerhet.<\/p>\n<p><strong>Formella krav<\/strong> uppst\u00e5r bara n\u00e4r de regleras genom lag, avtal eller myndighetsbeslut.<br \/>\u2013 M\u00e5nga f\u00f6retag har i nul\u00e4get inga s\u00e4rskilda krav, men robusthet \u00e4r \u00e4nd\u00e5 avg\u00f6rande f\u00f6r att kunna forts\u00e4tta verksamheten och beh\u00e5lla kundernas f\u00f6rtroende, s\u00e4ger Jonas Hagelqvist.<\/p>\n<p><strong>Cybers\u00e4kerhetslagen<\/strong> (NIS2) kan g\u00e4lla vissa transportf\u00f6retag beroende p\u00e5 storlek och inriktning. Kontrollera om det g\u00e4ller just ditt f\u00f6retag. F\u00f6r att f\u00e5 er information och inbjudan till en informationstr\u00e4ff den 15 januari,<a href=\"https:\/\/www.transportforetagen.se\/nyhetslista\/2024\/september\/nis2-och-cybersakerhetslagen\/\" target=\"_blank\" rel=\"noopener nofollow\"> klicka h\u00e4r<\/a>.<\/p>\n<p><strong>Transportf\u00f6retagen<\/strong> erbjuder st\u00f6d, v\u00e4gledning och praktiska verktyg, som exempelvis deras beredskapsspel, f\u00f6r att hj\u00e4lpa medlemsf\u00f6retag st\u00e4rka sin motst\u00e5ndskraft.<\/p>\n<p><strong>Myndigheten f\u00f6r<\/strong> civilt f\u00f6rsvar (MCF) har publicerat ett informationspaket samt vanliga fr\u00e5gor och svar som du n\u00e5r via <a href=\"https:\/\/www.mcf.se\/beredskapforforetag\/\" target=\"_blank\" rel=\"noopener nofollow\">denna l\u00e4nk<\/a>.<\/p>\n<p><strong>Transportf\u00f6retagen<\/strong> informerar \u00e4ven om att det fr\u00e5n den 12 januari \u00e4ven finns en s\u00e4rskild svarstj\u00e4nst tillg\u00e4nglig f\u00f6r f\u00f6retag via mejl: beredskapforforetag@mcf.se.<\/p>\n","protected":false},"excerpt":{"rendered":"&#13; \u201dVi har alla en roll att fylla i totalf\u00f6rsvaret och det \u00e4r viktigt att v\u00e5ra medlemsf\u00f6retag f\u00e5r&hellip;\n","protected":false},"author":2,"featured_media":135743,"comment_status":"","ping_status":"","sticky":false,"template":"","format":"standard","meta":{"footnotes":""},"categories":[12],"tags":[22,23,26,27,17,21,24,25,28,29,15,16,18,34,31,33,32,30,19,20],"class_list":{"0":"post-135742","1":"post","2":"type-post","3":"status-publish","4":"format-standard","5":"has-post-thumbnail","7":"category-sverige","8":"tag-breaking-news","9":"tag-breakingnews","10":"tag-featured-news","11":"tag-featurednews","12":"tag-headlines","13":"tag-huvudnyheter","14":"tag-latest-news","15":"tag-latestnews","16":"tag-main-news","17":"tag-mainnews","18":"tag-news","19":"tag-nyheter","20":"tag-rubriker","21":"tag-se","22":"tag-svenska","23":"tag-sverige","24":"tag-sweden","25":"tag-swedish","26":"tag-top-stories","27":"tag-topstories"},"share_on_mastodon":{"url":"https:\/\/pubeurope.com\/@se\/115893877073101312","error":""},"_links":{"self":[{"href":"https:\/\/www.europesays.com\/se\/wp-json\/wp\/v2\/posts\/135742","targetHints":{"allow":["GET"]}}],"collection":[{"href":"https:\/\/www.europesays.com\/se\/wp-json\/wp\/v2\/posts"}],"about":[{"href":"https:\/\/www.europesays.com\/se\/wp-json\/wp\/v2\/types\/post"}],"author":[{"embeddable":true,"href":"https:\/\/www.europesays.com\/se\/wp-json\/wp\/v2\/users\/2"}],"replies":[{"embeddable":true,"href":"https:\/\/www.europesays.com\/se\/wp-json\/wp\/v2\/comments?post=135742"}],"version-history":[{"count":0,"href":"https:\/\/www.europesays.com\/se\/wp-json\/wp\/v2\/posts\/135742\/revisions"}],"wp:featuredmedia":[{"embeddable":true,"href":"https:\/\/www.europesays.com\/se\/wp-json\/wp\/v2\/media\/135743"}],"wp:attachment":[{"href":"https:\/\/www.europesays.com\/se\/wp-json\/wp\/v2\/media?parent=135742"}],"wp:term":[{"taxonomy":"category","embeddable":true,"href":"https:\/\/www.europesays.com\/se\/wp-json\/wp\/v2\/categories?post=135742"},{"taxonomy":"post_tag","embeddable":true,"href":"https:\/\/www.europesays.com\/se\/wp-json\/wp\/v2\/tags?post=135742"}],"curies":[{"name":"wp","href":"https:\/\/api.w.org\/{rel}","templated":true}]}}