{"id":135744,"date":"2026-01-14T14:16:07","date_gmt":"2026-01-14T14:16:07","guid":{"rendered":"https:\/\/www.europesays.com\/se\/135744\/"},"modified":"2026-01-14T14:16:07","modified_gmt":"2026-01-14T14:16:07","slug":"sa-ska-lanet-utvecklas-framat-med-utblick-mot-2040","status":"publish","type":"post","link":"https:\/\/www.europesays.com\/se\/135744\/","title":{"rendered":"S\u00e5 ska l\u00e4net utvecklas fram\u00e5t \u2013 med utblick mot 2040"},"content":{"rendered":"<p>RUS \u00e4r en \u00f6vergripande strategi som stakar ut kursen f\u00f6r Kalmar l\u00e4ns h\u00e5llbara utveckling. Nuvarande RUS beslutades h\u00f6sten 2022 och ska enligt en statlig f\u00f6rordning uppdateras och aktualiseras en g\u00e5ng per mandatperiod.<\/p>\n<p>Revideringen bygger p\u00e5 att den \u00f6vergripande m\u00e5lbilden \u201dKlimat att v\u00e4xa i\u201d ligger fast, men nu med en utblick mot 2040. Strategin har fortsatt en tydlig koppling till Agenda 2030 med s\u00e4rskilt fokus p\u00e5 social h\u00e5llbarhet, minskad oj\u00e4mlikhet och minskade skillnader inom l\u00e4net.<\/p>\n<p>Ett rumsligt perspektiv har lagts till, och strategin har f\u00e5tt en tydligare struktur med kapitel om nul\u00e4ge, styrkor, utmaningar samt genomf\u00f6rande och l\u00e4rande.<\/p>\n<p>Strategin har varit ute p\u00e5 remiss. Totalt har 36 yttranden sammanst\u00e4llts, bed\u00f6mts och v\u00e4gts in i en samr\u00e5dsredog\u00f6relse. Efter det har ett antal f\u00f6r\u00e4ndringar gjorts. Bland annat en \u00f6kad geografisk balans genom skrivningar om den norra delen av l\u00e4net. Dessutom har bilden p\u00e5 demografiska f\u00f6r\u00e4ndringar och minskad befolkning aktualiserats.<\/p>\n<p>Tre kraftsamlingsomr\u00e5den pekas ut i RUS:<\/p>\n<ul>\n<li>Goda och j\u00e4mlika livsvillkor \u2013 h\u00e4lsa, delaktighet och kultur.<\/li>\n<li>H\u00e5llbara och attraktiva livsmilj\u00f6er \u2013 milj\u00f6, tillg\u00e4nglighet och livsmilj\u00f6er.<\/li>\n<li>Konkurrenskraft och innovativt n\u00e4ringsliv \u2013 omst\u00e4llning, kompetens och internationalisering.<\/li>\n<\/ul>\n<p>F\u00f6rslaget g\u00e5r nu vidare till regionstyrelsen f\u00f6r att slutligen beslutas i regionfullm\u00e4ktige.<\/p>\n<p>Gr\u00f6nt ljus f\u00f6r regional transportplan<\/p>\n<p>N\u00e4mnden ger gr\u00f6nt ljus f\u00f6r den regionala transportplanen f\u00f6r perioden 2026-2037. Planen har varit ute p\u00e5 remiss och bland annat har l\u00e4nets samtliga kommuner svarat. Flertalet har l\u00e4mnat inspel om ytterligare utredningsbehov eller investeringar. Inga synpunkter har d\u00e4remot framf\u00f6rts p\u00e5 f\u00f6reslagen objektlista och inga f\u00f6r\u00e4ndringar har gjorts.<\/p>\n<p>Det st\u00f6rsta investeringsobjektet, i f\u00f6rslaget, \u00e4r RV 37\/47 mellan Oskarshamn-Bockara som planeras f\u00f6r m\u00f6tesseparering. Investeringen ska \u00f6ka trafiks\u00e4kerheten och bidra till \u00f6kad tillg\u00e4nglighet och robusthet. Arbetena planeras att delas upp i tv\u00e5 etapper, \u00c5rhult-Bockara och Bockara-Oskarshamn.<\/p>\n<p>Ut\u00f6ver detta planeras att genomf\u00f6ra \u00e5terst\u00e5ende \u00e5tg\u00e4rder p\u00e5 l\u00e4nsv\u00e4g 136 p\u00e5 \u00d6land, mellan Isg\u00e4rde-R\u00e4lla och Ekerum-Borgehage. Planen innefattar \u00e4ven investeringar i ett antal cykelv\u00e4gar och satsningar f\u00f6r f\u00f6rb\u00e4ttrad kollektivtrafik.<\/p>\n<p>I den regionala planen prioriteras \u00e5tg\u00e4rder som st\u00e4rker l\u00e4nets utveckling och tillv\u00e4xt. Det handlar om att skapa b\u00e4ttre f\u00f6ruts\u00e4ttningar f\u00f6r st\u00f6rre och mer h\u00e5llbara arbetsmarknadsregioner.<\/p>\n<p>Den regionala transportplanen ska ocks\u00e5 upp i regionfullm\u00e4ktige. I avvaktan p\u00e5 det beslutet delges Regeringskansliet beslutet fr\u00e5n regionala utvecklingsn\u00e4mnden. Detta g\u00f6rs f\u00f6r att en reviderad version av nationell transportplan v\u00e4ntas komma inom kort och kan f\u00e5 p\u00e5verkan p\u00e5 Kalmar l\u00e4ns transportplanering.<\/p>\n<p>4,6 miljoner kronor till tre projekt<\/p>\n<p>Tre projekt beviljades sammanlagt drygt 4,6 miljoner kronor ur s\u00e5 kallade 1:1-medel samt medel f\u00f6r s\u00e4rskilda satsningar vid n\u00e4mndens sammantr\u00e4de.<\/p>\n<ul>\n<li>Additivt Teknikcenter i Hultsfred f\u00e5r knappt tv\u00e5 miljoner kronor. Projektet ska ta fram en l\u00e5ngsiktigt h\u00e5llbar modell f\u00f6r hur kommuner och region kan samarbeta kring omst\u00e4llning och kompetensutveckling inom teknikomr\u00e5det i Kalmar l\u00e4n. M\u00e5let \u00e4r att fler elever ska m\u00f6ta teknik, att l\u00e4rare ska st\u00e4rka sin kompetens och att samverkan mellan skola och industri ska f\u00f6rdjupas.<\/li>\n<li>Regionala utvecklingsn\u00e4mnden s\u00e4ger ocks\u00e5 ja till R\u00e4dda barnen region syds projekt Barns r\u00e4tt att m\u00e5 bra. I projektet, som tilldelas n\u00e4stan tv\u00e5 miljoner, vill man \u00f6ka<br \/>tillg\u00e5ngen till sociala aktiviteter utanf\u00f6r skoltid f\u00f6r barn som bor utanf\u00f6r Kalmar l\u00e4ns centralorter. Genom samverkan med kommuner och f\u00f6reningsliv skapas en struktur f\u00f6r att tillg\u00e4ngligg\u00f6ra eller komplettera befintliga verksamheter till barn i l\u00e4nets landsbygder.<\/li>\n<li>Inom ramen f\u00f6r utlysningen till s\u00e4rskilda satsningar 2025 \u2013 Meningsfull fritid i v\u00e5ra landsbygder, beviljas R\u00e4dda Barnen Region Syd strax under 2 miljoner kronor till projektet \u201dBarns r\u00e4tt att m\u00e5 bra\u201d. Projektet p\u00e5g\u00e5r under perioden 1 januari 2026 till 31 december 2027 med syfte att en \u00f6kad andel barn fr\u00e5n landsbygdsorter tar del av meningsfulla fritidsaktiviteter, samt att kommuner och f\u00f6reningsliv f\u00e5r \u00f6kad f\u00f6rst\u00e5else f\u00f6r hur de kan f\u00f6rb\u00e4ttra f\u00f6ruts\u00e4ttningarna f\u00f6r att barn ska kunna ha en aktiv fritid.<\/li>\n<\/ul>\n<p>Regionen yttrar sig \u00f6ver handlingsplan f\u00f6r elektrifiering<\/p>\n<p>L\u00e4nsstyrelsen Kalmar l\u00e4n har f\u00e5tt ett statligt uppdrag att ta fram en regional handlingsplan f\u00f6r elektrifiering. Den ska bland annat syfta till att m\u00f6jligg\u00f6ra \u00f6kad elektrifiering i l\u00e4net. Region Kalmar l\u00e4n har f\u00e5tt m\u00f6jlighet att yttra sig \u00f6ver handlingsplanen och d\u00e4r konstaterar regionen bland annat:<\/p>\n<ul>\n<li>Regionen vill forts\u00e4tta samarbetet kring utbyggnad av laddinfrastruktur f\u00f6r elfordon.<\/li>\n<li>Biogasturbiner bed\u00f6ms vara ett intressant alternativ f\u00f6r b\u00e5de elproduktion och \u00f6kad f\u00f6rs\u00f6rjningstrygghet. Regionen \u00e4r d\u00e4rf\u00f6r positiv till att medfinansiera en f\u00f6rstudie inom detta omr\u00e5de.<\/li>\n<li>Planeringsunderlag f\u00f6r \u00f6kad elproduktion b\u00f6r inte bara omfatta produktion, utan \u00e4ven m\u00f6jligheter till energilagring samt samlokalisering av verksamheter som producerar och anv\u00e4nder el.<\/li>\n<li>Handlingsplanen b\u00f6r kompletteras med en insats som syftar till att f\u00f6renkla och p\u00e5skynda mark-, plan- och tillst\u00e5ndsprocesser.<\/li>\n<li>Robusthet och drifts\u00e4kerhet ska vara en sj\u00e4lvklar del i alla beslut som r\u00f6r l\u00e4nets elf\u00f6rs\u00f6rjning.<\/li>\n<\/ul>\n<p>Satsning p\u00e5 riktade insatser i socioekonomiskt utsatta omr\u00e5den<\/p>\n<p>Regionala utvecklingsn\u00e4mnden godk\u00e4nde verksamhetsplanen f\u00f6r 2026.<\/p>\n<p>I verksamhetsplanen finns bland annat en punkt som handlar om att utveckla arbetss\u00e4tt f\u00f6r riktade insatser tillsammans med andra samh\u00e4llsakt\u00f6rer i geografiskt och socioekonomiskt utsatta omr\u00e5den. S\u00e4rskilda insatser ska genomf\u00f6ras f\u00f6r grupper som i l\u00e4gre grad s\u00f6ker v\u00e5rd eller av olika sk\u00e4l, till exempel socioekonomi, minoritetsspr\u00e5k eller funktionsneds\u00e4ttning &#8211; har en s\u00e4mre tillg\u00e4nglighet till en n\u00e4ra v\u00e5rd. M\u00e5let p\u00e5 sikt \u00e4r f\u00f6rb\u00e4ttrade livsvillkor och \u00f6kad sj\u00e4lvskattad h\u00e4lsa.<\/p>\n<p>En annan punkt handlar om att folkh\u00f6gskolorna inte bara ska vara en plats f\u00f6r utbildning utan ocks\u00e5 utveckla dem till en m\u00f6tesplats. Med folkh\u00f6gskolorna i centrum ska samverkan initieras med n\u00e4rliggande folkbibliotek, kulturakt\u00f6rer, f\u00f6reningar samt relevanta verksamheter inom kommun och region. M\u00e5ls\u00e4ttningen \u00e4r att utveckla sociala m\u00f6tesplatser.<\/p>\n<p>60 miljoner till f\u00f6retags- och projektst\u00f6d<\/p>\n<p>Regionala utvecklingsn\u00e4mnden tog beslut om f\u00f6rdelning av regionala utvecklingsmedel och 1:1-medel f\u00f6r 2026.<\/p>\n<p>Region Kalmar l\u00e4n avs\u00e4tter 20 miljoner kronor f\u00f6r f\u00f6retagsst\u00f6d och 40 miljoner kronor till projektbidrag, inklusive EU-medfinansiering.\u00a0<\/p>\n<p>S\u00e5 ska Brysselkontoret prioritera under 2026<\/p>\n<p>Under 2026 ska Brysselkontoret, p\u00e5 Region Kalmar l\u00e4ns och Linn\u00e9universitetets v\u00e4gnar, fokusera p\u00e5 den gr\u00f6na omst\u00e4llningen, e-h\u00e4lsa, n\u00e4ra v\u00e5rd, den digitala omst\u00e4llningen samt sammanh\u00e5llningspolitiken. Inom den gr\u00f6na omst\u00e4llningen ryms klimat och energi, vattenf\u00f6rs\u00f6rjning och vattenteknik, plus gr\u00f6na n\u00e4ringar. Det klarg\u00f6rs i Brysselkontorets, (SBHSS), verksamhetsplan f\u00f6r 2026.<\/p>\n<p>Brysselkontoret finansieras av Region Kalmar l\u00e4n samt fyra andra regioner i Sydsverige och Linn\u00e9universitetet. Varje \u00e5r tas en ny budget och verksamhetsplan fram som visar vilka EU-fr\u00e5gor \u00e4garna vill prioritera. Medlemsavgiften f\u00f6rdelas proportionellt mellan regionerna utifr\u00e5n storlek p\u00e5 befolkning. Totalt ligger budgeten p\u00e5 drygt 5,2 miljoner kronor.\u00a0<\/p>\n<p>Mer information<\/p>\n","protected":false},"excerpt":{"rendered":"RUS \u00e4r en \u00f6vergripande strategi som stakar ut kursen f\u00f6r Kalmar l\u00e4ns h\u00e5llbara utveckling. Nuvarande RUS beslutades h\u00f6sten&hellip;\n","protected":false},"author":2,"featured_media":135745,"comment_status":"","ping_status":"","sticky":false,"template":"","format":"standard","meta":{"footnotes":""},"categories":[5],"tags":[22,23,26,27,17,21,24,25,28,29,15,16,18,34,31,33,32,30,19,20],"class_list":{"0":"post-135744","1":"post","2":"type-post","3":"status-publish","4":"format-standard","5":"has-post-thumbnail","7":"category-rubriker","8":"tag-breaking-news","9":"tag-breakingnews","10":"tag-featured-news","11":"tag-featurednews","12":"tag-headlines","13":"tag-huvudnyheter","14":"tag-latest-news","15":"tag-latestnews","16":"tag-main-news","17":"tag-mainnews","18":"tag-news","19":"tag-nyheter","20":"tag-rubriker","21":"tag-se","22":"tag-svenska","23":"tag-sverige","24":"tag-sweden","25":"tag-swedish","26":"tag-top-stories","27":"tag-topstories"},"share_on_mastodon":{"url":"https:\/\/pubeurope.com\/@se\/115893880954349257","error":""},"_links":{"self":[{"href":"https:\/\/www.europesays.com\/se\/wp-json\/wp\/v2\/posts\/135744","targetHints":{"allow":["GET"]}}],"collection":[{"href":"https:\/\/www.europesays.com\/se\/wp-json\/wp\/v2\/posts"}],"about":[{"href":"https:\/\/www.europesays.com\/se\/wp-json\/wp\/v2\/types\/post"}],"author":[{"embeddable":true,"href":"https:\/\/www.europesays.com\/se\/wp-json\/wp\/v2\/users\/2"}],"replies":[{"embeddable":true,"href":"https:\/\/www.europesays.com\/se\/wp-json\/wp\/v2\/comments?post=135744"}],"version-history":[{"count":0,"href":"https:\/\/www.europesays.com\/se\/wp-json\/wp\/v2\/posts\/135744\/revisions"}],"wp:featuredmedia":[{"embeddable":true,"href":"https:\/\/www.europesays.com\/se\/wp-json\/wp\/v2\/media\/135745"}],"wp:attachment":[{"href":"https:\/\/www.europesays.com\/se\/wp-json\/wp\/v2\/media?parent=135744"}],"wp:term":[{"taxonomy":"category","embeddable":true,"href":"https:\/\/www.europesays.com\/se\/wp-json\/wp\/v2\/categories?post=135744"},{"taxonomy":"post_tag","embeddable":true,"href":"https:\/\/www.europesays.com\/se\/wp-json\/wp\/v2\/tags?post=135744"}],"curies":[{"name":"wp","href":"https:\/\/api.w.org\/{rel}","templated":true}]}}