{"id":135746,"date":"2026-01-14T14:18:09","date_gmt":"2026-01-14T14:18:09","guid":{"rendered":"https:\/\/www.europesays.com\/se\/135746\/"},"modified":"2026-01-14T14:18:09","modified_gmt":"2026-01-14T14:18:09","slug":"tomaseks-hyllning-till-abbotts-nya-spelsystem-i-fbk-det-kommer-hjalpa-manga-av-oss-vf","status":"publish","type":"post","link":"https:\/\/www.europesays.com\/se\/135746\/","title":{"rendered":"Tom\u00e1seks hyllning till Abbotts nya spelsystem i FBK: \u201dDet kommer hj\u00e4lpa m\u00e5nga av oss\u201d &#8211; VF"},"content":{"rendered":"<ol>\n<li><a href=\"https:\/\/news.google.com\/rss\/articles\/CBMiqgFBVV95cUxQMm5YeTVULVRnVjc0VUx3dTluaGJvQzBid0V3ZHJuQmI1N0tqSlk4QTFrNThmU1l5NjhNWGQ0and6a080YmtpdnBOeHRtZEY2X2pkLTg1R3ZQNk92N1V6TjNack91bWtRaG5xU016cTY3NkVncGR2a2NsSWgzQy1DajNPeGhXYUNuc3kxMWF1WkEtY19Pa2RXTk8tWXVFSExWZWFFSkVnXzdRQQ?oc=5\" target=\"_blank\" rel=\"nofollow noopener\">Tom\u00e1seks hyllning till Abbotts nya spelsystem i FBK: \u201dDet kommer hj\u00e4lpa m\u00e5nga av oss\u201d<\/a>&nbsp;&nbsp;VF<\/li>\n<li><a href=\"https:\/\/news.google.com\/rss\/articles\/CBMivAFBVV95cUxQQUdoT0p2RzVSYVFMVVc2ZFhRbEhHbWtGWXVxeGZlMU5wZmxlUVdMQXRfbTNqOXRpb3p6TmNhZ0UyZWVuWW9rS0JMcFZRTUNpajJRckJzUXo2eXJlUUZXTzczZWtmRnQtbEtmYW1QMkt1TnFxSnF6ck5jNXFma3BVYmo2MVM3Q2xBUk4wSUpZUEszTEd0aFY5dURCZWpSTDdEc1p6SUQzc0JURnc4TGhzRVFEN29pWmVJakZ0Xw?oc=5\" target=\"_blank\" rel=\"nofollow noopener\">SHL-panelen: S\u00e5 h\u00e4r kommer det att g\u00e5 f\u00f6r F\u00e4rjestad under Abbott<\/a>&nbsp;&nbsp;Aftonbladet<\/li>\n<li><a href=\"https:\/\/news.google.com\/rss\/articles\/CBMikwFBVV95cUxQRE5PaWk3TTRMbEN4ajgtUEozbjBleFB4X1FzZ25pWFpseWZ4czNKajcyRVFsdTFOUXY3R1MtYWFPZGkyVmp4cmRtQV83eXVpLW5CTmFOMHdkeF9WTFN2cjJ4NDMwVWhxT2x3dk5XSzFfZmVKdk5IZEZkTEUtQXFzNmVvaUw1ZXlWdURJOFZaaGtteVk?oc=5\" target=\"_blank\" rel=\"nofollow noopener\">K\u00e4nslosam \u00e5terkomst v\u00e4ntar Abbott: \u201dBeh\u00f6ver du verkligen fr\u00e5ga det?\u201d<\/a>&nbsp;&nbsp;HD<\/li>\n<li><a href=\"https:\/\/news.google.com\/rss\/articles\/CBMiuAFBVV95cUxPX1BXa1JxbmpNaFNmY0tEbVEwdktUVGZ3dUhRSE02cFFocW9RUDAwSG9DbWFwdXZkZmlpaTlwVnJUTXdqNElUZE5oQzlJUER6UTBaM19xNUh1ZDYtRnpBaE5YZ0JmN21yQ3BJNWE5ZndobFFUS0YtVlR1eERpOWpEX0dSaUJyUEJpQ3laWTUtckdNb0tyTWw4YnFLd3ctTjlvalB1RUdVRHZXVjlIajVma1Z4MkU5Qmg4?oc=5\" target=\"_blank\" rel=\"nofollow noopener\">Abbotts tydliga budskap: \u201dKommer absolut vara skillnad p\u00e5 killarna p\u00e5 isen imorgon\u201d<\/a>&nbsp;&nbsp;NWT<\/li>\n<li><a href=\"https:\/\/news.google.com\/rss\/articles\/CBMijwFBVV95cUxOb3VYSmw4ZUVoOXpyYjJJaGROQU10bW9KYll0MWduNVJ0Y3E3eWRmd1hiR2hOOGtuSHRkTXB3bENabDVXNzBZT2syWDJfSzN5bGtSOHJkcFRybktXT1FpbWJQUTllejd4cTlUWVZmbVlGTlNfZ2FXV1JacHBkODJoTzRtYzNERERIOVdkQ2c0Yw?oc=5\" target=\"_blank\" rel=\"nofollow noopener\">Hockeystormen i Karlstad: \u201dDen vardagen man lever i\u201d<\/a>&nbsp;&nbsp;Sveriges Radio<\/li>\n<\/ol>\n","protected":false},"excerpt":{"rendered":"Tom\u00e1seks hyllning till Abbotts nya spelsystem i FBK: \u201dDet kommer hj\u00e4lpa m\u00e5nga av oss\u201d&nbsp;&nbsp;VF SHL-panelen: S\u00e5 h\u00e4r kommer&hellip;\n","protected":false},"author":2,"featured_media":135747,"comment_status":"","ping_status":"","sticky":false,"template":"","format":"standard","meta":{"footnotes":""},"categories":[68],"tags":[34,111,110,31,33,32,30],"class_list":{"0":"post-135746","1":"post","2":"type-post","3":"status-publish","4":"format-standard","5":"has-post-thumbnail","7":"category-sport","8":"tag-se","9":"tag-sport","10":"tag-sports","11":"tag-svenska","12":"tag-sverige","13":"tag-sweden","14":"tag-swedish"},"share_on_mastodon":{"url":"https:\/\/pubeurope.com\/@se\/115893888820589245","error":""},"_links":{"self":[{"href":"https:\/\/www.europesays.com\/se\/wp-json\/wp\/v2\/posts\/135746","targetHints":{"allow":["GET"]}}],"collection":[{"href":"https:\/\/www.europesays.com\/se\/wp-json\/wp\/v2\/posts"}],"about":[{"href":"https:\/\/www.europesays.com\/se\/wp-json\/wp\/v2\/types\/post"}],"author":[{"embeddable":true,"href":"https:\/\/www.europesays.com\/se\/wp-json\/wp\/v2\/users\/2"}],"replies":[{"embeddable":true,"href":"https:\/\/www.europesays.com\/se\/wp-json\/wp\/v2\/comments?post=135746"}],"version-history":[{"count":0,"href":"https:\/\/www.europesays.com\/se\/wp-json\/wp\/v2\/posts\/135746\/revisions"}],"wp:featuredmedia":[{"embeddable":true,"href":"https:\/\/www.europesays.com\/se\/wp-json\/wp\/v2\/media\/135747"}],"wp:attachment":[{"href":"https:\/\/www.europesays.com\/se\/wp-json\/wp\/v2\/media?parent=135746"}],"wp:term":[{"taxonomy":"category","embeddable":true,"href":"https:\/\/www.europesays.com\/se\/wp-json\/wp\/v2\/categories?post=135746"},{"taxonomy":"post_tag","embeddable":true,"href":"https:\/\/www.europesays.com\/se\/wp-json\/wp\/v2\/tags?post=135746"}],"curies":[{"name":"wp","href":"https:\/\/api.w.org\/{rel}","templated":true}]}}