{"id":135750,"date":"2026-01-14T14:21:06","date_gmt":"2026-01-14T14:21:06","guid":{"rendered":"https:\/\/www.europesays.com\/se\/135750\/"},"modified":"2026-01-14T14:21:06","modified_gmt":"2026-01-14T14:21:06","slug":"varfor-ar-det-kottbrist-lrf-lantbrukarnas-riksforbund","status":"publish","type":"post","link":"https:\/\/www.europesays.com\/se\/135750\/","title":{"rendered":"Varf\u00f6r \u00e4r det k\u00f6ttbrist? &#8211; LRF &#8211; Lantbrukarnas Riksf\u00f6rbund"},"content":{"rendered":"<ol>\n<li><a href=\"https:\/\/news.google.com\/rss\/articles\/CBMia0FVX3lxTE5pWFljOU03RXZjU2stRlRZUDlpN0N2WXF1ajZEQnl5d3ZMRndUYUs5cGpwNW5UN3FpV2plVWwtaGlkSGM2ZWdvQTZReEN3eFllMkIyWm9zU3lqeVI2eTdWOXhRb1E5VjJ2dVh3?oc=5\" target=\"_blank\" rel=\"nofollow noopener\">Varf\u00f6r \u00e4r det k\u00f6ttbrist?<\/a>&nbsp;&nbsp;LRF &#8211; Lantbrukarnas Riksf\u00f6rbund<\/li>\n<li><a href=\"https:\/\/news.google.com\/rss\/articles\/CBMirAFBVV95cUxOOTdYUDdNVnN0X2VpcDZ4WEpRUXUzSWtWbnNBbkxuWTNnVXdjU2xqRkNfaTNFVDhvaFdBa0xwbl9od0t1VGI0TUxYbnNhRVM1YUEyVklLTGVTNzFlVTNBeGhmRlJaQ2hZYnVTRVR1RUJkUXo1X3d2S3JpZVpwNE0zanZmLTFTTkczcmM4a3gxZzFVVElITkFfV0t5N3hPa0JybFk2Y3hBUWxBWVZi?oc=5\" target=\"_blank\" rel=\"nofollow noopener\">KARL RYD\u00c5: Dags f\u00f6r k\u00f6tt\u00e4lskande Uppsalabor att \u00e4ta vegetariskt<\/a>&nbsp;&nbsp;UNT<\/li>\n<li><a href=\"https:\/\/news.google.com\/rss\/articles\/CBMioAFBVV95cUxORkY0X2pudS10SzRJeWtfaVg2T2dlaWZZcUwwYnh1T2d1VUcwX2FxWFBEOHJHaWYyVTl2MTZjS2NQM0JUN085V0dJTjcxTlduRkFIZTBiOE1nOVdOcmJ5ZFFHOElYdGIzeHF0VGhlOTdQS2l4bk9idm9zX2ptU2p1VFJJNV94bVhqWHdOMUs3b3k4REZoZGV0N2l6Smp1bzB2?oc=5\" target=\"_blank\" rel=\"nofollow noopener\">Akut brist \u2013 h\u00e4r gapar hyllorna tomma i Eskilstuna<\/a>&nbsp;&nbsp;Ekuriren<\/li>\n<li><a href=\"https:\/\/news.google.com\/rss\/articles\/CBMigAFBVV95cUxPUXFGMXVCRzZjRk1FSG1vcmhpa1EtdFR1amN1VzdMVnJEUmdCdC1QVVQ0ZnhuSkJncl9UdnUtbERZQ1RTbHZUVVAzLUN5TmZ2dkFOUnhkOW5ucEN5VzNEUGJaUzgxeV9qVEdKT29GZ1M1b1hNRFlCMzVCZ0ZacGk5cw?oc=5\" target=\"_blank\" rel=\"nofollow noopener\">Tomt p\u00e5 n\u00f6tf\u00e4rs i butikerna: \u201dKan ta ett tag\u201d<\/a>&nbsp;&nbsp;Aftonbladet<\/li>\n<li><a href=\"https:\/\/news.google.com\/rss\/articles\/CBMi0AFBVV95cUxOQ1dxZTg5R0oyaUVrZ2ZZUXJwWGMwS2NXblQyNldXdFhaLVlkR1lGUGhQQ3ZkZEt4TGFuUkdPSENBSzZzNnlPU3dZU3pLR0dvbnlRX1hRZTF3YzhKTFdnOWtVWHdqbnFySWtYdTYxOEhOTzd5VW5NbUYzTTlwVnY3TFhXLVdvUnh5Sm5pMUtoY1NpTmtvc01icmpvLUJaaTcxY0R0cGdyMGQ2Tlhnb3R2YUhtbWlzc0dxOTZhNmtxM2tHME5DOFRzYkNtSktKencz?oc=5\" target=\"_blank\" rel=\"nofollow noopener\">\u201dHelt soprent\u201d \u2013 k\u00f6ttbrist sl\u00e5r mot butiker i Uddevalla<\/a>&nbsp;&nbsp;Bohusl\u00e4ningen<\/li>\n<\/ol>\n","protected":false},"excerpt":{"rendered":"Varf\u00f6r \u00e4r det k\u00f6ttbrist?&nbsp;&nbsp;LRF &#8211; Lantbrukarnas Riksf\u00f6rbund KARL RYD\u00c5: Dags f\u00f6r k\u00f6tt\u00e4lskande Uppsalabor att \u00e4ta vegetariskt&nbsp;&nbsp;UNT Akut brist&hellip;\n","protected":false},"author":2,"featured_media":135751,"comment_status":"","ping_status":"","sticky":false,"template":"","format":"standard","meta":{"footnotes":""},"categories":[65],"tags":[72,70,71,34,31,33,32,30],"class_list":{"0":"post-135750","1":"post","2":"type-post","3":"status-publish","4":"format-standard","5":"has-post-thumbnail","7":"category-ekonomi","8":"tag-business","9":"tag-economy","10":"tag-ekonomi","11":"tag-se","12":"tag-svenska","13":"tag-sverige","14":"tag-sweden","15":"tag-swedish"},"share_on_mastodon":{"url":"https:\/\/pubeurope.com\/@se\/115893900732903169","error":""},"_links":{"self":[{"href":"https:\/\/www.europesays.com\/se\/wp-json\/wp\/v2\/posts\/135750","targetHints":{"allow":["GET"]}}],"collection":[{"href":"https:\/\/www.europesays.com\/se\/wp-json\/wp\/v2\/posts"}],"about":[{"href":"https:\/\/www.europesays.com\/se\/wp-json\/wp\/v2\/types\/post"}],"author":[{"embeddable":true,"href":"https:\/\/www.europesays.com\/se\/wp-json\/wp\/v2\/users\/2"}],"replies":[{"embeddable":true,"href":"https:\/\/www.europesays.com\/se\/wp-json\/wp\/v2\/comments?post=135750"}],"version-history":[{"count":0,"href":"https:\/\/www.europesays.com\/se\/wp-json\/wp\/v2\/posts\/135750\/revisions"}],"wp:featuredmedia":[{"embeddable":true,"href":"https:\/\/www.europesays.com\/se\/wp-json\/wp\/v2\/media\/135751"}],"wp:attachment":[{"href":"https:\/\/www.europesays.com\/se\/wp-json\/wp\/v2\/media?parent=135750"}],"wp:term":[{"taxonomy":"category","embeddable":true,"href":"https:\/\/www.europesays.com\/se\/wp-json\/wp\/v2\/categories?post=135750"},{"taxonomy":"post_tag","embeddable":true,"href":"https:\/\/www.europesays.com\/se\/wp-json\/wp\/v2\/tags?post=135750"}],"curies":[{"name":"wp","href":"https:\/\/api.w.org\/{rel}","templated":true}]}}