{"id":135759,"date":"2026-01-14T14:29:07","date_gmt":"2026-01-14T14:29:07","guid":{"rendered":"https:\/\/www.europesays.com\/se\/135759\/"},"modified":"2026-01-14T14:29:07","modified_gmt":"2026-01-14T14:29:07","slug":"potentialen-vager-upp-for-riskerna-kop-afv","status":"publish","type":"post","link":"https:\/\/www.europesays.com\/se\/135759\/","title":{"rendered":"POTENTIALEN V\u00c4GER UPP F\u00d6R RISKERNA, K\u00d6P &#8211; AFV"},"content":{"rendered":"<p class=\"font-sans text-base text-text-main dark:text-text-main-dark font-normal leading-[1.4]\">STOCKHOLM (Nyhetsbyr\u00e5n Direkt) Teknikkonsultbolaget Afry b\u00f6r kunna f\u00e5 lite hj\u00e4lp i \u00e5r av b\u00e4ttre konjunktur och kalendereffekter och aktien b\u00f6r gynnas av enklare j\u00e4mf\u00f6relsesiffror.<\/p>\n<p class=\"font-sans text-base text-text-main dark:text-text-main-dark font-normal leading-[1.4]\">Det skriver Aff\u00e4rsv\u00e4rlden som kommer fram till att potentialen v\u00e4ger upp f\u00f6r riskerna och rekommenderar k\u00f6p.<\/p>\n<p class=\"font-sans text-base text-text-main dark:text-text-main-dark font-normal leading-[1.4]\">Afry uppges ha alltf\u00f6r svag l\u00f6nsamhet. En del kan tillskrivas otur med en stor exponering mot tuffa kundbranscher, som industri och infrastruktur, men ocks\u00e5 svag ledning och h\u00f6ga kostnader, vilket tagit sig uttryck i fallande debiteringsgrad, enligt tidningen.<\/p>\n<p class=\"font-sans text-base text-text-main dark:text-text-main-dark font-normal leading-[1.4]\">\u201dNu verkar ledningen g\u00f6ra ett seri\u00f6st f\u00f6rs\u00f6ka att f\u00e5 ordning p\u00e5 torpet. Det har orsakat en del missn\u00f6je bland vissa anst\u00e4llda. Det \u00e4r nog inte bara ett d\u00e5ligt tecken, \u00e4ven om risken s\u00e5klart \u00e4r uppenbar att skickliga medarbetare med m\u00e5nga alternativ p\u00e5 arbetsmarknaden kan l\u00e4mna\u201d, skriver tidningen.<\/p>\n<p class=\"font-sans text-base text-text-main dark:text-text-main-dark font-normal leading-[1.4]\">I tidningens huvudscenario beskrivs uppsidan som okej.<\/p>\n<p class=\"font-sans text-base text-text-main dark:text-text-main-dark font-normal leading-[1.4]\">&#8221;Vi tycker potentialen v\u00e4ger upp f\u00f6r riskerna och landar i ett k\u00f6pr\u00e5d&#8221;, skriver Aff\u00e4rsv\u00e4rlden.<\/p>\n<p class=\"font-sans text-base text-text-main dark:text-text-main-dark font-normal leading-[1.4]\">B\u00f6rsredaktionen Nyhetsbyr\u00e5n Direkt<\/p>\n<p class=\"font-sans text-base text-text-main dark:text-text-main-dark font-normal leading-[1.4]\">+46 8 5191 7911<\/p>\n<p class=\"font-sans text-base text-text-main dark:text-text-main-dark font-normal leading-[1.4]\">borsdesken.direkt@direkt.se<\/p>\n","protected":false},"excerpt":{"rendered":"STOCKHOLM (Nyhetsbyr\u00e5n Direkt) Teknikkonsultbolaget Afry b\u00f6r kunna f\u00e5 lite hj\u00e4lp i \u00e5r av b\u00e4ttre konjunktur och kalendereffekter och&hellip;\n","protected":false},"author":2,"featured_media":119816,"comment_status":"","ping_status":"","sticky":false,"template":"","format":"standard","meta":{"footnotes":""},"categories":[65],"tags":[72,70,71,34,31,33,32,30],"class_list":{"0":"post-135759","1":"post","2":"type-post","3":"status-publish","4":"format-standard","5":"has-post-thumbnail","7":"category-ekonomi","8":"tag-business","9":"tag-economy","10":"tag-ekonomi","11":"tag-se","12":"tag-svenska","13":"tag-sverige","14":"tag-sweden","15":"tag-swedish"},"share_on_mastodon":{"url":"https:\/\/pubeurope.com\/@se\/115893932138050102","error":""},"_links":{"self":[{"href":"https:\/\/www.europesays.com\/se\/wp-json\/wp\/v2\/posts\/135759","targetHints":{"allow":["GET"]}}],"collection":[{"href":"https:\/\/www.europesays.com\/se\/wp-json\/wp\/v2\/posts"}],"about":[{"href":"https:\/\/www.europesays.com\/se\/wp-json\/wp\/v2\/types\/post"}],"author":[{"embeddable":true,"href":"https:\/\/www.europesays.com\/se\/wp-json\/wp\/v2\/users\/2"}],"replies":[{"embeddable":true,"href":"https:\/\/www.europesays.com\/se\/wp-json\/wp\/v2\/comments?post=135759"}],"version-history":[{"count":0,"href":"https:\/\/www.europesays.com\/se\/wp-json\/wp\/v2\/posts\/135759\/revisions"}],"wp:featuredmedia":[{"embeddable":true,"href":"https:\/\/www.europesays.com\/se\/wp-json\/wp\/v2\/media\/119816"}],"wp:attachment":[{"href":"https:\/\/www.europesays.com\/se\/wp-json\/wp\/v2\/media?parent=135759"}],"wp:term":[{"taxonomy":"category","embeddable":true,"href":"https:\/\/www.europesays.com\/se\/wp-json\/wp\/v2\/categories?post=135759"},{"taxonomy":"post_tag","embeddable":true,"href":"https:\/\/www.europesays.com\/se\/wp-json\/wp\/v2\/tags?post=135759"}],"curies":[{"name":"wp","href":"https:\/\/api.w.org\/{rel}","templated":true}]}}