{"id":135760,"date":"2026-01-14T14:30:11","date_gmt":"2026-01-14T14:30:11","guid":{"rendered":"https:\/\/www.europesays.com\/se\/135760\/"},"modified":"2026-01-14T14:30:11","modified_gmt":"2026-01-14T14:30:11","slug":"analytiker-varnar-oljan-kan-bli-130-dyrare","status":"publish","type":"post","link":"https:\/\/www.europesays.com\/se\/135760\/","title":{"rendered":"Analytiker varnar: Oljan kan bli 130% dyrare"},"content":{"rendered":"<p>Kan bli 130% dyrare<\/p>\n<p class=\"font-sans text-base text-text-main dark:text-text-main-dark font-normal leading-[1.4]\">De p\u00e5g\u00e5ende protesterna utbr\u00f6t i slutet av december. Den utl\u00f6sande faktorn var Irans ekonomiska kris med skenande inflation, stigande matpriser och en valuta vars v\u00e4rde dalar. Protesterna utvecklades sedan till en folklig r\u00f6relse med krav p\u00e5 den islamiska republikens avskaffande.<\/p>\n<p class=\"font-sans text-base text-text-main dark:text-text-main-dark font-normal leading-[1.4]\">\u00d6ver 600 demonstranter uppges ha d\u00f6dats i samband med protesterna.<\/p>\n<p class=\"font-sans text-base text-text-main dark:text-text-main-dark font-normal leading-[1.4]\">USA:s president <strong>Donald<\/strong> <strong>Trump<\/strong> har hotat med att s\u00e4tta in milit\u00e4rt v\u00e5ld mot Iran f\u00f6r att st\u00f6tta demonstranterna.<\/p>\n<p class=\"font-sans text-base text-text-main dark:text-text-main-dark font-normal leading-[1.4]\">En eventuell eskalering i Mellan\u00f6stern skulle kunna leda till att oljeexporten fr\u00e5n Iran-kontrollerade Hormuzsundet begr\u00e4nsas. Det skulle f\u00e5 stora effekter p\u00e5 prisbilden eftersom 20% av v\u00e4rldens olje- och gasexport sker via sundet.<\/p>\n<p class=\"font-sans text-base text-text-main dark:text-text-main-dark font-normal leading-[1.4]\">Vid ett scenario d\u00e4r USA ingriper mot Iran sp\u00e5r <strong>Bjarne<\/strong> <strong>Schieldrop<\/strong> att Brentoljan kan rusa s\u00e5 mycket som 130%.<\/p>\n<p class=\"font-sans text-base text-text-main dark:text-text-main-dark font-normal leading-[1.4]\">Enligt analytikern pekar dock lite p\u00e5 att oljemarknaden ser en st\u00f6rre risk f\u00f6r scenariot just nu.<\/p>\n","protected":false},"excerpt":{"rendered":"Kan bli 130% dyrare De p\u00e5g\u00e5ende protesterna utbr\u00f6t i slutet av december. Den utl\u00f6sande faktorn var Irans ekonomiska&hellip;\n","protected":false},"author":2,"featured_media":135761,"comment_status":"","ping_status":"","sticky":false,"template":"","format":"standard","meta":{"footnotes":""},"categories":[14],"tags":[22,23,385,26,27,17,21,24,25,28,29,15,16,6021,18,34,31,33,32,30,19,20,51,52,53,54],"class_list":{"0":"post-135760","1":"post","2":"type-post","3":"status-publish","4":"format-standard","5":"has-post-thumbnail","7":"category-varlden","8":"tag-breaking-news","9":"tag-breakingnews","10":"tag-donald-trump","11":"tag-featured-news","12":"tag-featurednews","13":"tag-headlines","14":"tag-huvudnyheter","15":"tag-latest-news","16":"tag-latestnews","17":"tag-main-news","18":"tag-mainnews","19":"tag-news","20":"tag-nyheter","21":"tag-oljepriset","22":"tag-rubriker","23":"tag-se","24":"tag-svenska","25":"tag-sverige","26":"tag-sweden","27":"tag-swedish","28":"tag-top-stories","29":"tag-topstories","30":"tag-varlden","31":"tag-world","32":"tag-world-news","33":"tag-worldnews"},"share_on_mastodon":{"url":"https:\/\/pubeurope.com\/@se\/115893936061881739","error":""},"_links":{"self":[{"href":"https:\/\/www.europesays.com\/se\/wp-json\/wp\/v2\/posts\/135760","targetHints":{"allow":["GET"]}}],"collection":[{"href":"https:\/\/www.europesays.com\/se\/wp-json\/wp\/v2\/posts"}],"about":[{"href":"https:\/\/www.europesays.com\/se\/wp-json\/wp\/v2\/types\/post"}],"author":[{"embeddable":true,"href":"https:\/\/www.europesays.com\/se\/wp-json\/wp\/v2\/users\/2"}],"replies":[{"embeddable":true,"href":"https:\/\/www.europesays.com\/se\/wp-json\/wp\/v2\/comments?post=135760"}],"version-history":[{"count":0,"href":"https:\/\/www.europesays.com\/se\/wp-json\/wp\/v2\/posts\/135760\/revisions"}],"wp:featuredmedia":[{"embeddable":true,"href":"https:\/\/www.europesays.com\/se\/wp-json\/wp\/v2\/media\/135761"}],"wp:attachment":[{"href":"https:\/\/www.europesays.com\/se\/wp-json\/wp\/v2\/media?parent=135760"}],"wp:term":[{"taxonomy":"category","embeddable":true,"href":"https:\/\/www.europesays.com\/se\/wp-json\/wp\/v2\/categories?post=135760"},{"taxonomy":"post_tag","embeddable":true,"href":"https:\/\/www.europesays.com\/se\/wp-json\/wp\/v2\/tags?post=135760"}],"curies":[{"name":"wp","href":"https:\/\/api.w.org\/{rel}","templated":true}]}}