{"id":135762,"date":"2026-01-14T14:31:13","date_gmt":"2026-01-14T14:31:13","guid":{"rendered":"https:\/\/www.europesays.com\/se\/135762\/"},"modified":"2026-01-14T14:31:13","modified_gmt":"2026-01-14T14:31:13","slug":"atalas-edabo-i-stor-bedrageriharva-mot-aldre-arvika-nyheter","status":"publish","type":"post","link":"https:\/\/www.europesays.com\/se\/135762\/","title":{"rendered":"\u00c5TALAS: Edabo i stor bedr\u00e4gerih\u00e4rva mot \u00e4ldre &#8211; Arvika Nyheter"},"content":{"rendered":"<ol>\n<li><a href=\"https:\/\/news.google.com\/rss\/articles\/CBMijAFBVV95cUxNQXV5Q3lNNEllbW5LU3Q3UUxSNG8wRzU2ZjFCamRuVHRYQXk0Q2xORUEwcUxqdFN5SlFZMy1ZT1laUVRGVVJnQTdURVVoWG5VM3hqQ3NmNWY3U1Ezek8za1ZKRHVlaUZlUDJaY0YxUGc4YnN2QkliX0N1U1c1c3pkWUw0TUR4RS1zX0RNSg?oc=5\" target=\"_blank\" rel=\"nofollow noopener\">\u00c5TALAS: Edabo i stor bedr\u00e4gerih\u00e4rva mot \u00e4ldre<\/a>&nbsp;&nbsp;Arvika Nyheter<\/li>\n<li><a href=\"https:\/\/news.google.com\/rss\/articles\/CBMitwFBVV95cUxPdS13bEFJbUxNQjRoeV82bEZYRktWYnpsNzJmYk5zVVFySDhtd24xZEZxQ1J6WHMzQVBkalltUUMyaEZaLUJja001d3REdVYzUnFEbTNFQW1fd21pNllVWGFBRjdQcEh6YUYwYmZ3S1ViYm9ueV84MjFtRzMwRkpVQVFVX2dkdjFKZmViNzY1TG9KM0tjVWltcGVjRDhqdGpXWjdpR3EzbnVJNWtWbGgyTkVienpzN00?oc=5\" target=\"_blank\" rel=\"nofollow noopener\">JUST NU: Fem \u00e5talas f\u00f6r grova bedr\u00e4gerier \u2013 \u00e5klagaren till NWT: \u201dEn mer yrkesm\u00e4ssig relation\u201d<\/a>&nbsp;&nbsp;NWT<\/li>\n<li><a href=\"https:\/\/news.google.com\/rss\/articles\/CBMiygFBVV95cUxOak96dnB0MjdLb1F4dFlTRzlnUm1KWnhmY1NDWFktREFKX3dKemlNajhlVWdJQ2R4cVpRWXpPcmhfWFZGUEU4OFNMcmNScUdsVDc0YnNMOE5EN19LNWJEVnpTYmZoYTV1QXR0bDVXVGpyN3RBcDdkWFJMWW5mQ0d3N2ptU2lEaDRTR2MtcHk0SGhheWFFRUFZVmpmZTZHczU0eV9vNHg3dy1TTzNhaXJKdFVSa3ppUkxuM1lCbTliWm0zTW5pdnhZbVNR?oc=5\" target=\"_blank\" rel=\"nofollow noopener\">\u201dJag v\u00e5gar knappt svara i telefon l\u00e4ngre\u201d \u2013 \u00e4ldre lurade i falsk windowssupport<\/a>&nbsp;&nbsp;Polisen.se<\/li>\n<li><a href=\"https:\/\/news.google.com\/rss\/articles\/CBMijwFBVV95cUxNcjREcU9mZEYyalRZT21BSXN1RTdKNnp6ZjdYb19zVV9NVmFJYXVDUXZJRlpyVDd5Z1dSbHUySUVuSHY0SnJxUVQ4YUpSMExFZG5URDRVSkN6LWxlQUllNEw4N3FweU9nYmFnYmpfWHVCZGFDc3M4RFd3Z0YwR2VqSGhuUmpoU1pqLWhQcmo0OA?oc=5\" target=\"_blank\" rel=\"nofollow noopener\">\u00c4ldre lurades p\u00e5 fejkade sajter \u2013 fem \u00e5talas<\/a>&nbsp;&nbsp;Aftonbladet<\/li>\n<li><a href=\"https:\/\/news.google.com\/rss\/articles\/CBMijgFBVV95cUxPcGkxOU0zZENYdTN0REktQkowTm5fT3RQcXR0OU1QNmdqcC0ybFMzM3ZfaENGTlIyekoxVXZ6aUx5TFRVRENlNEIwV2YteHdDOVlJOWM4UzNSY0UwNWFhWk9MdjZuQkgwRVlKZ0RtQ0JtMVRjNnlRcFpvWE5ZSk5mT180bXB4cndEaWkyZ2xR?oc=5\" target=\"_blank\" rel=\"nofollow noopener\">\u00c4ldre lurades \u2013 v\u00e5gade sen inte ta polisens samtal<\/a>&nbsp;&nbsp;Sveriges Radio<\/li>\n<\/ol>\n","protected":false},"excerpt":{"rendered":"\u00c5TALAS: Edabo i stor bedr\u00e4gerih\u00e4rva mot \u00e4ldre&nbsp;&nbsp;Arvika Nyheter JUST NU: Fem \u00e5talas f\u00f6r grova bedr\u00e4gerier \u2013 \u00e5klagaren till&hellip;\n","protected":false},"author":2,"featured_media":135763,"comment_status":"","ping_status":"","sticky":false,"template":"","format":"standard","meta":{"footnotes":""},"categories":[12],"tags":[22,23,26,27,17,21,24,25,28,29,15,16,18,34,31,33,32,30,19,20],"class_list":{"0":"post-135762","1":"post","2":"type-post","3":"status-publish","4":"format-standard","5":"has-post-thumbnail","7":"category-sverige","8":"tag-breaking-news","9":"tag-breakingnews","10":"tag-featured-news","11":"tag-featurednews","12":"tag-headlines","13":"tag-huvudnyheter","14":"tag-latest-news","15":"tag-latestnews","16":"tag-main-news","17":"tag-mainnews","18":"tag-news","19":"tag-nyheter","20":"tag-rubriker","21":"tag-se","22":"tag-svenska","23":"tag-sverige","24":"tag-sweden","25":"tag-swedish","26":"tag-top-stories","27":"tag-topstories"},"share_on_mastodon":{"url":"https:\/\/pubeurope.com\/@se\/115893940026397161","error":""},"_links":{"self":[{"href":"https:\/\/www.europesays.com\/se\/wp-json\/wp\/v2\/posts\/135762","targetHints":{"allow":["GET"]}}],"collection":[{"href":"https:\/\/www.europesays.com\/se\/wp-json\/wp\/v2\/posts"}],"about":[{"href":"https:\/\/www.europesays.com\/se\/wp-json\/wp\/v2\/types\/post"}],"author":[{"embeddable":true,"href":"https:\/\/www.europesays.com\/se\/wp-json\/wp\/v2\/users\/2"}],"replies":[{"embeddable":true,"href":"https:\/\/www.europesays.com\/se\/wp-json\/wp\/v2\/comments?post=135762"}],"version-history":[{"count":0,"href":"https:\/\/www.europesays.com\/se\/wp-json\/wp\/v2\/posts\/135762\/revisions"}],"wp:featuredmedia":[{"embeddable":true,"href":"https:\/\/www.europesays.com\/se\/wp-json\/wp\/v2\/media\/135763"}],"wp:attachment":[{"href":"https:\/\/www.europesays.com\/se\/wp-json\/wp\/v2\/media?parent=135762"}],"wp:term":[{"taxonomy":"category","embeddable":true,"href":"https:\/\/www.europesays.com\/se\/wp-json\/wp\/v2\/categories?post=135762"},{"taxonomy":"post_tag","embeddable":true,"href":"https:\/\/www.europesays.com\/se\/wp-json\/wp\/v2\/tags?post=135762"}],"curies":[{"name":"wp","href":"https:\/\/api.w.org\/{rel}","templated":true}]}}