{"id":135764,"date":"2026-01-14T14:32:14","date_gmt":"2026-01-14T14:32:14","guid":{"rendered":"https:\/\/www.europesays.com\/se\/135764\/"},"modified":"2026-01-14T14:32:14","modified_gmt":"2026-01-14T14:32:14","slug":"just-nu-flera-aldre-drabbade-i-hansynslos-bedrageriharva-tappat-tilliten-till-allt-vf","status":"publish","type":"post","link":"https:\/\/www.europesays.com\/se\/135764\/","title":{"rendered":"JUST NU: Flera \u00e4ldre drabbade i h\u00e4nsynsl\u00f6s bedr\u00e4gerih\u00e4rva: \u201dTappat tilliten till allt\u201d &#8211; VF"},"content":{"rendered":"<ol>\n<li><a href=\"https:\/\/news.google.com\/rss\/articles\/CBMirwFBVV95cUxQdHdHcGY0cEZMNHVqNDFyRF9xMml0aDVCQURYeHB3SW5lWi1UUGpraEw5Y1Z6SFY0dkZTa3Z1QzAzMFB3Y09hY0lGd01QVUNYTjJNZzFyRldsV2gwVE93T0FtSU4yZVFfZjFLeEs1TkhHdU95ZWV3Z3h5VXBYUUNOS0sxUmFUQUh6ZXFHbXpMcFlTNExzd2IxV04xR1ZwYkZnWXdnWTlmeGJzU2dpU3pJ?oc=5\" target=\"_blank\" rel=\"nofollow noopener\">JUST NU: Flera \u00e4ldre drabbade i h\u00e4nsynsl\u00f6s bedr\u00e4gerih\u00e4rva: \u201dTappat tilliten till allt\u201d<\/a>&nbsp;&nbsp;VF<\/li>\n<li><a href=\"https:\/\/news.google.com\/rss\/articles\/CBMitwFBVV95cUxPdS13bEFJbUxNQjRoeV82bEZYRktWYnpsNzJmYk5zVVFySDhtd24xZEZxQ1J6WHMzQVBkalltUUMyaEZaLUJja001d3REdVYzUnFEbTNFQW1fd21pNllVWGFBRjdQcEh6YUYwYmZ3S1ViYm9ueV84MjFtRzMwRkpVQVFVX2dkdjFKZmViNzY1TG9KM0tjVWltcGVjRDhqdGpXWjdpR3EzbnVJNWtWbGgyTkVienpzN00?oc=5\" target=\"_blank\" rel=\"nofollow noopener\">JUST NU: Fem \u00e5talas f\u00f6r grova bedr\u00e4gerier \u2013 \u00e5klagaren till NWT: \u201dEn mer yrkesm\u00e4ssig relation\u201d<\/a>&nbsp;&nbsp;NWT<\/li>\n<li><a href=\"https:\/\/news.google.com\/rss\/articles\/CBMiygFBVV95cUxOak96dnB0MjdLb1F4dFlTRzlnUm1KWnhmY1NDWFktREFKX3dKemlNajhlVWdJQ2R4cVpRWXpPcmhfWFZGUEU4OFNMcmNScUdsVDc0YnNMOE5EN19LNWJEVnpTYmZoYTV1QXR0bDVXVGpyN3RBcDdkWFJMWW5mQ0d3N2ptU2lEaDRTR2MtcHk0SGhheWFFRUFZVmpmZTZHczU0eV9vNHg3dy1TTzNhaXJKdFVSa3ppUkxuM1lCbTliWm0zTW5pdnhZbVNR?oc=5\" target=\"_blank\" rel=\"nofollow noopener\">\u201dJag v\u00e5gar knappt svara i telefon l\u00e4ngre\u201d \u2013 \u00e4ldre lurade i falsk windowssupport<\/a>&nbsp;&nbsp;Polisen.se<\/li>\n<li><a href=\"https:\/\/news.google.com\/rss\/articles\/CBMijwFBVV95cUxNcjREcU9mZEYyalRZT21BSXN1RTdKNnp6ZjdYb19zVV9NVmFJYXVDUXZJRlpyVDd5Z1dSbHUySUVuSHY0SnJxUVQ4YUpSMExFZG5URDRVSkN6LWxlQUllNEw4N3FweU9nYmFnYmpfWHVCZGFDc3M4RFd3Z0YwR2VqSGhuUmpoU1pqLWhQcmo0OA?oc=5\" target=\"_blank\" rel=\"nofollow noopener\">\u00c4ldre lurades p\u00e5 fejkade sajter \u2013 fem \u00e5talas<\/a>&nbsp;&nbsp;Aftonbladet<\/li>\n<li><a href=\"https:\/\/news.google.com\/rss\/articles\/CBMijgFBVV95cUxPcGkxOU0zZENYdTN0REktQkowTm5fT3RQcXR0OU1QNmdqcC0ybFMzM3ZfaENGTlIyekoxVXZ6aUx5TFRVRENlNEIwV2YteHdDOVlJOWM4UzNSY0UwNWFhWk9MdjZuQkgwRVlKZ0RtQ0JtMVRjNnlRcFpvWE5ZSk5mT180bXB4cndEaWkyZ2xR?oc=5\" target=\"_blank\" rel=\"nofollow noopener\">\u00c4ldre lurades \u2013 v\u00e5gade sen inte ta polisens samtal<\/a>&nbsp;&nbsp;Sveriges Radio<\/li>\n<\/ol>\n","protected":false},"excerpt":{"rendered":"JUST NU: Flera \u00e4ldre drabbade i h\u00e4nsynsl\u00f6s bedr\u00e4gerih\u00e4rva: \u201dTappat tilliten till allt\u201d&nbsp;&nbsp;VF JUST NU: Fem \u00e5talas f\u00f6r grova&hellip;\n","protected":false},"author":2,"featured_media":135765,"comment_status":"","ping_status":"","sticky":false,"template":"","format":"standard","meta":{"footnotes":""},"categories":[5],"tags":[22,23,26,27,17,21,24,25,28,29,15,16,18,34,31,33,32,30,19,20],"class_list":{"0":"post-135764","1":"post","2":"type-post","3":"status-publish","4":"format-standard","5":"has-post-thumbnail","7":"category-rubriker","8":"tag-breaking-news","9":"tag-breakingnews","10":"tag-featured-news","11":"tag-featurednews","12":"tag-headlines","13":"tag-huvudnyheter","14":"tag-latest-news","15":"tag-latestnews","16":"tag-main-news","17":"tag-mainnews","18":"tag-news","19":"tag-nyheter","20":"tag-rubriker","21":"tag-se","22":"tag-svenska","23":"tag-sverige","24":"tag-sweden","25":"tag-swedish","26":"tag-top-stories","27":"tag-topstories"},"share_on_mastodon":{"url":"https:\/\/pubeurope.com\/@se\/115893943849462568","error":""},"_links":{"self":[{"href":"https:\/\/www.europesays.com\/se\/wp-json\/wp\/v2\/posts\/135764","targetHints":{"allow":["GET"]}}],"collection":[{"href":"https:\/\/www.europesays.com\/se\/wp-json\/wp\/v2\/posts"}],"about":[{"href":"https:\/\/www.europesays.com\/se\/wp-json\/wp\/v2\/types\/post"}],"author":[{"embeddable":true,"href":"https:\/\/www.europesays.com\/se\/wp-json\/wp\/v2\/users\/2"}],"replies":[{"embeddable":true,"href":"https:\/\/www.europesays.com\/se\/wp-json\/wp\/v2\/comments?post=135764"}],"version-history":[{"count":0,"href":"https:\/\/www.europesays.com\/se\/wp-json\/wp\/v2\/posts\/135764\/revisions"}],"wp:featuredmedia":[{"embeddable":true,"href":"https:\/\/www.europesays.com\/se\/wp-json\/wp\/v2\/media\/135765"}],"wp:attachment":[{"href":"https:\/\/www.europesays.com\/se\/wp-json\/wp\/v2\/media?parent=135764"}],"wp:term":[{"taxonomy":"category","embeddable":true,"href":"https:\/\/www.europesays.com\/se\/wp-json\/wp\/v2\/categories?post=135764"},{"taxonomy":"post_tag","embeddable":true,"href":"https:\/\/www.europesays.com\/se\/wp-json\/wp\/v2\/tags?post=135764"}],"curies":[{"name":"wp","href":"https:\/\/api.w.org\/{rel}","templated":true}]}}