{"id":135770,"date":"2026-01-14T14:37:07","date_gmt":"2026-01-14T14:37:07","guid":{"rendered":"https:\/\/www.europesays.com\/se\/135770\/"},"modified":"2026-01-14T14:37:07","modified_gmt":"2026-01-14T14:37:07","slug":"seb-hojer-riktkursen-for-saab-pa-vag-att-rapportera-rekordstarkt-q4","status":"publish","type":"post","link":"https:\/\/www.europesays.com\/se\/135770\/","title":{"rendered":"SEB h\u00f6jer riktkursen f\u00f6r Saab &#8211; p\u00e5 v\u00e4g att rapportera rekordstarkt Q4"},"content":{"rendered":"<p class=\"font-sans text-base text-text-main dark:text-text-main-dark font-normal leading-[1.4]\">SEB h\u00f6jer sin riktkurs f\u00f6r f\u00f6rsvarsbolaget Saab till 700 kronor fr\u00e5n 560 med upprepad beh\u00e5llrekommendation.\n <\/p>\n<p>I en analys skriver SEB att bolaget \u00e4r p\u00e5 v\u00e4g att rapportera ett rekordstarkt Q4, och att f\u00f6rm\u00e5gan att dra nytta av gynnsamma slutmarknadstrender forts\u00e4tter att imponera. Riktkursen h\u00f6js baserat p\u00e5 h\u00f6gre prognos f\u00f6r vinst per aktie 2025-2027.\n <\/p>\n<p>&#8221;Vi f\u00f6rv\u00e4ntar oss nya medelfristiga m\u00e5l, d\u00e4r organisk tillv\u00e4xt i \u00f6vre ton\u00e5ren ocks\u00e5 kommer att visa bolagets f\u00f6rm\u00e5ga att leverera p\u00e5 en snabbt v\u00e4xande orderbok. Trots att v\u00e4rderingen har blivit anstr\u00e4ngd beh\u00e5ller vi rekommendationen beh\u00e5ll f\u00f6r tillf\u00e4llet, d\u00e5 vi inte ser n\u00e5gra negativa triggers i n\u00e4rtid&#8221;, heter det.\n <\/p>\n<p>Under morgonen har \u00e4ven ABG Sundal Collier h\u00f6jt sin riktkurs f\u00f6r Saab, fr\u00e5n 300 till 310 kronor, men samtidigt upprepat sin s\u00e4ljrekommendation.<br \/>\n <br class=\"col-start-2\"\/><\/p>\n<p class=\"font-sans text-base text-text-main dark:text-text-main-dark font-normal leading-[1.4]\">Nils Lolk<br \/>\n <br class=\"col-start-2\"\/><br \/>\n Nyhetsbyr\u00e5n Finwire<\/p>\n","protected":false},"excerpt":{"rendered":"SEB h\u00f6jer sin riktkurs f\u00f6r f\u00f6rsvarsbolaget Saab till 700 kronor fr\u00e5n 560 med upprepad beh\u00e5llrekommendation. I en analys&hellip;\n","protected":false},"author":2,"featured_media":119816,"comment_status":"","ping_status":"","sticky":false,"template":"","format":"standard","meta":{"footnotes":""},"categories":[65],"tags":[72,70,71,34,31,33,32,30],"class_list":{"0":"post-135770","1":"post","2":"type-post","3":"status-publish","4":"format-standard","5":"has-post-thumbnail","7":"category-ekonomi","8":"tag-business","9":"tag-economy","10":"tag-ekonomi","11":"tag-se","12":"tag-svenska","13":"tag-sverige","14":"tag-sweden","15":"tag-swedish"},"share_on_mastodon":{"url":"https:\/\/pubeurope.com\/@se\/115893963554041474","error":""},"_links":{"self":[{"href":"https:\/\/www.europesays.com\/se\/wp-json\/wp\/v2\/posts\/135770","targetHints":{"allow":["GET"]}}],"collection":[{"href":"https:\/\/www.europesays.com\/se\/wp-json\/wp\/v2\/posts"}],"about":[{"href":"https:\/\/www.europesays.com\/se\/wp-json\/wp\/v2\/types\/post"}],"author":[{"embeddable":true,"href":"https:\/\/www.europesays.com\/se\/wp-json\/wp\/v2\/users\/2"}],"replies":[{"embeddable":true,"href":"https:\/\/www.europesays.com\/se\/wp-json\/wp\/v2\/comments?post=135770"}],"version-history":[{"count":0,"href":"https:\/\/www.europesays.com\/se\/wp-json\/wp\/v2\/posts\/135770\/revisions"}],"wp:featuredmedia":[{"embeddable":true,"href":"https:\/\/www.europesays.com\/se\/wp-json\/wp\/v2\/media\/119816"}],"wp:attachment":[{"href":"https:\/\/www.europesays.com\/se\/wp-json\/wp\/v2\/media?parent=135770"}],"wp:term":[{"taxonomy":"category","embeddable":true,"href":"https:\/\/www.europesays.com\/se\/wp-json\/wp\/v2\/categories?post=135770"},{"taxonomy":"post_tag","embeddable":true,"href":"https:\/\/www.europesays.com\/se\/wp-json\/wp\/v2\/tags?post=135770"}],"curies":[{"name":"wp","href":"https:\/\/api.w.org\/{rel}","templated":true}]}}