{"id":135771,"date":"2026-01-14T14:38:07","date_gmt":"2026-01-14T14:38:07","guid":{"rendered":"https:\/\/www.europesays.com\/se\/135771\/"},"modified":"2026-01-14T14:38:07","modified_gmt":"2026-01-14T14:38:07","slug":"mosaiken-med-paveportrattet-till-paulusbasilikan-presenterad-for-leo-xiv","status":"publish","type":"post","link":"https:\/\/www.europesays.com\/se\/135771\/","title":{"rendered":"Mosaiken med p\u00e5veportr\u00e4ttet till Paulusbasilikan presenterad f\u00f6r Leo XIV"},"content":{"rendered":"<p>I den lilla salen intill Paulus VI:s audienshall fick Leo XIV betrakta clipeus, det runda mosaikportr\u00e4tt som \u00e4r till\u00e4gnat honom och som ska placeras i Paulusbasilikan utanf\u00f6r murarna. <\/p>\n<p><b>Vatican News<\/b><\/p>\n<p>P\u00e5ve Leo kunde p\u00e5 morgonen den 13 januari, ta del av det runda mosaikverk som har utf\u00f6rts av Vatikanens mosaikstudio vid Peterskyrkan. I enlighet med traditionen har studion framst\u00e4llt verket som skapas efter varje val av en ny p\u00e5ve.<\/p>\n<p>Det runda mosaikverket, kallat clipeus, \u00e4r avsett f\u00f6r Basilikan San Paolo fuori le Mura och kommer att placeras i utrymmet intill portr\u00e4ttet av p\u00e5ve Franciskus, i basilikan h\u00f6gra l\u00e5ngskepp, p\u00e5 cirka 13 meters h\u00f6jd. Med en diameter p\u00e5 137 centimeter har mosaiken \u2013 enligt ett meddelande fr\u00e5n Heliga stolens pressrum \u2013 utf\u00f6rts med glasmosaik och guld p\u00e5 en metallstruktur. Den har tillverkats enligt den gamla tekniken med skuret mosaikarbete och har f\u00e4sts med den oljebaserade puts som anv\u00e4nds i mosaikstudions tradition. Verket best\u00e5r av omkring 15 000 glasmosaikbitar; som formar p\u00e5ve Leos ansikte och de h\u00e4rr\u00f6r fr\u00e5n 1800-talet.<\/p>\n<p><b>I b\u00f6n med p\u00e5ven<\/b> <\/p>\n<p>Verket \u00e5terger en m\u00e5lad skiss av m\u00e4staren Rodolfo Papa, en oljem\u00e5lning p\u00e5 duk i samma storlek som mosaiken, s\u00e4rskilt skapad f\u00f6r \u00f6verf\u00f6ringen till mosaik. M\u00e5lningen kommer att bevaras tillsammans med hela serien av p\u00e5veportr\u00e4tt, i Peterskyrkans f\u00f6rr\u00e5d i Vatikanen.<\/p>\n<p>Mosaiken presenterades f\u00f6r p\u00e5ve Leo av kardinal Mauro Gambetti, \u00e4rkepr\u00e4st i Peterskyrkan, kardinal James Michael Harvey, emeritus-\u00e4rkepr\u00e4st i San Paolo fuori le Mura, samt abboten f\u00f6r klostret San Paolo, fader Donato Ogliari. N\u00e4rvarande var \u00e4ven m\u00e4staren Rodolfo Papa och direkt\u00f6ren f\u00f6r Vatikanens mosaikstudio, Paolo Di Buono. I slutet av m\u00f6tet bad p\u00e5ven tillsammans med de n\u00e4rvarande.<\/p>\n","protected":false},"excerpt":{"rendered":"I den lilla salen intill Paulus VI:s audienshall fick Leo XIV betrakta clipeus, det runda mosaikportr\u00e4tt som \u00e4r&hellip;\n","protected":false},"author":2,"featured_media":135772,"comment_status":"","ping_status":"","sticky":false,"template":"","format":"standard","meta":{"footnotes":""},"categories":[14],"tags":[22,23,26,27,17,21,24,25,28,29,15,16,18,34,31,33,32,30,19,20,51,52,53,54],"class_list":{"0":"post-135771","1":"post","2":"type-post","3":"status-publish","4":"format-standard","5":"has-post-thumbnail","7":"category-varlden","8":"tag-breaking-news","9":"tag-breakingnews","10":"tag-featured-news","11":"tag-featurednews","12":"tag-headlines","13":"tag-huvudnyheter","14":"tag-latest-news","15":"tag-latestnews","16":"tag-main-news","17":"tag-mainnews","18":"tag-news","19":"tag-nyheter","20":"tag-rubriker","21":"tag-se","22":"tag-svenska","23":"tag-sverige","24":"tag-sweden","25":"tag-swedish","26":"tag-top-stories","27":"tag-topstories","28":"tag-varlden","29":"tag-world","30":"tag-world-news","31":"tag-worldnews"},"share_on_mastodon":{"url":"https:\/\/pubeurope.com\/@se\/115893967974849729","error":""},"_links":{"self":[{"href":"https:\/\/www.europesays.com\/se\/wp-json\/wp\/v2\/posts\/135771","targetHints":{"allow":["GET"]}}],"collection":[{"href":"https:\/\/www.europesays.com\/se\/wp-json\/wp\/v2\/posts"}],"about":[{"href":"https:\/\/www.europesays.com\/se\/wp-json\/wp\/v2\/types\/post"}],"author":[{"embeddable":true,"href":"https:\/\/www.europesays.com\/se\/wp-json\/wp\/v2\/users\/2"}],"replies":[{"embeddable":true,"href":"https:\/\/www.europesays.com\/se\/wp-json\/wp\/v2\/comments?post=135771"}],"version-history":[{"count":0,"href":"https:\/\/www.europesays.com\/se\/wp-json\/wp\/v2\/posts\/135771\/revisions"}],"wp:featuredmedia":[{"embeddable":true,"href":"https:\/\/www.europesays.com\/se\/wp-json\/wp\/v2\/media\/135772"}],"wp:attachment":[{"href":"https:\/\/www.europesays.com\/se\/wp-json\/wp\/v2\/media?parent=135771"}],"wp:term":[{"taxonomy":"category","embeddable":true,"href":"https:\/\/www.europesays.com\/se\/wp-json\/wp\/v2\/categories?post=135771"},{"taxonomy":"post_tag","embeddable":true,"href":"https:\/\/www.europesays.com\/se\/wp-json\/wp\/v2\/tags?post=135771"}],"curies":[{"name":"wp","href":"https:\/\/api.w.org\/{rel}","templated":true}]}}