{"id":135773,"date":"2026-01-14T14:39:26","date_gmt":"2026-01-14T14:39:26","guid":{"rendered":"https:\/\/www.europesays.com\/se\/135773\/"},"modified":"2026-01-14T14:39:26","modified_gmt":"2026-01-14T14:39:26","slug":"nya-luftvarnssystemet-tempest-har-skjutit-ner-minst-21-shahedrobotar-2025-dodligaste-aret-for-civila-i-ukraina-cornucopia","status":"publish","type":"post","link":"https:\/\/www.europesays.com\/se\/135773\/","title":{"rendered":"Nya luftv\u00e4rnssystemet Tempest har skjutit ner minst 21 Shahedrobotar \u2013 2025 d\u00f6dligaste \u00e5ret f\u00f6r civila i Ukraina \u2013 Cornucopia?"},"content":{"rendered":"<p>\t\t\t234<\/p>\n<p>Det nya ukrainska luftv\u00e4rnssystemet Tempest har med sina Hellfire Longbowrobotar redan skjutit ner minst 21 Shahedrobotar. \u00c5r 2025 blev det bekr\u00e4ftat d\u00f6dligaste \u00e5ret f\u00f6r civila i Ukraina med minst 2 500 d\u00f6dade och 12 000 skadade uppger FN.<\/p>\n<p><img loading=\"lazy\" decoding=\"async\" width=\"1600\" height=\"1200\" src=\"https:\/\/www.europesays.com\/se\/wp-content\/uploads\/2026\/01\/ukraina_tsirkuny_ruiner_jonas.jpg\" alt=\"\" class=\"wp-image-169141\"  \/>Bombad villa i Tsirkuny n\u00e4ra Charkiv Foto:\u00a0<a href=\"https:\/\/cornucopia.se\/2023\/12\/gastartikel-varfor-jag-hjalper-ukraina\/\" rel=\"nofollow noopener\" target=\"_blank\">Jonas<\/a>, st\u00f6d hans leveranser av pickuper och utrustning\u00a0direkt till frontf\u00f6rbanden\u00a0<a href=\"https:\/\/disarmamentsolutions.com\/ukraine\/donate\/jvm\" rel=\"nofollow noopener\" target=\"_blank\">via Disarmament Solutions<\/a>\u00a0eller\u00a0<a href=\"https:\/\/www.paypal.com\/paypalme\/jvmukraine\" rel=\"nofollow noopener\" target=\"_blank\">via Paypal<\/a>.\u00a0Se \u00e4ven\u00a0<a href=\"https:\/\/www.facebook.com\/jonas.matern\" rel=\"nofollow noopener\" target=\"_blank\">hans Facebook<\/a>\u00a0eller\u00a0<a href=\"https:\/\/bsky.app\/profile\/jvmukraine.bsky.social\" rel=\"nofollow noopener\" target=\"_blank\">Bluesky<\/a>.<\/p>\n<p><a href=\"https:\/\/cornucopia.se\/2022\/08\/organisationer-och-projekt-for-att-stodja-ukraina\/\" rel=\"nofollow noopener\" target=\"_blank\"><strong>Organisationer och projekt att st\u00f6dja f\u00f6r att hj\u00e4lpa Ukraina hittar du h\u00e4r<\/strong><\/a>.\u00a0<strong>Ditt st\u00f6d g\u00f6r verklig skillnad, r\u00e4ddar liv, st\u00f6der Ukrainas f\u00f6rsvar och hj\u00e4lper att besegra den fascistiska fundamentalistiska diktaturen Ryssland.<\/strong><\/p>\n<p><strong>Ukrainas nya l\u00e4tta luftv\u00e4rnssystem Tempest har redan skjutit ner minst 21 Shahedrobotar<\/strong> <a href=\"https:\/\/www.facebook.com\/reel\/898151626226857\" rel=\"nofollow noopener\" target=\"_blank\">rapporterar Ukrainas flygvapen<\/a>. Systemet har tv\u00e5 AGM-114 Hellfirerobotar, f\u00f6rmodligen Longbowversionen, monterade p\u00e5 en snabb terr\u00e4ng\u00e5ende buggy. Robotarna \u00e4r framtagna f\u00f6r att avfyras fr\u00e5n atatckhelikoptrar och kr\u00e4ver allts\u00e5 inte en vapenb\u00e4rare i r\u00f6relse som ett jaktflygplan. Hellfire som i sin svenska ink\u00f6pta variant hos amfibiek\u00e5ren kallas robot 17 har upp till 12 km i r\u00e4ckvidd och filmen fr\u00e5n Ukrainas flygvapen visar att roboten bevisligen fungerar mot Shahedrobotar. <\/p>\n<p>KOMMENTAR<\/p>\n<p>Trist \u00e4r m\u00f6jligen att detta system bara b\u00e4r tv\u00e5 robotar och d\u00e4remellan m\u00e5ste laddas om, men det \u00e4r f\u00f6rmodligen billigt och g\u00e5r att skala upp i volymer snabbt. T\u00e4nker man sig en enhet med minst tv\u00e5 av fordonen, s\u00e5 kan en vara i eldberedskap medan den andra laddas om.<\/p>\n<p>Sverige har donerat ett antal robot 17 Hellfire till Ukraina, och roboten \u00e4r egentligen t\u00e4nkt som en pansarv\u00e4rnsrobot men Sverige har t\u00e4nkt anv\u00e4nda den som en l\u00e4tt sj\u00f6m\u00e5lsrobot, s\u00e5 allt man kan styra den mot fungerar rimligtvis som m\u00e5ltavlor.<\/p>\n<p><img loading=\"lazy\" decoding=\"async\" width=\"1600\" height=\"1200\" src=\"https:\/\/www.europesays.com\/se\/wp-content\/uploads\/2026\/01\/ukraina_fn_bilar_a.jpg\" alt=\"\" class=\"wp-image-97410\"  \/>Fina rena bilar fr\u00e5n FN i Poltava, i trygghet l\u00e5ngt bort fr\u00e5n fronten parkerade framf\u00f6r ett finare hotell <a href=\"https:\/\/www.instagram.com\/adrenalenaadventures\/\" rel=\"nofollow noopener\" target=\"_blank\">Foto: Lena Wilder\u00e4ng<\/a><\/p>\n<p><strong>FN rapporterar att 2025 blev det d\u00f6dligaste \u00e5ret f\u00f6r civila ukrainare sedan starten av den fullskaliga invasionen, baserat p\u00e5 bekr\u00e4ftade d\u00f6dade<\/strong>, som landade p\u00e5 minst 2 500 personer samtidigt som 12 000 civila skadades <a href=\"https:\/\/www.politico.eu\/article\/2025-deadliest-year-civilians-ukraine-un-report-russia-war\/\" rel=\"nofollow noopener\" target=\"_blank\">skriver Politico<\/a>.<\/p>\n<p><a href=\"https:\/\/ukraine.ohchr.org\/en\/2025-deadliest-year-for-civilians-in-Ukraine-since-2022-UN-human-rights-monitors-find\" rel=\"nofollow noopener\" target=\"_blank\">Sj\u00e4lva rapporten fr\u00e5n FN kan l\u00e4sas h\u00e4<\/a>r och specifikt d\u00f6dades 2 514 civila och 12 142 skadades, vilket \u00e4r en \u00f6kning med 31% mot 2025 och 70% mot 2023. 97% av dessa berodde p\u00e5 anfall fr\u00e5n ryska krigsmakten. 577 m\u00f6rdades av korr\u00e4ckviddiga dr\u00f6nare och 3 288 skadades. FN skriver:<\/p>\n<blockquote class=\"wp-block-quote is-layout-flow wp-block-quote-is-layout-flow\">\n<p>\u201cFor example, on 25 December, a short-range drone struck a car with volunteers conducting evacuations in Kostiantynivka, Donetsk region, killing one humanitarian worker and injuring two others. On 6 December, a short-range drone killed a woman and injured her two adult children in occupied Horlivka, Donetsk region.\u201d<\/p>\n<\/blockquote>\n<p>Terrorbombningen mot Ternopil den 19:e november var den enskilt blodigaste attacken med minst 38 m\u00f6rdade inklusive \u00e5tta barn.<\/p>\n<p><img loading=\"lazy\" decoding=\"async\" width=\"2048\" height=\"1536\" src=\"https:\/\/www.europesays.com\/se\/wp-content\/uploads\/2026\/01\/ukraina_izium_massgravar_blommor-2048x1536.jpg\" alt=\"\" class=\"wp-image-69213\"  \/>Exhumerade massgravar i befriade Izium Foto: <a href=\"https:\/\/www.instagram.com\/p\/DTfESI8Cu4m\/?img_index=1\" rel=\"nofollow noopener\" target=\"_blank\">Lena Wilder\u00e4ng<\/a><\/p>\n<p>Siffrorna \u00e4r s\u00e5dant som \u00e4r bekr\u00e4ftat. Hur m\u00e5nga som m\u00f6rdats i det ryska folkmordet p\u00e5 ockuperat territorium \u00e4r ok\u00e4nt, men efter Kupijanssprinten och befrielsen av Cherson vet man att det finns tortyr- och mordcentraler p\u00e5 ockuperat territorium och massgravar d\u00e4r m\u00f6rdade civila g\u00f6mts undan.<\/p>\n<p>F\u00f6rmodligen \u00e4r fortfarande 2022 egentligen det blodigaste \u00e5ret men de bed\u00f6mt 22 000 \u2013 50 000 m\u00f6rdade civila i Mariupol plus ytterligare p\u00e5 andra ockuperade platser har inte kunnat bekr\u00e4ftas. Massgravar runt Mariupol synliga fr\u00e5n rymden har tiotusentals gravar.<\/p>\n<p><strong>Artikeln uppdateras. Vi diskuterar Rysslands krig i Ukraina, f\u00f6rsvar och n\u00e4rliggande \u00e4mnen h\u00e4r. Andra \u00e4mnen kan hanteras i andra artiklar, t ex morgonens ekonomiartikel i till\u00e4mpliga fall.\u00a0<\/strong><strong>Slava Ukraini! Heroiam slava! Razom do peremohi! Smert voroham!<\/strong><\/p>\n<p><strong>10:51<\/strong> <a href=\"https:\/\/www.hartpunkt.de\/condor-ffg-zeigt-flugabwehrkanonen-feuerunterstuetzungspanzer-auf-basis-eines-modernisierten-leopard-1\/\" rel=\"nofollow noopener\" target=\"_blank\">Tyska FFG har tagit fram en ny klass av pansarfordon<\/a>, en Flugabwehrkanonen-Feuerunterst\u00fctzungspanzer. S\u00e4g det snabbt tio g\u00e5nger p\u00e5 raken. P\u00e5 chassit fr\u00e5n en moderniserad Leopard 1 har man monterat ett 30 mm automatkanontorn med de dubbla funktionerna luftv\u00e4rn med tillh\u00f6rande sensorer och eldunderst\u00f6d till markf\u00f6rband. Eller om man s\u00e5 vill en luftv\u00e4rnsinfanterikanonvagn om man ska anv\u00e4nda gammal svensk nomenklatur. Kanske har man i att kombinera b\u00e5de eldunderst\u00f6d till skyttef\u00f6rband med luftv\u00e4rnsf\u00f6rm\u00e5ga ett koncept l\u00e4mpat f\u00f6r pansar i det moderna krigets dr\u00f6narfyllda milj\u00f6.<\/p>\n<p><strong>10:58<\/strong> Ukrainas Nabu forts\u00e4tter visa upp fungerande anti-korruptionsarbete oh har r\u00e4dat den tidigare presidentkandidaten Julia Tymosjenko, <a href=\"https:\/\/bsky.app\/profile\/noelreports.com\/post\/3mcernaj4ec2x\" rel=\"nofollow noopener\" target=\"_blank\">vilket visas p\u00e5 denna film<\/a> \u00e4ven om kvinnan vid arbetsbordet av integritetssk\u00e4l f\u00e5tt sitt ansikte pixlat.<\/p>\n<p><a href=\"https:\/\/en.interfax.com.ua\/news\/general\/1136198.html\" rel=\"nofollow noopener\" target=\"_blank\">Tymosjenko bekr\u00e4ftar r\u00e4den men f\u00f6rnekar anklagelserna<\/a> och s\u00e4ger att det \u00e4r politisk f\u00f6rf\u00f6ljelse. Nabu kan dock knappast anklagas f\u00f6r att styras av Zelenskyj efter att man satt efter flera personer i regeringen samt Zelenskyjs egen stabschef.<\/p>\n<p>Anklagelserna ska handlat om att formalisera en mekanism f\u00f6r att ta emot betalningar i parlamentet f\u00f6r politiskt st\u00f6d. Kyiv Independent citerar Nabu:<\/p>\n<blockquote class=\"wp-block-quote is-layout-flow wp-block-quote-is-layout-flow\">\n<p>\u201cIt was not about one-time agreements, but about a regular mechanism of cooperation that involved advance payments and was intended for a long-term period,\u201d the bureau added. \u201cMembers of parliament were supposed to receive instructions on how to vote, and in certain cases \u2014 on abstaining or not participating in the vote.\u201d<\/p>\n<\/blockquote>\n<p>Huruvida n\u00e5gon \u00e4r skyldig eller ej \u00e5terst\u00e5r att se, det viktiga h\u00e4r \u00e4r att <strong>antikorruptionsarbetet fungerar i Ukraina inklusive p\u00e5 h\u00f6gsta niv\u00e5 mot regering och parlament<\/strong>. Fr\u00e5nvaron av antikorruptionsavsl\u00f6janden inneb\u00e4r inte att korruption saknas, likt i Ryssland, bara att man inte beivrar den.<\/p>\n<p>Antikorruptionsarbetet \u00e4r ocks\u00e5 ett krav f\u00f6r EU-medlemskap.<\/p>\n<p><img loading=\"lazy\" decoding=\"async\" width=\"2048\" height=\"1173\" src=\"https:\/\/www.europesays.com\/se\/wp-content\/uploads\/2026\/01\/gotland_almedalen_mpf_myndigheten_psykologiskt_forsvar_peter_pomerantsev.jpg\" alt=\"\" class=\"wp-image-120760\"  \/>Myndigheten f\u00f6r psykologiskt f\u00f6rsvar. Foto fr\u00e5n annat sammanhang.<\/p>\n<p><strong>11:05 <\/strong>P\u00e5 uppdrag av MPF (Myndigheten f\u00f6r psykologiskt f\u00f6rsvar) <a href=\"https:\/\/www.mynewsdesk.com\/se\/bildkonst-sverige\/pressreleases\/ny-rapport-ai-genererade-bilder-ett-vaexande-hot-mot-svenskt-foersvar-3424411\" rel=\"nofollow noopener\" target=\"_blank\">har Bildkonst Sverige tagit fram en rapport<\/a> med titeln <strong>Bildkunnighet och beredskap<\/strong> som menar att <strong>AI-genererade bilder ett v\u00e4xande hot mot svenskt f\u00f6rsvar.<\/strong><\/p>\n<p>En enhetschef p\u00e5 MPF s\u00e4ger:<\/p>\n<blockquote class=\"wp-block-quote is-layout-flow wp-block-quote-is-layout-flow\">\n<p>\u201cI en tid d\u00e4r AI-genererade och manipulerade bilder och videor sprids i snabb takt blir bildkunnighet s\u00e4rskilt betydelsefullt f\u00f6r att st\u00e5 emot vilseledande information, inte minst f\u00f6r barn och unga. En \u00f6kad f\u00f6rm\u00e5ga att s\u00e4tta bilder i sitt sammanhang bidrar till minskad s\u00e5rbarhet f\u00f6r manipulation och ett st\u00e4rkt psykologiskt f\u00f6rsvar i Sverige.\u201d<\/p>\n<\/blockquote>\n<p>Bildkonst Sveriges generalsekreterare s\u00e4ger:<\/p>\n<blockquote class=\"wp-block-quote is-layout-flow wp-block-quote-is-layout-flow\">\n<p>\u201cFr\u00e5gan har blivit akut, d\u00e5 barn och unga m\u00f6ter AI-bilder, deepfakes och manipulerade filmer varje dag p\u00e5 sociala medier, s\u00e5som TikTok, vilket \u00e4ven blivit ungas fr\u00e4msta nyhetsk\u00e4lla. Regeringen beh\u00f6ver ge bildf\u00f6rst\u00e5else samma prioritet som l\u00e4sfr\u00e4mjande och st\u00e4rka samh\u00e4llets f\u00f6rm\u00e5ga att kritiskt granska bilder.\u201d<\/p>\n<\/blockquote>\n<p>Man f\u00f6resl\u00e5r ett antal \u00e5g\u00e4rdspunkter inklusive i skolan och via SVT.<\/p>\n<p><strong>11:40<\/strong> Ni vet sv\u00e4rjisar och andra femtekolonnare som framh\u00e4vt Ryssland och Putin som f\u00f6rebild och Sveriges r\u00e4ddning fram till den fullskaliga invasionen mot Ukraina? <a href=\"https:\/\/www.facebook.com\/groups\/Ryssland\/posts\/2672773276433078\" rel=\"nofollow noopener\" target=\"_blank\">H\u00e4r \u00e4r en film fr\u00e5n ett ryskt offentligt sjukhus som visar denna f\u00f6rebild och Sveriges r\u00e4ddning<\/a>. Toalettstolen ser iaf ny ut \u2013 f\u00f6rmodligen krigsbyte fr\u00e5n Ukraina.<\/p>\n<p><strong>12:27<\/strong> Ukraina <a href=\"https:\/\/cornucopia.se\/limesurvey\/\" rel=\"nofollow noopener\" target=\"_blank\">har skjutit ner en Geran-4 dr\u00f6narrobot som var bestyckad med en R-60 jaktrobot <\/a>f\u00f6r att kunna skjuta ner ukrainskt jaktflyg eller helikoptrar. Det finns fortfarande inga k\u00e4nda fall d\u00e4r dr\u00f6narrobotar bestyckade med jaktrobotar faktiskt skjutit ner n\u00e5got, eller huruvida de n\u00e5gonsin avfyrats.<\/p>\n<p><img loading=\"lazy\" decoding=\"async\" width=\"2048\" height=\"1396\" src=\"https:\/\/www.europesays.com\/se\/wp-content\/uploads\/2026\/01\/danmark_gronland_kangarlussuaq_flygplats_greenland_air_skyltar-2048x1396.jpg\" alt=\"\" class=\"wp-image-144394\"  \/>Kangarlussuaq p\u00e5 Gr\u00f6nland<\/p>\n<p><strong>12:30<\/strong> <a href=\"https:\/\/www.dr.dk\/nyheder\/indland\/groenland\/efter-pres-fra-usa-danmark-er-nu-begyndt-sende-militaere-forstaerkninger-til-groenland\" rel=\"nofollow noopener\" target=\"_blank\">Enligt k\u00e4llor till danska DR<\/a> skickar Danmark milit\u00e4ra f\u00f6rst\u00e4rkningar till Grlnland tillsammans med icke specificerade allierade. Det handlar om en f\u00f6rtrupp som ska ordna logistik och andra f\u00f6ruts\u00e4ttningar f\u00f6r en permanent och ut\u00f6kad milit\u00e4r n\u00e4rvaro. F\u00f6rtruppen ska ocks\u00e5 f\u00f6rberedandet av mottandet av styrkor fr\u00e5n allierade.<\/p>\n<p>Transportplan fr\u00e5n danska flygvapnet ska landat i Nuuk idag.<\/p>\n<p>KOMMENTAR<\/p>\n<p>Man kanske inte hade en v\u00e4pnad konflikt mellan Nato och USA p\u00e5 sin bingobricka, men nu \u00e4r vi h\u00e4r. Den amerikanske despoten tjafsade om Gr\u00f6nland redan under sin f\u00f6rsta mandatperiod det \u00e4r bara det att han nu sett till att omge sig av lismande sykofanter som han d\u00e4rmed inte beh\u00f6ver sparka, samt att dessa manipulerar honom till sina egna agendor genom lagom fj\u00e4sk.<\/p>\n<p><strong>Likt diktatorn och facisten Putin<\/strong> <strong>ska man lyssna p\u00e5 vad despoten och fascisten Trump s\u00e4ger och inte drabbas av spegelt\u00e4nk och tro att \u201cdet d\u00e4r \u00e4r s\u00e5 dumt s\u00e5 att det kan inte vara p\u00e5 allvar\u201d. Putin har gjort precis det han sagt att han ska g\u00f6ra, och det har Trump ocks\u00e5. S\u00e4ger han att han ska ta Gr\u00f6nland s\u00e5 t\u00e4nker han g\u00f6ra det oavsett hur vansinningt det \u00e4r och p\u00e5 samma s\u00e4tt t\u00e4nker Putin invadera Finland, Baltikum, Polen, Moldavien, Rum\u00e4nien mfl l\u00e4nder som ockuperats av Ryska eller Sovjetiska imperiet.<\/strong><\/p>\n<p>Nuuk ligger f\u00f6r \u00f6vrigt p\u00e5 samma breddgrader som Skellefte\u00e5, eller mellan \u00d6stersund och Lule\u00e5.<\/p>\n<p><strong>13:28<\/strong> Ukraina har <a href=\"https:\/\/bsky.app\/profile\/meanwhileua.bsky.social\/post\/3mcf2wkxdi627\" rel=\"nofollow noopener\" target=\"_blank\">bombat en industri i ryska Rostov-na-Don<\/a>.<\/p>\n<p><img loading=\"lazy\" decoding=\"async\" width=\"2048\" height=\"2048\" src=\"https:\/\/www.europesays.com\/se\/wp-content\/uploads\/2026\/01\/kultur_litteratur_jagarhjarta_pocket-2048x2048.jpeg\" alt=\"\" class=\"wp-image-169132\"  \/>J\u00e4garhj\u00e4rta av Lars Wilder\u00e4ng<\/p>\n<p><strong>13:37<\/strong> Skaml\u00f6s egenreklam s\u00e5 har J\u00e4garhj\u00e4rta nu sl\u00e4ppts p\u00e5 pocket. <a href=\"https:\/\/cornucopia.se\/2026\/01\/jagarhjarta-nu-som-pocket\/\" rel=\"nofollow noopener\" target=\"_blank\">Mer detaljer i separat artikel h\u00e4r<\/a>.<\/p>\n<p><strong>13:53<\/strong> Inget \u00f6verraskande men Ukrainas parlament Verchovna Rada har rutinm\u00e4ssigt <a href=\"https:\/\/www.ukrinform.net\/rubric-ato\/4080232-ukrainian-parliament-extends-martial-law-mobilization-until-may-3.html\" rel=\"nofollow noopener\" target=\"_blank\">f\u00f6rl\u00e4ngt undantagstillst\u00e5ndet och allm\u00e4n mobilisering i Ukraina ytterligare tre m\u00e5nader<\/a>, vilket man kommer forts\u00e4tta med s\u00e5 l\u00e4ngre kriget p\u00e5g\u00e5r.<\/p>\n<p><img loading=\"lazy\" decoding=\"async\" width=\"2048\" height=\"1365\" src=\"https:\/\/www.europesays.com\/se\/wp-content\/uploads\/2026\/01\/singapore_lastfartyg_tankers_redden_dis.jpeg\" alt=\"\" class=\"wp-image-136898\"  \/>Fartyg p\u00e5 redden i Singapore<\/p>\n<p><strong>14:14<\/strong> Finland och Sverige har uppmanat EU:s regering att inf\u00f6ra sanktioner mot all export av lyxprodukter till Ryssland, samt g\u00f6ra det olagligt att erbjuda service och tj\u00e4nster till ryska oljetankers och kapa EU:s import av rysk konstg\u00f6dsel <a href=\"https:\/\/www.euractiv.com\/news\/rapport-eu-weighs-chinese-tech-squeeze\/\" rel=\"nofollow noopener\" target=\"_blank\">rapporterar Euractiv<\/a>.<\/p>\n<blockquote class=\"wp-block-quote is-layout-flow wp-block-quote-is-layout-flow\">\n<p>\u201cFinland and Sweden have urged the Commission to prohibit exports of luxury items to Russia, <strong>outlaw the servicing of Russian oil tankers<\/strong> and cut EU import quotas for Russian fertilisers, according to my colleague Thomas M\u00f8ller-Nielsen.\u201d<\/p>\n<\/blockquote>\n<p>EU:s n\u00e4sta sanktionspaket v\u00e4ntas den 24:e februari.<\/p>\n<p>Inte sett n\u00e5got i svenska nyheter om uppmaningen fr\u00e5n Sverige och Finland, men kanske missat detta.<\/p>\n<p><img loading=\"lazy\" decoding=\"async\" width=\"2048\" height=\"1536\" src=\"https:\/\/www.europesays.com\/se\/wp-content\/uploads\/2026\/01\/eu_sverige_flaggor_flagga-2048x1536.jpeg\" alt=\"\" class=\"wp-image-169188\"  \/>EU. Och delstaten Sverige.<\/p>\n<p><strong>14:20<\/strong> Ukraina f\u00e5r de f\u00f6rsta pengarna av EU:s l\u00e5n p\u00e5 90 miljarder euro till landets f\u00f6rsvar i april <a href=\"https:\/\/en.interfax.com.ua\/news\/general\/1136305.html\" rel=\"nofollow noopener\" target=\"_blank\">skriver Interfax-Ukraine<\/a>. Detta givet att den lagstiftande procesen l\u00e4per p\u00e5 och f\u00e4rdigst\u00e4lls i b\u00f6rjan p\u00e5 mars.<\/p>\n<p>\nNedanst\u00e5ende \u00e4r inneh\u00e5ll fr\u00e5n bloggens samarbetspartner Compricer<\/p>\n<p>\t\t\t\t\t\t\t        <script async src=\"\/\/www.instagram.com\/embed.js\"><\/script><\/p>\n","protected":false},"excerpt":{"rendered":"234 Det nya ukrainska luftv\u00e4rnssystemet Tempest har med sina Hellfire Longbowrobotar redan skjutit ner minst 21 Shahedrobotar. \u00c5r&hellip;\n","protected":false},"author":2,"featured_media":135774,"comment_status":"","ping_status":"","sticky":false,"template":"","format":"standard","meta":{"footnotes":""},"categories":[12],"tags":[22,23,26,27,17,21,24,25,28,29,15,16,18,34,31,33,32,30,19,20],"class_list":{"0":"post-135773","1":"post","2":"type-post","3":"status-publish","4":"format-standard","5":"has-post-thumbnail","7":"category-sverige","8":"tag-breaking-news","9":"tag-breakingnews","10":"tag-featured-news","11":"tag-featurednews","12":"tag-headlines","13":"tag-huvudnyheter","14":"tag-latest-news","15":"tag-latestnews","16":"tag-main-news","17":"tag-mainnews","18":"tag-news","19":"tag-nyheter","20":"tag-rubriker","21":"tag-se","22":"tag-svenska","23":"tag-sverige","24":"tag-sweden","25":"tag-swedish","26":"tag-top-stories","27":"tag-topstories"},"share_on_mastodon":{"url":"https:\/\/pubeurope.com\/@se\/115893971547745200","error":""},"_links":{"self":[{"href":"https:\/\/www.europesays.com\/se\/wp-json\/wp\/v2\/posts\/135773","targetHints":{"allow":["GET"]}}],"collection":[{"href":"https:\/\/www.europesays.com\/se\/wp-json\/wp\/v2\/posts"}],"about":[{"href":"https:\/\/www.europesays.com\/se\/wp-json\/wp\/v2\/types\/post"}],"author":[{"embeddable":true,"href":"https:\/\/www.europesays.com\/se\/wp-json\/wp\/v2\/users\/2"}],"replies":[{"embeddable":true,"href":"https:\/\/www.europesays.com\/se\/wp-json\/wp\/v2\/comments?post=135773"}],"version-history":[{"count":0,"href":"https:\/\/www.europesays.com\/se\/wp-json\/wp\/v2\/posts\/135773\/revisions"}],"wp:featuredmedia":[{"embeddable":true,"href":"https:\/\/www.europesays.com\/se\/wp-json\/wp\/v2\/media\/135774"}],"wp:attachment":[{"href":"https:\/\/www.europesays.com\/se\/wp-json\/wp\/v2\/media?parent=135773"}],"wp:term":[{"taxonomy":"category","embeddable":true,"href":"https:\/\/www.europesays.com\/se\/wp-json\/wp\/v2\/categories?post=135773"},{"taxonomy":"post_tag","embeddable":true,"href":"https:\/\/www.europesays.com\/se\/wp-json\/wp\/v2\/tags?post=135773"}],"curies":[{"name":"wp","href":"https:\/\/api.w.org\/{rel}","templated":true}]}}