{"id":135775,"date":"2026-01-14T14:40:16","date_gmt":"2026-01-14T14:40:16","guid":{"rendered":"https:\/\/www.europesays.com\/se\/135775\/"},"modified":"2026-01-14T14:40:16","modified_gmt":"2026-01-14T14:40:16","slug":"14-januari-12-23-brand-sollentuna-polisen-se","status":"publish","type":"post","link":"https:\/\/www.europesays.com\/se\/135775\/","title":{"rendered":"14 januari 12.23, Brand, Sollentuna &#8211; Polisen.se"},"content":{"rendered":"<ol>\n<li><a href=\"https:\/\/news.google.com\/rss\/articles\/CBMikgFBVV95cUxOeVU5cGNDZnJzbEpua0pPeXBFaVNHYW9RQTFGM0dsWE5EWXVldEhoTHphY1hFZm9laEZtcXFZNlFWajFtUlpwaFdDVlk4UXlXYTYtbHNKMk9MS0FZQUVSNzdXQVdkVnl0U1lJNjRRMVIwSDR6ak9jUG12MDJ2Ylp5ckxuXzZrY2U4MTdPd2VWemVNZw?oc=5\" target=\"_blank\" rel=\"nofollow noopener\">14 januari 12.23, Brand, Sollentuna<\/a>&nbsp;&nbsp;Polisen.se<\/li>\n<li><a href=\"https:\/\/news.google.com\/rss\/articles\/CBMimgFBVV95cUxOVEp4VDA0LTF4ajlfSFdrcDc2V0s1QW85aFZKdjNVUmNtbElTWUhudXlsdlh3VzhVUmpxN1FFdXhib3AxTTkxaVp4cFlvbFQ2YXBUQ1dqZHdBXzBRdjNTWTRpa3h1c19YYzNocGpwR2Z1eXUwcXpnU25leENXOXQzMS1BSTd1cklTZ2V3cWVGNG5EZTl1azBWRGVB?oc=5\" target=\"_blank\" rel=\"nofollow noopener\">Skola i Sollentuna evakuerad efter pyrolarm<\/a>&nbsp;&nbsp;Mitt i<\/li>\n<li><a href=\"https:\/\/news.google.com\/rss\/articles\/CBMikgFBVV95cUxQMDc4bFppSUh4YmZHWmF1clZhcm9iLU9HcldMaUVYcVBhblY4bnNlZ05hSE9pZ3Jpei1PeDUxMkhHTWs5S2sxMGVwMnJRa2FFMGxhcl9MbTBrVFA4WDQ2bHl5YmV4cExBdnMtR25xXzhxUm4xQzNDQ0FvcGdnODBhcmJqR2JDOGRYbkhWS2lDTkVVZw?oc=5\" target=\"_blank\" rel=\"nofollow noopener\">Polisen utreder fyrverkeriskjutning p\u00e5 gymnasieskola i \u00d6stersund<\/a>&nbsp;&nbsp;Sveriges Radio<\/li>\n<li><a href=\"https:\/\/news.google.com\/rss\/articles\/CBMidkFVX3lxTE1JeHRadEZqNmRpQ0Ezc0dFdFVBZENwdTU1bWZoQUd6U3ZwNlZmMW1JVHIzT3JXekJZdnZyWWVKWF85Z2gtZmNfZkNMTV9sNnZDMTJCZlI1VmgzR2FwQ0pXWUNIV3hVVkVNZFVEUG13eFVBUkwxRHc?oc=5\" target=\"_blank\" rel=\"nofollow noopener\">Polisen utreder inte sm\u00e4llaren p\u00e5 Wargen<\/a>&nbsp;&nbsp;\u00d6stersunds-Posten<\/li>\n<li><a href=\"https:\/\/news.google.com\/rss\/articles\/CBMi8wFBVV95cUxNLUpqZ0c5M3R2LXdJc19jMGxQMjR6b2JVa1FRc0UydXkyaG04cG9WaUZnVFBBYXVLUV8wb1R0YnhuNDZIQWp5YkotTUM0b3Uydzl3d05BTjQtRGIwb1l6QlBieUpRTnZBMWtYNUptUEFvRXJlRVRjSmtmWmlQSmp5VEJCQldtVlpHZi1Ka3RCM0pmNGZwdjJlWFZ6bm5Vc2tXWEpsNWZKOGJlYTJwdm5NbzRFS0VFbGlSZTZsbktUUXlscHRiNzgyTU4zX240bTZzc2tsOXZFTzhUSUx0QjNUaC1KeENkZy1nSm96Z1Qya2MwVlk?oc=5\" target=\"_blank\" rel=\"nofollow noopener\">Polis och r\u00e4ddningstj\u00e4nst \u00e5ker till en en skola i Tureberg med anledning av r\u00f6kutveckling.<\/a>&nbsp;&nbsp;Brottsplatskartan.se<\/li>\n<\/ol>\n","protected":false},"excerpt":{"rendered":"14 januari 12.23, Brand, Sollentuna&nbsp;&nbsp;Polisen.se Skola i Sollentuna evakuerad efter pyrolarm&nbsp;&nbsp;Mitt i Polisen utreder fyrverkeriskjutning p\u00e5 gymnasieskola i&hellip;\n","protected":false},"author":2,"featured_media":54,"comment_status":"","ping_status":"","sticky":false,"template":"","format":"standard","meta":{"footnotes":""},"categories":[5],"tags":[22,23,26,27,17,21,24,25,28,29,15,16,18,34,31,33,32,30,19,20],"class_list":{"0":"post-135775","1":"post","2":"type-post","3":"status-publish","4":"format-standard","5":"has-post-thumbnail","7":"category-rubriker","8":"tag-breaking-news","9":"tag-breakingnews","10":"tag-featured-news","11":"tag-featurednews","12":"tag-headlines","13":"tag-huvudnyheter","14":"tag-latest-news","15":"tag-latestnews","16":"tag-main-news","17":"tag-mainnews","18":"tag-news","19":"tag-nyheter","20":"tag-rubriker","21":"tag-se","22":"tag-svenska","23":"tag-sverige","24":"tag-sweden","25":"tag-swedish","26":"tag-top-stories","27":"tag-topstories"},"share_on_mastodon":{"url":"https:\/\/pubeurope.com\/@se\/115893975264677475","error":""},"_links":{"self":[{"href":"https:\/\/www.europesays.com\/se\/wp-json\/wp\/v2\/posts\/135775","targetHints":{"allow":["GET"]}}],"collection":[{"href":"https:\/\/www.europesays.com\/se\/wp-json\/wp\/v2\/posts"}],"about":[{"href":"https:\/\/www.europesays.com\/se\/wp-json\/wp\/v2\/types\/post"}],"author":[{"embeddable":true,"href":"https:\/\/www.europesays.com\/se\/wp-json\/wp\/v2\/users\/2"}],"replies":[{"embeddable":true,"href":"https:\/\/www.europesays.com\/se\/wp-json\/wp\/v2\/comments?post=135775"}],"version-history":[{"count":0,"href":"https:\/\/www.europesays.com\/se\/wp-json\/wp\/v2\/posts\/135775\/revisions"}],"wp:featuredmedia":[{"embeddable":true,"href":"https:\/\/www.europesays.com\/se\/wp-json\/wp\/v2\/media\/54"}],"wp:attachment":[{"href":"https:\/\/www.europesays.com\/se\/wp-json\/wp\/v2\/media?parent=135775"}],"wp:term":[{"taxonomy":"category","embeddable":true,"href":"https:\/\/www.europesays.com\/se\/wp-json\/wp\/v2\/categories?post=135775"},{"taxonomy":"post_tag","embeddable":true,"href":"https:\/\/www.europesays.com\/se\/wp-json\/wp\/v2\/tags?post=135775"}],"curies":[{"name":"wp","href":"https:\/\/api.w.org\/{rel}","templated":true}]}}