{"id":135780,"date":"2026-01-14T14:45:09","date_gmt":"2026-01-14T14:45:09","guid":{"rendered":"https:\/\/www.europesays.com\/se\/135780\/"},"modified":"2026-01-14T14:45:09","modified_gmt":"2026-01-14T14:45:09","slug":"kraftigt-orderlyft-for-svensk-industri-2","status":"publish","type":"post","link":"https:\/\/www.europesays.com\/se\/135780\/","title":{"rendered":"Kraftigt orderlyft f\u00f6r svensk industri"},"content":{"rendered":"<p>\t\t\t\t\t<a href=\"https:\/\/www.tn.se\/den-svenska-industrin\/\" rel=\"nofollow noopener\" target=\"_blank\"><br \/>\n\t\t\t\tDEN SVENSKA INDUSTRIN<br \/>\n\t\t\t<\/a><\/p>\n<p>\t\t\t\t<img decoding=\"async\" class=\"figure-img img-fluid\"  src=\"https:\/\/www.europesays.com\/se\/wp-content\/uploads\/2026\/01\/1768401909_870_bilder.tn.se.jpeg\" alt=\"\" itemprop=\"image\"\/><\/p>\n<p>\t\t\t\t\t\t\t\t\tNya siffror om industrins ordering\u00e5ng. Arkivbild.<br \/>\n\t\t\t\t\t\t\t\t\t\t\t\t\tBild:<br \/>\n\t\t\t\t\tBj\u00f6rn Larsson Rosvall\/TT<\/p>\n<p class=\"ew-preamble\" itemprop=\"description\">Ordering\u00e5ngen till industrin \u00f6kade kraftigt i november, visar ny statistik.<\/p>\n<p>\n\t\tPublicerad:<br \/>\n\t\t14 jan 2026, 09:30\n\t<\/p>\n<p>\n\t\t\tUppdaterad:<br \/>\n\t\t\t14 jan 2026, 09:57\n\t\t<\/p>\n<p class=\"ew-body\">J\u00e4mf\u00f6rt med i oktober var uppg\u00e5ngen 11,8 procent och j\u00e4mf\u00f6rt med november i fjol var \u00f6kningen hela 23 procent, enligt s\u00e4songsrensade siffror fr\u00e5n Statistiska centralbyr\u00e5n (SCB).<\/p>\n<p class=\"ew-body\">\u201dNovember markerar en bred uppg\u00e5ng i industrins ordering\u00e5ng\u201d, s\u00e4ger Kristina Fr\u00e4nd\u00e9n, statistiker p\u00e5 SCB, i ett pressmeddelande<\/p>\n<p>\n\t\tPublicerad:<br \/>\n\t\t14 jan 2026, 09:30\n\t<\/p>\n<p>\n\t\t\tUppdaterad:<br \/>\n\t\t\t14 jan 2026, 09:57\n\t\t<\/p>\n","protected":false},"excerpt":{"rendered":"DEN SVENSKA INDUSTRIN Nya siffror om industrins ordering\u00e5ng. Arkivbild. Bild: Bj\u00f6rn Larsson Rosvall\/TT Ordering\u00e5ngen till industrin \u00f6kade kraftigt&hellip;\n","protected":false},"author":2,"featured_media":135316,"comment_status":"","ping_status":"","sticky":false,"template":"","format":"standard","meta":{"footnotes":""},"categories":[65],"tags":[72,70,71,34,31,33,32,30],"class_list":{"0":"post-135780","1":"post","2":"type-post","3":"status-publish","4":"format-standard","5":"has-post-thumbnail","7":"category-ekonomi","8":"tag-business","9":"tag-economy","10":"tag-ekonomi","11":"tag-se","12":"tag-svenska","13":"tag-sverige","14":"tag-sweden","15":"tag-swedish"},"share_on_mastodon":{"url":"https:\/\/pubeurope.com\/@se\/115893994939659244","error":""},"_links":{"self":[{"href":"https:\/\/www.europesays.com\/se\/wp-json\/wp\/v2\/posts\/135780","targetHints":{"allow":["GET"]}}],"collection":[{"href":"https:\/\/www.europesays.com\/se\/wp-json\/wp\/v2\/posts"}],"about":[{"href":"https:\/\/www.europesays.com\/se\/wp-json\/wp\/v2\/types\/post"}],"author":[{"embeddable":true,"href":"https:\/\/www.europesays.com\/se\/wp-json\/wp\/v2\/users\/2"}],"replies":[{"embeddable":true,"href":"https:\/\/www.europesays.com\/se\/wp-json\/wp\/v2\/comments?post=135780"}],"version-history":[{"count":0,"href":"https:\/\/www.europesays.com\/se\/wp-json\/wp\/v2\/posts\/135780\/revisions"}],"wp:featuredmedia":[{"embeddable":true,"href":"https:\/\/www.europesays.com\/se\/wp-json\/wp\/v2\/media\/135316"}],"wp:attachment":[{"href":"https:\/\/www.europesays.com\/se\/wp-json\/wp\/v2\/media?parent=135780"}],"wp:term":[{"taxonomy":"category","embeddable":true,"href":"https:\/\/www.europesays.com\/se\/wp-json\/wp\/v2\/categories?post=135780"},{"taxonomy":"post_tag","embeddable":true,"href":"https:\/\/www.europesays.com\/se\/wp-json\/wp\/v2\/tags?post=135780"}],"curies":[{"name":"wp","href":"https:\/\/api.w.org\/{rel}","templated":true}]}}