{"id":135783,"date":"2026-01-14T14:48:12","date_gmt":"2026-01-14T14:48:12","guid":{"rendered":"https:\/\/www.europesays.com\/se\/135783\/"},"modified":"2026-01-14T14:48:12","modified_gmt":"2026-01-14T14:48:12","slug":"i-motvinden-finns-ocksa-kraft","status":"publish","type":"post","link":"https:\/\/www.europesays.com\/se\/135783\/","title":{"rendered":"I motvinden finns ocks\u00e5 kraft"},"content":{"rendered":"<p>Kr\u00f6nika<br \/>\n\u00a0\u00a0|\u00a0\u00a0Ledare<\/p>\n<p>14 januari\t\t\t\t\t\t\t\t\t\t\t\t\t<\/p>\n<p><img decoding=\"async\" class=\"b-lazy\" width=\"1060\" height=\"642\" src=\"https:\/\/www.europesays.com\/se\/wp-content\/uploads\/2026\/01\/michellewahrolentoppbild-1060x642.jpg\" src-small=\"https:\/\/www.vardfokus.se\/wp-content\/uploads\/2022\/09\/michellewahrolentoppbild-460x279.jpg|https:\/\/www.vardfokus.se\/wp-content\/uploads\/2022\/09\/michellewahrolentoppbild-780x473.jpg\" src-medium=\"https:\/\/www.vardfokus.se\/wp-content\/uploads\/2022\/09\/michellewahrolentoppbild-780x473.jpg\" alt=\"I motvinden finns ocks\u00e5 kraft\" fetchpriority=\"high\"\/><\/p>\n<p>Detta \u00e4r opinionsmaterial\t\t\t\t\t\t\t\t\t\t\t\t\t<\/p>\n<p class=\"ingress\">\nArbetsgivare som vill att anst\u00e4llda tar semester p\u00e5 grund av extremv\u00e4der hindrat dem ta sig till jobbet. En a-kassa som snabbt sjunker och tvingar folk till f\u00f6rs\u00f6rjningsst\u00f6d samt invandrare som utvisas trots att de \u00e4r v\u00e4letablerade och jobbar i en v\u00e5rd som st\u00e4ndigt talar om personalbrist. Det \u00e4r n\u00e5gra exempel p\u00e5 hur det kollektiva ansvaret alltmer mer skjuts \u00f6ver p\u00e5 individen. Fr\u00e5gan \u00e4r vilken sorts samh\u00e4lle vi vill bygga, skriver Michelle Wahrol\u00e9n, V\u00e5rdfokus chefredakt\u00f6r.<\/p>\n<p>Nytt \u00e5r, nya m\u00f6jligheter brukar det heta. \u00c4nd\u00e5 \u00e4r det sv\u00e5rt att inte k\u00e4nna en viss uppgivenhet n\u00e4r v\u00e4rlden forts\u00e4tter att k\u00e4nnas alltmer upp- och nerv\u00e4nd och m\u00e4rkbart kyligare. Inte bara i politisk mening, med krig, polarisering och h\u00e5rdare tonl\u00e4ge, utan ocks\u00e5 bokstavligen.<\/p>\n<p>S\u00e5rbart samh\u00e4lle<\/p>\n<p>I Sverige inleddes \u00e5ret med ett av de v\u00e4rsta sn\u00f6ov\u00e4drena p\u00e5 l\u00e4nge. Stormen Johannes lamslog delar av landet. Ambulanser k\u00f6rde fast. M\u00e4nniskor i akut behov av hj\u00e4lp fick v\u00e4nta. Sjukhus gick upp i stabsl\u00e4ge. N\u00e5gra miste livet. En brutal p\u00e5minnelse om hur s\u00e5rbart samh\u00e4llet \u00e4r n\u00e4r det verkligen s\u00e4tts p\u00e5 prov.<\/p>\n<p>L\u00f6neavdrag p\u00e5 grund av v\u00e4dret<\/p>\n<p>P\u00e5 flera h\u00e5ll blev det dessutom sv\u00e5rt, ibland om\u00f6jligt, att ta sig till jobbet. Anst\u00e4llda vid Sahlgrenska universitetssjukhuset fick beskedet att den som inte kunde ta sig till arbetet p\u00e5 grund av v\u00e4dret fick ta ut semester eller komp \u2013 annars v\u00e4ntade l\u00f6neavdrag.<\/p>\n<p>Reaktionerna l\u00e4t inte v\u00e4nta p\u00e5 sig. Och det \u00e4r l\u00e4tt att f\u00f6rst\u00e5 varf\u00f6r. Beslutet blottl\u00e4gger en djup or\u00e4ttvisa. F\u00f6r vissa yrkesgrupper spelar sn\u00f6stormen mindre roll. Datorn kan f\u00e4llas upp vid k\u00f6ksbordet och l\u00f6nen tickar p\u00e5 som vanligt. F\u00f6r andra \u2013 inte minst i v\u00e5rden \u2013 finns inget s\u00e5dant alternativ. Patienterna g\u00e5r inte att v\u00e5rda p\u00e5 distans. Resultatet blir ett k\u00e4nnbart h\u00e5l i pl\u00e5nboken, just i januari, m\u00e5naden som redan \u00e4r k\u00e4nd f\u00f6r att vara \u00e5rets fattigaste.<\/p>\n<p>Staten drar sig tillbaka \u2013 individen f\u00e5r b\u00e4ra risken<\/p>\n<p>Sahlgrenskas agerande \u00e4r knappast unikt. Snarare passar det in i ett st\u00f6rre m\u00f6nster: ett samh\u00e4lle d\u00e4r allt mer ansvar f\u00f6rskjuts fr\u00e5n stat och organisationer till individen. Sedan den 1 oktober i fjol trappas a-kassan ned snabbare till niv\u00e5er som f\u00e5 klarar sig p\u00e5. Konsekvensen blir att fler m\u00e4nniskor h\u00e4nvisas till f\u00f6rs\u00f6rjningsst\u00f6d. Staten drar sig tillbaka. Kommunerna f\u00e5r ta sm\u00e4llen. Individen f\u00f6rv\u00e4ntas b\u00e4ra risken. Fr\u00e5gan \u00e4r om det verkligen \u00e4r rimligt. Ska ett samh\u00e4lle fungera som ett lappt\u00e4cke av ensamma ansvarstagare? Vad h\u00e4nder med tilliten, med k\u00e4nslan av att vi faktiskt h\u00f6r ihop?<\/p>\n<blockquote class=\"wp-block-quote is-layout-flow wp-block-quote-is-layout-flow\">\n<p>Ska ett samh\u00e4lle fungera som ett lappt\u00e4cke av ensamma ansvarstagare? Vad h\u00e4nder med tilliten, med k\u00e4nslan av att vi faktiskt h\u00f6r ihop?<\/p>\n<\/blockquote>\n<p>Det finns samtidigt exempel som pekar i en annan riktning. Protesterna mot utvisningen av undersk\u00f6terskorna Zahra och Afshad Kazemipour \u00e4r ett s\u00e5dant. Engagemanget fr\u00e5n kollegor, fackliga f\u00f6retr\u00e4dare och allm\u00e4nhet bidrog till att paret nu f\u00e5r en ny asylpr\u00f6vning. Det \u00e4r sv\u00e5rt att inte se det absurda i att vilja utvisa m\u00e4nniskor som har etablerat sig, arbetar och bidrar \u2013 dessutom i en v\u00e5rd som st\u00e4ndigt talar om personalbrist.<\/p>\n<p>Etablerade personer som jobbar i v\u00e5rden utvisas<\/p>\n<p>Afshad Kazemipour \u00e4r l\u00e4kare och Zahra Kazemipour \u00e4r specialistsjuksk\u00f6terska inom operationssjukv\u00e5rd, utbildad i Iran och snart f\u00e4rdig med sin kompletterande svenska utbildning. Kompetens som bokstavligen beh\u00f6vs. H\u00e4r visade kollektivet sin styrka. N\u00e4r m\u00e4nniskor gick samman h\u00e4nde n\u00e5got. Det inger hopp. Kanske \u00e4r det just d\u00e4r de nya m\u00f6jligheterna finns. Inte i att var och en ska klara sig sj\u00e4lv, utan i att individ och samh\u00e4lle tar ansvar sida vid sida.<\/p>\n<p>Nytt \u00e5r, nya m\u00f6jligheter. Fr\u00e5gan \u00e4r bara vilken sorts samh\u00e4lle vi vill anv\u00e4nda dem till att bygga.<\/p>\n","protected":false},"excerpt":{"rendered":"Kr\u00f6nika \u00a0\u00a0|\u00a0\u00a0Ledare 14 januari Detta \u00e4r opinionsmaterial Arbetsgivare som vill att anst\u00e4llda tar semester p\u00e5 grund av extremv\u00e4der&hellip;\n","protected":false},"author":2,"featured_media":135784,"comment_status":"","ping_status":"","sticky":false,"template":"","format":"standard","meta":{"footnotes":""},"categories":[5],"tags":[22,23,26,27,17,21,24,25,28,29,15,16,18,34,31,33,32,30,19,20],"class_list":{"0":"post-135783","1":"post","2":"type-post","3":"status-publish","4":"format-standard","5":"has-post-thumbnail","7":"category-rubriker","8":"tag-breaking-news","9":"tag-breakingnews","10":"tag-featured-news","11":"tag-featurednews","12":"tag-headlines","13":"tag-huvudnyheter","14":"tag-latest-news","15":"tag-latestnews","16":"tag-main-news","17":"tag-mainnews","18":"tag-news","19":"tag-nyheter","20":"tag-rubriker","21":"tag-se","22":"tag-svenska","23":"tag-sverige","24":"tag-sweden","25":"tag-swedish","26":"tag-top-stories","27":"tag-topstories"},"share_on_mastodon":{"url":"https:\/\/pubeurope.com\/@se\/115894006766168696","error":""},"_links":{"self":[{"href":"https:\/\/www.europesays.com\/se\/wp-json\/wp\/v2\/posts\/135783","targetHints":{"allow":["GET"]}}],"collection":[{"href":"https:\/\/www.europesays.com\/se\/wp-json\/wp\/v2\/posts"}],"about":[{"href":"https:\/\/www.europesays.com\/se\/wp-json\/wp\/v2\/types\/post"}],"author":[{"embeddable":true,"href":"https:\/\/www.europesays.com\/se\/wp-json\/wp\/v2\/users\/2"}],"replies":[{"embeddable":true,"href":"https:\/\/www.europesays.com\/se\/wp-json\/wp\/v2\/comments?post=135783"}],"version-history":[{"count":0,"href":"https:\/\/www.europesays.com\/se\/wp-json\/wp\/v2\/posts\/135783\/revisions"}],"wp:featuredmedia":[{"embeddable":true,"href":"https:\/\/www.europesays.com\/se\/wp-json\/wp\/v2\/media\/135784"}],"wp:attachment":[{"href":"https:\/\/www.europesays.com\/se\/wp-json\/wp\/v2\/media?parent=135783"}],"wp:term":[{"taxonomy":"category","embeddable":true,"href":"https:\/\/www.europesays.com\/se\/wp-json\/wp\/v2\/categories?post=135783"},{"taxonomy":"post_tag","embeddable":true,"href":"https:\/\/www.europesays.com\/se\/wp-json\/wp\/v2\/tags?post=135783"}],"curies":[{"name":"wp","href":"https:\/\/api.w.org\/{rel}","templated":true}]}}