{"id":135790,"date":"2026-01-14T14:55:07","date_gmt":"2026-01-14T14:55:07","guid":{"rendered":"https:\/\/www.europesays.com\/se\/135790\/"},"modified":"2026-01-14T14:55:07","modified_gmt":"2026-01-14T14:55:07","slug":"kungen-gav-foretrade-for-landshovdingen-i-vastmanlands-lan","status":"publish","type":"post","link":"https:\/\/www.europesays.com\/se\/135790\/","title":{"rendered":"Kungen gav f\u00f6retr\u00e4de f\u00f6r landsh\u00f6vdingen i V\u00e4stmanlands l\u00e4n"},"content":{"rendered":"<p class=\"normal\">Sverige best\u00e5r av 21 l\u00e4n. Varje l\u00e4n har en l\u00e4nsstyrelse d\u00e4r landsh\u00f6vdingen \u00e4r chef. Landsh\u00f6vdingen utses av regeringen. <\/p>\n<p>Som statlig myndighet ser l\u00e4nsstyrelsen till att de beslut som Sveriges riksdag och regering fattar blir verklighet i l\u00e4net. L\u00e4nsstyrelsen ska fr\u00e4mja l\u00e4nets utveckling och underr\u00e4ttar regeringen om viktiga h\u00e4ndelser.<\/p>\n<p class=\"normal\">L\u00e4nsstyrelserna inr\u00e4ttades n\u00e4r Axel Oxenstierna \u00e5r 1634 reformerade statsf\u00f6rvaltningen i Sverige.<\/p>\n","protected":false},"excerpt":{"rendered":"Sverige best\u00e5r av 21 l\u00e4n. Varje l\u00e4n har en l\u00e4nsstyrelse d\u00e4r landsh\u00f6vdingen \u00e4r chef. Landsh\u00f6vdingen utses av regeringen.&hellip;\n","protected":false},"author":2,"featured_media":135791,"comment_status":"","ping_status":"","sticky":false,"template":"","format":"standard","meta":{"footnotes":""},"categories":[12],"tags":[22,23,26,27,17,21,24,25,28,29,15,16,18,34,31,33,32,30,19,20],"class_list":{"0":"post-135790","1":"post","2":"type-post","3":"status-publish","4":"format-standard","5":"has-post-thumbnail","7":"category-sverige","8":"tag-breaking-news","9":"tag-breakingnews","10":"tag-featured-news","11":"tag-featurednews","12":"tag-headlines","13":"tag-huvudnyheter","14":"tag-latest-news","15":"tag-latestnews","16":"tag-main-news","17":"tag-mainnews","18":"tag-news","19":"tag-nyheter","20":"tag-rubriker","21":"tag-se","22":"tag-svenska","23":"tag-sverige","24":"tag-sweden","25":"tag-swedish","26":"tag-top-stories","27":"tag-topstories"},"share_on_mastodon":{"url":"https:\/\/pubeurope.com\/@se\/115894034350519267","error":""},"_links":{"self":[{"href":"https:\/\/www.europesays.com\/se\/wp-json\/wp\/v2\/posts\/135790","targetHints":{"allow":["GET"]}}],"collection":[{"href":"https:\/\/www.europesays.com\/se\/wp-json\/wp\/v2\/posts"}],"about":[{"href":"https:\/\/www.europesays.com\/se\/wp-json\/wp\/v2\/types\/post"}],"author":[{"embeddable":true,"href":"https:\/\/www.europesays.com\/se\/wp-json\/wp\/v2\/users\/2"}],"replies":[{"embeddable":true,"href":"https:\/\/www.europesays.com\/se\/wp-json\/wp\/v2\/comments?post=135790"}],"version-history":[{"count":0,"href":"https:\/\/www.europesays.com\/se\/wp-json\/wp\/v2\/posts\/135790\/revisions"}],"wp:featuredmedia":[{"embeddable":true,"href":"https:\/\/www.europesays.com\/se\/wp-json\/wp\/v2\/media\/135791"}],"wp:attachment":[{"href":"https:\/\/www.europesays.com\/se\/wp-json\/wp\/v2\/media?parent=135790"}],"wp:term":[{"taxonomy":"category","embeddable":true,"href":"https:\/\/www.europesays.com\/se\/wp-json\/wp\/v2\/categories?post=135790"},{"taxonomy":"post_tag","embeddable":true,"href":"https:\/\/www.europesays.com\/se\/wp-json\/wp\/v2\/tags?post=135790"}],"curies":[{"name":"wp","href":"https:\/\/api.w.org\/{rel}","templated":true}]}}