{"id":135792,"date":"2026-01-14T14:56:08","date_gmt":"2026-01-14T14:56:08","guid":{"rendered":"https:\/\/www.europesays.com\/se\/135792\/"},"modified":"2026-01-14T14:56:08","modified_gmt":"2026-01-14T14:56:08","slug":"sven-harry-karlsson-har-avlidit-fastighetstidningen","status":"publish","type":"post","link":"https:\/\/www.europesays.com\/se\/135792\/","title":{"rendered":"Sven-Harry Karlsson har avlidit \u2013 Fastighetstidningen"},"content":{"rendered":"<p>Sven-Harry Karlsson, konstsamlaren och filantropen som skapade Sven-Harrys konstmusem i centrala Stockholm, har avlidit, 94 \u00e5r gammal. Det uppger museet i ett pressmeddelande.<\/p>\n<p>Sven-Harry Karlsson f\u00f6ddes 1931 i Lund. Efter l\u00e4rlings\u00e5r som murare arbetade han i sin pappas byggnadsf\u00f6retag, f\u00f6r att d\u00e4refter starta ett eget framg\u00e5ngsrikt byggnadsf\u00f6retag. Han kom att med f\u00f6retaget Folkhem att bli en sm\u00e5tt legendarisk byggm\u00e4stare. F\u00f6retaget byggde villor och flerfamiljshus i Stockholm och blev k\u00e4nt f\u00f6r att, l\u00e5ngt f\u00f6re de flesta konkurrenter, satsa p\u00e5 tr\u00e4 i st\u00e4llet f\u00f6r betong.\u00a0<\/p>\n<p style=\"font-size:14px; font-family:'Open Sans',sans-serif; color:grey\">[ Annons ]<\/p>\n<p><a data-track=\"MTgwLDMsNjA=\" class=\"annons_mitten gofollow\" href=\"https:\/\/www.fastighetsagarna.se\/utbildning\/\" rel=\"nofollow noopener\" target=\"_blank\"><img data-lazyloaded=\"1\" decoding=\"async\" src=\"https:\/\/www.europesays.com\/se\/wp-content\/uploads\/2025\/12\/webb-banner-senaste-kunskap-600x360-1.jpg\"\/><\/a><\/p>\n<p>Men lika mycket var hans passion att samla konst. Genom \u00e5ren byggde han en stor konstsamling med verk av bland andra Helene Schjerfbeck, Edvard Munch, August Strindberg och Lena Cronqvist. En samling han s\u00e4nkte till en stiftelse f\u00f6r att tillg\u00e4ngligg\u00f6ra konsten till allm\u00e4nheten, och 2011 invigdes Sven-Harrys Konstmuseum i ett guldhus, ritat av\u00a0Wing\u00e5rdhs arkitektkontor\u00a0och\u00a0Anna S\u00f6derberg, vid Vasaparken i Stockholm.<\/p>\n<p>\u2013 Det \u00e4r med stor sorg vi meddelar att Sven-Harry stilla har somnat in. Hans drivkraft, charm och humor har gjort ett starkt avtryck p\u00e5 alla omkring honom. M\u00e5nga k\u00e4nner Sven-Harry som byggm\u00e4stare och konstsamlare, men det \u00e4r som filantrop och sann humanist han kommit att ta plats i v\u00e5ra hj\u00e4rtan \u2013 och som vi kommer att minnas honom, s\u00e4ger Dragana Kusoffsky Maksimovic, vd och museichef f\u00f6r Sven-Harrys Konst och Bostadsstiftelse, i ett uttalande.<\/p>\n","protected":false},"excerpt":{"rendered":"Sven-Harry Karlsson, konstsamlaren och filantropen som skapade Sven-Harrys konstmusem i centrala Stockholm, har avlidit, 94 \u00e5r gammal. Det&hellip;\n","protected":false},"author":2,"featured_media":135793,"comment_status":"","ping_status":"","sticky":false,"template":"","format":"standard","meta":{"footnotes":""},"categories":[5],"tags":[22,23,26,27,17,21,24,25,28,29,15,16,18,34,31,33,32,30,19,20],"class_list":{"0":"post-135792","1":"post","2":"type-post","3":"status-publish","4":"format-standard","5":"has-post-thumbnail","7":"category-rubriker","8":"tag-breaking-news","9":"tag-breakingnews","10":"tag-featured-news","11":"tag-featurednews","12":"tag-headlines","13":"tag-huvudnyheter","14":"tag-latest-news","15":"tag-latestnews","16":"tag-main-news","17":"tag-mainnews","18":"tag-news","19":"tag-nyheter","20":"tag-rubriker","21":"tag-se","22":"tag-svenska","23":"tag-sverige","24":"tag-sweden","25":"tag-swedish","26":"tag-top-stories","27":"tag-topstories"},"share_on_mastodon":{"url":"https:\/\/pubeurope.com\/@se\/115894038208417865","error":""},"_links":{"self":[{"href":"https:\/\/www.europesays.com\/se\/wp-json\/wp\/v2\/posts\/135792","targetHints":{"allow":["GET"]}}],"collection":[{"href":"https:\/\/www.europesays.com\/se\/wp-json\/wp\/v2\/posts"}],"about":[{"href":"https:\/\/www.europesays.com\/se\/wp-json\/wp\/v2\/types\/post"}],"author":[{"embeddable":true,"href":"https:\/\/www.europesays.com\/se\/wp-json\/wp\/v2\/users\/2"}],"replies":[{"embeddable":true,"href":"https:\/\/www.europesays.com\/se\/wp-json\/wp\/v2\/comments?post=135792"}],"version-history":[{"count":0,"href":"https:\/\/www.europesays.com\/se\/wp-json\/wp\/v2\/posts\/135792\/revisions"}],"wp:featuredmedia":[{"embeddable":true,"href":"https:\/\/www.europesays.com\/se\/wp-json\/wp\/v2\/media\/135793"}],"wp:attachment":[{"href":"https:\/\/www.europesays.com\/se\/wp-json\/wp\/v2\/media?parent=135792"}],"wp:term":[{"taxonomy":"category","embeddable":true,"href":"https:\/\/www.europesays.com\/se\/wp-json\/wp\/v2\/categories?post=135792"},{"taxonomy":"post_tag","embeddable":true,"href":"https:\/\/www.europesays.com\/se\/wp-json\/wp\/v2\/tags?post=135792"}],"curies":[{"name":"wp","href":"https:\/\/api.w.org\/{rel}","templated":true}]}}