{"id":135796,"date":"2026-01-14T14:59:09","date_gmt":"2026-01-14T14:59:09","guid":{"rendered":"https:\/\/www.europesays.com\/se\/135796\/"},"modified":"2026-01-14T14:59:09","modified_gmt":"2026-01-14T14:59:09","slug":"dan-isaac-wallin-och-jesper-norda","status":"publish","type":"post","link":"https:\/\/www.europesays.com\/se\/135796\/","title":{"rendered":"Dan Isaac Wallin och Jesper Norda"},"content":{"rendered":"<p><a target=\"_blank\" href=\"https:\/\/newsroom.notified.com\/bohuslans-museum-1\/posts\/pressreleases\/konsthallen-bohuslans-museum-dan-isaac-wallin\" rel=\"nofollow noopener\"><img decoding=\"async\" class=\"image\" src=\"https:\/\/www.europesays.com\/se\/wp-content\/uploads\/2026\/01\/yx9AoIUnT4WQ8ZTZ3JIK.webp\" alt=\"Svartvit Kollage. Till v\u00e4nster en stormlampa upph\u00e4ngd mot ljus v\u00e4gg, till h\u00f6ger tv\u00e5 f\u00e4lt i olika gr\u00e5a nyanser och strukturer.\"\/>Fotograf Dan Issac Wallin visar bildserierna E V C, Woolgathering och Pacifico i Konsthallen, medan Jesper Nordas visar sina verk Matters #2 (Onde a Nono) och 118 Stones (Periodic Sequence \/ Landslide) (Pietre a Russolo) i intilliggande V\u00e4sterhallen.<\/a><\/p>\n<p><strong>Den 24 januari klockan 13.00 inviger vi Dan Isaac Wallins utst\u00e4llning E V C och Jesper Nordas konstinstallation Dyptiker i Konsthallen p\u00e5 Bohusl\u00e4ns museum. Under \u00e5rets f\u00f6rsta vernissage kommer bes\u00f6karna att f\u00e5 uppleva fotografi samt film- och ljudkonst. Konstn\u00e4rerna har aldrig tidigare st\u00e4llt ut p\u00e5 Bohusl\u00e4ns museum. <\/strong><\/p>\n<p><strong>Dan Isaac Wallin och E V C<\/strong><\/p>\n<p>Bildserien E V C har aldrig tidigare visats i utst\u00e4llningssammanhang. Namnet syftar p\u00e5 de begynnande bokst\u00e4verna i Erik, Collin och Verner &#8211;\u00a0 namnen p\u00e5 Dans farfar och hans tv\u00e5 br\u00f6der. Det \u00e4r en ber\u00e4ttelse om arbete, traditioner och f\u00f6rlorade v\u00e4rldar. Serien tar sin b\u00f6rjan i en fiskebod i Edsvik, strax norr om Grebbestad, d\u00e4r Dans intresse f\u00f6r sl\u00e4ktens historia som fiskare \u00e5ter\u2013uppv\u00e4cks. De svartvita storformatsfotografierna \u00e4r skapade med ett \u00e4ldre kameraformat och polaroidfilm med stora negativ\u00a0\u2014\u00a0en teknik som st\u00e4mmer \u00f6verens med motiven.<\/p>\n<p>\u00c5ldrade fiskeredskap avbildas mot vit bakgrund, uppsp\u00e4nd p\u00e5 fiskebodens ytterv\u00e4gg d\u00e4r redskapen en g\u00e5ng anv\u00e4nts. Det skapar ett sammanhang som v\u00e4cker nyfikenhet: det \u00e4r inga loppisfynd, utan verktyg tillverkade och brukade av samma sl\u00e4kt genom flera generationer. F\u00f6rem\u00e5len har tillh\u00f6rt redan n\u00e4mnda Erik, Collin och Verner.<\/p>\n<p>Ut\u00f6ver bildserien E V C, visas \u00e4ven bildserierna Woolgathering och Pacifico. Pacifico best\u00e5r av fotografier tagna fr\u00e5n en bergstopp i Mexico. En plats som Dan dagligen besteg under ett antal m\u00e5nader f\u00f6r att fotografera Stilla havet i olika skepnader.<\/p>\n<p>Woolgather f\u00f6rmedlar det isl\u00e4ndska landskapets storslagna kraft. I fotografierna m\u00f6ter vi en v\u00e4rld d\u00e4r natur och saga sm\u00e4lter samman. En dr\u00f6msk melankoli d\u00e4r naturen blir poesi och stillheten blir n\u00e4rvaro.<\/p>\n<p>&#8211; Jag har alltid fascinerats av landskapets l\u00e5ngsamma v\u00e4xlingar. Att vara ute i naturen \u00e4r ren meditation \u2014 timmar p\u00e5 samma plats vilande \u00f6ver horisonten som st\u00e4ndigt f\u00f6r\u00e4ndras. Mina bilder f\u00e5ngar v\u00e5rt behov av tystnad och reflektion. Vad kan vara mer grundl\u00e4ggande \u00e4n havet, bergen och jorden? s\u00e4ger Dan Isaac Wallin.<\/p>\n<p>Dan Isaac Wallin \u00e4r fotograf, med studio i G\u00f6teborg, utbildad p\u00e5 Biskops Arn\u00f6s Nordens fotoskola och ABFs fotoskola.<\/p>\n<p><strong>Jesper Norda och Diptyker<\/strong><\/p>\n<p>I Diptyker utforskar konstn\u00e4ren Jesper Norda gr\u00e4nsen mellan ljud och tystnad. Knappt m\u00e4rkbara f\u00f6r\u00e4ndringar skapar koncentrerade upplevelser av n\u00e4rvaro och minne. Jesper har under tv\u00e5 decennier utvecklat en variationsrik praktik inom ljud- och tidsbaserad konst. I denna installation presenterar han tv\u00e5 verk som v\u00e4xlar \u00f6ver tid: Matters #2 (Onde a Nono) och 118 Stones (Periodic Sequence \/ Landslide) (Pietre a Russolo).<\/p>\n<p>Norda skapar inte musik \u2013 han skapar f\u00f6ruts\u00e4ttningar f\u00f6r lyssnande.<\/p>\n<p>\u201d \u00c4ven om jag arbetar konceptuellt drar uttrycket ofta \u00e5t ett annat h\u00e5ll. Jag efterstr\u00e4var en m\u00e5ngtydighet: Jag gillar \u00f6gonblicket n\u00e4r det intellektuella filtret ger vika och det k\u00e4nns i kroppen.\u201d<\/p>\n<p>118 Stones\u00a0knyter an till antalet grund\u00e4mnen i det periodiska systemet. Ljudet \u00e4r inspelat n\u00e4r stenar sl\u00e4pps mot en klipph\u00e4ll. P\u00e5 ena sidan v\u00e4ggen visas stenarna i ordning, p\u00e5 den andra slumpm\u00e4ssigt. Undertiteln\u00a0Pietre a Russolo\u00a0knyter verket till futurismens fascination f\u00f6r buller, men h\u00e4r med en ekologisk dimension.<\/p>\n<p>Jesper Norda\u00a0\u00e4r en svensk konstn\u00e4r, verksam i G\u00f6teborg, som arbetar med ljudkonst, video och tidsbaserade installationer. Hans verk kretsar kring gr\u00e4nsen mellan ljud och tystnad och skapar intensiva upplevelser av n\u00e4rvaro eller minne genom diskreta f\u00f6r\u00e4ndringar i ljud och ber\u00e4ttande.<\/p>\n<p>\u00a0<\/p>\n<p>Vernissage<\/p>\n<p>Datum: 24 januari 2026<\/p>\n<p>Tid: 13.00<\/p>\n<p>Plats: Konsthallen, Bohusl\u00e4ns museum<\/p>\n<p>Medverkande: Liselotte Munther, enhetschef Utst\u00e4llningar och pedagogik p\u00e5 Bohusl\u00e4ns musuem, h\u00e4lsar v\u00e4lkomna. Dan Isaac Wallin och Jesper Norda ber\u00e4ttar om sina respektive utst\u00e4llningar.<\/p>\n<p>Vi bjuder p\u00e5 dryck och tilltugg till minglet.\u00a0<\/p>\n<p>Fri entr\u00e9.\u00a0<\/p>\n<p>\u00a0<\/p>\n<p>\u00a0<\/p>\n<p><a target=\"_blank\" class=\"btn btn-green me-2 mt-1\" href=\"https:\/\/newsroom.notified.com\/bohuslans-museum-1\/posts\/pressreleases\/konsthallen-bohuslans-museum-dan-isaac-wallin\" rel=\"nofollow noopener\">Read post on Bohusl\u00e4ns Museum newsroom<\/a><a target=\"_blank\" class=\"btn btn-green mt-1\" href=\"https:\/\/newsroom.notified.com\/bohuslans-museum-1\" rel=\"nofollow noopener\">Visit Bohusl\u00e4ns Museum newsroom<\/a><\/p>\n","protected":false},"excerpt":{"rendered":"Fotograf Dan Issac Wallin visar bildserierna E V C, Woolgathering och Pacifico i Konsthallen, medan Jesper Nordas visar&hellip;\n","protected":false},"author":2,"featured_media":135797,"comment_status":"","ping_status":"","sticky":false,"template":"","format":"standard","meta":{"footnotes":""},"categories":[67],"tags":[104,34,31,33,32,30,105],"class_list":{"0":"post-135796","1":"post","2":"type-post","3":"status-publish","4":"format-standard","5":"has-post-thumbnail","7":"category-underhallning","8":"tag-entertainment","9":"tag-se","10":"tag-svenska","11":"tag-sverige","12":"tag-sweden","13":"tag-swedish","14":"tag-underhallning"},"share_on_mastodon":{"url":"https:\/\/pubeurope.com\/@se\/115894050048780189","error":""},"_links":{"self":[{"href":"https:\/\/www.europesays.com\/se\/wp-json\/wp\/v2\/posts\/135796","targetHints":{"allow":["GET"]}}],"collection":[{"href":"https:\/\/www.europesays.com\/se\/wp-json\/wp\/v2\/posts"}],"about":[{"href":"https:\/\/www.europesays.com\/se\/wp-json\/wp\/v2\/types\/post"}],"author":[{"embeddable":true,"href":"https:\/\/www.europesays.com\/se\/wp-json\/wp\/v2\/users\/2"}],"replies":[{"embeddable":true,"href":"https:\/\/www.europesays.com\/se\/wp-json\/wp\/v2\/comments?post=135796"}],"version-history":[{"count":0,"href":"https:\/\/www.europesays.com\/se\/wp-json\/wp\/v2\/posts\/135796\/revisions"}],"wp:featuredmedia":[{"embeddable":true,"href":"https:\/\/www.europesays.com\/se\/wp-json\/wp\/v2\/media\/135797"}],"wp:attachment":[{"href":"https:\/\/www.europesays.com\/se\/wp-json\/wp\/v2\/media?parent=135796"}],"wp:term":[{"taxonomy":"category","embeddable":true,"href":"https:\/\/www.europesays.com\/se\/wp-json\/wp\/v2\/categories?post=135796"},{"taxonomy":"post_tag","embeddable":true,"href":"https:\/\/www.europesays.com\/se\/wp-json\/wp\/v2\/tags?post=135796"}],"curies":[{"name":"wp","href":"https:\/\/api.w.org\/{rel}","templated":true}]}}