{"id":135799,"date":"2026-01-14T15:02:16","date_gmt":"2026-01-14T15:02:16","guid":{"rendered":"https:\/\/www.europesays.com\/se\/135799\/"},"modified":"2026-01-14T15:02:16","modified_gmt":"2026-01-14T15:02:16","slug":"finlands-president-hanas-skrattar-at-honom","status":"publish","type":"post","link":"https:\/\/www.europesays.com\/se\/135799\/","title":{"rendered":"Finlands president h\u00e5nas \u2013 \u201dskrattar \u00e5t honom\u201d"},"content":{"rendered":"<p>Det h\u00e4vdar professorn i utrikespolitik Teivo Teivainen.<\/p>\n<p>Enligt experten kritiseras Stubb f\u00f6r sin n\u00e4ra relation med USA:s president Donald Trump. I mars 2025 \u00e5kte Stubb till Florida f\u00f6r att samtala och spela golf med den amerikanske presidenten. Under det uppm\u00e4rksammade m\u00f6tet enades presidenterna om att Finland ska s\u00e4lja fyra isbrytare till USA. Dessutom ska USA bygga sju nya isbrytare vid sina egna varv, med hj\u00e4lp av finsk expertis.\u00a0<\/p>\n<p>Tio m\u00e5nader senare hotar Trump \u00e5terigen att ta \u00f6ver Gr\u00f6nland med milit\u00e4rt v\u00e5ld. \u00a0<\/p>\n<p>\u2013 F\u00f6r ett \u00e5r sedan skulle ingen ha trott att en s\u00e5dan diskussion var m\u00f6jlig, kommenterade Stubb nyligen.<\/p>\n<p>Presidentens uttalande har v\u00e4ckt reaktioner, menar Teivo Teivainen.<\/p>\n<p>\u2013 Politiker och tj\u00e4nstem\u00e4n, som generellt sett gillar Stubb, skrattar \u00e5t att samtidigt som Stubb spelar golf med Trump och s\u00e4ljer isbrytare till honom, s\u00e5 riktar Trump milit\u00e4ra hot mot ett annat nordiskt land, s\u00e4ger professorn till Iltalehti.<\/p>\n<p><strong>V\u00e4rldens blickar riktas mot Arktis<\/strong><\/p>\n<p>Trump har konsekvent framh\u00e5llit att USA b\u00f6r anskaffa 40 nya isbrytare med anledning av s\u00e4kerhetsl\u00e4get i Arktis.<\/p>\n<p>Det gigantiska omr\u00e5det har blivit en geopolitisk \u201chotspot\u201d, d\u00e4r s\u00e5v\u00e4l Ryssland som Nato \u00f6kat sin milit\u00e4ra n\u00e4rvaro.\u00a0<\/p>\n<p>Regionen \u00e4r rik p\u00e5 outnyttjade resurser som gas, olja och mineraler och har en stark strategisk betydelse. I takt med att isarna sm\u00e4lter p\u00e5 grund av klimatf\u00f6r\u00e4ndringar v\u00e4xer ocks\u00e5 nya sj\u00f6fartsrutter fram, vilket minskar restiden fr\u00e5n Europa, Asien och USA.<\/p>\n<p>L\u00c4S MER: <a style=\"color: #0000ff;\" href=\"https:\/\/ekonomibladet.se\/expert-fruktar-kedjereaktion-kan-fa-ryssland-att-invadera\/\" rel=\"nofollow noopener\" target=\"_blank\">Expert fruktar kedjereaktion: kan f\u00e5 Ryssland att invadera <\/a><\/p>\n<p><strong>Naturresurser <\/strong><\/p>\n<p>Gr\u00f6nland \u00e4r rikt p\u00e5 naturresurser, men tillg\u00e5ngarna \u00e4r oexploaterade.<\/p>\n<p>\u2013 De har ingen utvinning av olja, uran, eller s\u00e4llsynta jordartsmetaller p\u00e5 Gr\u00f6nland. Men alla de h\u00e4r delarna finns p\u00e5 Gr\u00f6nland, s\u00e4ger H\u00e5kan Eggert, lektor vid G\u00f6teborgs universitet, till TV4.<\/p>\n<p>Dessutom har Gr\u00f6nland ett f\u00f6rbud mot att utvinna uran och olja, p\u00e5pekar Eggert.<\/p>\n<p>\u2013 Trump kan s\u00e5klart strunta i gr\u00f6nl\u00e4ndsk lagstiftning, om han tar \u00f6ver Gr\u00f6nland. S\u00e5 kan det vara \u201ddrill baby drill\u201d. Men han skulle ju starta kolutvinning n\u00e4r han vann valet 2016, det blev inte av f\u00f6r att det \u00e4r ol\u00f6nsamt, s\u00e4ger han till kanalen.<\/p>\n<p>L\u00c4S OCKS\u00c5: <a style=\"color: #0000ff;\" href=\"https:\/\/ekonomibladet.se\/kvinna-har-forlorat-100-000-kronor-polisen-gar-ut-med-varning\/\" rel=\"nofollow noopener\" target=\"_blank\">Kvinna har f\u00f6rlorat 100 000 kronor \u2013 polisen g\u00e5r ut med varning<\/a><\/p>\n<p>Foto: Nato resp Official White House Photo by Daniel Torok<\/p>\n<p>Text: Redaktionen<\/p>\n","protected":false},"excerpt":{"rendered":"Det h\u00e4vdar professorn i utrikespolitik Teivo Teivainen. Enligt experten kritiseras Stubb f\u00f6r sin n\u00e4ra relation med USA:s president&hellip;\n","protected":false},"author":2,"featured_media":135800,"comment_status":"","ping_status":"","sticky":false,"template":"","format":"standard","meta":{"footnotes":""},"categories":[14],"tags":[22,23,26,27,17,21,24,25,28,29,15,16,18,34,31,33,32,30,19,20,51,52,53,54],"class_list":{"0":"post-135799","1":"post","2":"type-post","3":"status-publish","4":"format-standard","5":"has-post-thumbnail","7":"category-varlden","8":"tag-breaking-news","9":"tag-breakingnews","10":"tag-featured-news","11":"tag-featurednews","12":"tag-headlines","13":"tag-huvudnyheter","14":"tag-latest-news","15":"tag-latestnews","16":"tag-main-news","17":"tag-mainnews","18":"tag-news","19":"tag-nyheter","20":"tag-rubriker","21":"tag-se","22":"tag-svenska","23":"tag-sverige","24":"tag-sweden","25":"tag-swedish","26":"tag-top-stories","27":"tag-topstories","28":"tag-varlden","29":"tag-world","30":"tag-world-news","31":"tag-worldnews"},"share_on_mastodon":{"url":"https:\/\/pubeurope.com\/@se\/115894061859862765","error":""},"_links":{"self":[{"href":"https:\/\/www.europesays.com\/se\/wp-json\/wp\/v2\/posts\/135799","targetHints":{"allow":["GET"]}}],"collection":[{"href":"https:\/\/www.europesays.com\/se\/wp-json\/wp\/v2\/posts"}],"about":[{"href":"https:\/\/www.europesays.com\/se\/wp-json\/wp\/v2\/types\/post"}],"author":[{"embeddable":true,"href":"https:\/\/www.europesays.com\/se\/wp-json\/wp\/v2\/users\/2"}],"replies":[{"embeddable":true,"href":"https:\/\/www.europesays.com\/se\/wp-json\/wp\/v2\/comments?post=135799"}],"version-history":[{"count":0,"href":"https:\/\/www.europesays.com\/se\/wp-json\/wp\/v2\/posts\/135799\/revisions"}],"wp:featuredmedia":[{"embeddable":true,"href":"https:\/\/www.europesays.com\/se\/wp-json\/wp\/v2\/media\/135800"}],"wp:attachment":[{"href":"https:\/\/www.europesays.com\/se\/wp-json\/wp\/v2\/media?parent=135799"}],"wp:term":[{"taxonomy":"category","embeddable":true,"href":"https:\/\/www.europesays.com\/se\/wp-json\/wp\/v2\/categories?post=135799"},{"taxonomy":"post_tag","embeddable":true,"href":"https:\/\/www.europesays.com\/se\/wp-json\/wp\/v2\/tags?post=135799"}],"curies":[{"name":"wp","href":"https:\/\/api.w.org\/{rel}","templated":true}]}}