{"id":135803,"date":"2026-01-14T15:04:07","date_gmt":"2026-01-14T15:04:07","guid":{"rendered":"https:\/\/www.europesays.com\/se\/135803\/"},"modified":"2026-01-14T15:04:07","modified_gmt":"2026-01-14T15:04:07","slug":"buss-brinner-i-sundsvall-risk-for-explosion","status":"publish","type":"post","link":"https:\/\/www.europesays.com\/se\/135803\/","title":{"rendered":"Buss brinner i Sundsvall \u2013 risk f\u00f6r explosion"},"content":{"rendered":"<p>Larmet om branden kom 14.45 p\u00e5 onsdagen. Just nu \u00e4r det oklart var eller varf\u00f6r bussen pl\u00f6tsligt b\u00f6rjade brinna. <\/p>\n<p>\u2013 F\u00f6raren f\u00f6ljde de rutiner som finns och utrymde passagerarna som fanns med ombord och larmade sedan r\u00e4ddningstj\u00e4nsten, s\u00e4ger David Erixon, presschef p\u00e5 Nobina.<\/p>\n<p>Enligt r\u00e4ddningstj\u00e4nsten \u00e4r det nu en fullt utvecklad brand och ingen passagerare ska befinna sig p\u00e5 bussen. <\/p>\n<p>Ett omr\u00e5de kring bussen har sp\u00e4rrats av. <\/p>\n<p>\u2013 De misst\u00e4nker att det \u00e4r en hybridbuss och d\u00e5 finns det risk f\u00f6r explosion, d\u00e4rf\u00f6r \u00e4r ett omr\u00e5de avsp\u00e4rrat nu. Man har inte p\u00e5b\u00f6rjat n\u00e5gon sl\u00e4ckningsinsats \u00e4nnu eftersom man \u00e4r r\u00e4dd f\u00f6r gas eller batterier som kan explodera, s\u00e4ger r\u00e4ddningstj\u00e4nstens larmoperat\u00f6r. <\/p>\n<p>F\u00f6r tillf\u00e4llet brinner bussen under kontrollerade former. <\/p>\n<p>Nobina kommer att g\u00f6ra en teknisk utredning f\u00f6r att f\u00e5 svar p\u00e5 varf\u00f6r bussen b\u00f6rjade brinna.<\/p>\n<p>Texten uppdateras. <\/p>\n","protected":false},"excerpt":{"rendered":"Larmet om branden kom 14.45 p\u00e5 onsdagen. Just nu \u00e4r det oklart var eller varf\u00f6r bussen pl\u00f6tsligt b\u00f6rjade&hellip;\n","protected":false},"author":2,"featured_media":135804,"comment_status":"","ping_status":"","sticky":false,"template":"","format":"standard","meta":{"footnotes":""},"categories":[5],"tags":[22,23,26,27,17,21,24,25,28,29,15,16,18,34,31,33,32,30,19,20],"class_list":{"0":"post-135803","1":"post","2":"type-post","3":"status-publish","4":"format-standard","5":"has-post-thumbnail","7":"category-rubriker","8":"tag-breaking-news","9":"tag-breakingnews","10":"tag-featured-news","11":"tag-featurednews","12":"tag-headlines","13":"tag-huvudnyheter","14":"tag-latest-news","15":"tag-latestnews","16":"tag-main-news","17":"tag-mainnews","18":"tag-news","19":"tag-nyheter","20":"tag-rubriker","21":"tag-se","22":"tag-svenska","23":"tag-sverige","24":"tag-sweden","25":"tag-swedish","26":"tag-top-stories","27":"tag-topstories"},"share_on_mastodon":{"url":"https:\/\/pubeurope.com\/@se\/115894069628896816","error":""},"_links":{"self":[{"href":"https:\/\/www.europesays.com\/se\/wp-json\/wp\/v2\/posts\/135803","targetHints":{"allow":["GET"]}}],"collection":[{"href":"https:\/\/www.europesays.com\/se\/wp-json\/wp\/v2\/posts"}],"about":[{"href":"https:\/\/www.europesays.com\/se\/wp-json\/wp\/v2\/types\/post"}],"author":[{"embeddable":true,"href":"https:\/\/www.europesays.com\/se\/wp-json\/wp\/v2\/users\/2"}],"replies":[{"embeddable":true,"href":"https:\/\/www.europesays.com\/se\/wp-json\/wp\/v2\/comments?post=135803"}],"version-history":[{"count":0,"href":"https:\/\/www.europesays.com\/se\/wp-json\/wp\/v2\/posts\/135803\/revisions"}],"wp:featuredmedia":[{"embeddable":true,"href":"https:\/\/www.europesays.com\/se\/wp-json\/wp\/v2\/media\/135804"}],"wp:attachment":[{"href":"https:\/\/www.europesays.com\/se\/wp-json\/wp\/v2\/media?parent=135803"}],"wp:term":[{"taxonomy":"category","embeddable":true,"href":"https:\/\/www.europesays.com\/se\/wp-json\/wp\/v2\/categories?post=135803"},{"taxonomy":"post_tag","embeddable":true,"href":"https:\/\/www.europesays.com\/se\/wp-json\/wp\/v2\/tags?post=135803"}],"curies":[{"name":"wp","href":"https:\/\/api.w.org\/{rel}","templated":true}]}}