{"id":135821,"date":"2026-01-14T15:16:11","date_gmt":"2026-01-14T15:16:11","guid":{"rendered":"https:\/\/www.europesays.com\/se\/135821\/"},"modified":"2026-01-14T15:16:11","modified_gmt":"2026-01-14T15:16:11","slug":"open-workspace-vill-losa-flik-kaoset-med-en-helt-ny-sorts-skrivbord","status":"publish","type":"post","link":"https:\/\/www.europesays.com\/se\/135821\/","title":{"rendered":"Open Workspace vill l\u00f6sa flik-kaoset med en helt ny sorts skrivbord"},"content":{"rendered":"<p>Open Workspace \u00e4r ett nytt program som vill utmana den traditionella PC-designen genom att fokusera p\u00e5 arbetsfl\u00f6den ist\u00e4llet f\u00f6r appar. Programmet beskrivs som en \u201ddesktop automation platform\u201d som sparar och \u00e5terst\u00e4ller hela skrivbordslayouter f\u00f6r att bek\u00e4mpa problem med f\u00f6r m\u00e5nga flikar och f\u00f6nster.<\/p>\n<p>Centralt f\u00f6r detta \u00e4r ett \u201dFocalContextual\u201d-gr\u00e4nssnitt, som delar upp sk\u00e4rmen i zoner. En central fokusyta d\u00e4r aktuella flikar och f\u00f6nster visas, och en kontextzon runt kanterna d\u00e4r st\u00f6dmaterial finns tillg\u00e4ngligt utan att st\u00f6ra.<\/p>\n<p>Resultatet \u00e4r ett skrivbord som efterliknar ett fysiskt arbetsbord med en huvuduppgift i mitten och referenser i periferin. Det ska \u00e4ven g\u00e5 att spara och v\u00e4xla mellan kompletta arbetsmilj\u00f6er p\u00e5 n\u00e5gra sekunder, vilket enligt Open Workspace kan minska tiden f\u00f6r att \u00e5terst\u00e4lla ett projekt med upp till 40 g\u00e5nger j\u00e4mf\u00f6rt med manuellt arbete.<\/p>\n<p>Programmet sl\u00e4pps i februari 2026 och kostar 180 dollar per \u00e5r, motsvarande cirka 1650 kronor.<\/p>\n","protected":false},"excerpt":{"rendered":"Open Workspace \u00e4r ett nytt program som vill utmana den traditionella PC-designen genom att fokusera p\u00e5 arbetsfl\u00f6den ist\u00e4llet&hellip;\n","protected":false},"author":2,"featured_media":135822,"comment_status":"","ping_status":"","sticky":false,"template":"","format":"standard","meta":{"footnotes":""},"categories":[66],"tags":[80,78,79,34,31,33,32,30,81,84,83,82],"class_list":{"0":"post-135821","1":"post","2":"type-post","3":"status-publish","4":"format-standard","5":"has-post-thumbnail","7":"category-vetenskap-och-teknik","8":"tag-science","9":"tag-science-and-technology","10":"tag-scienceandtechnology","11":"tag-se","12":"tag-svenska","13":"tag-sverige","14":"tag-sweden","15":"tag-swedish","16":"tag-technology","17":"tag-teknik","18":"tag-vetenskap","19":"tag-vetenskapteknik"},"share_on_mastodon":{"url":"https:\/\/pubeurope.com\/@se\/115894116881754135","error":""},"_links":{"self":[{"href":"https:\/\/www.europesays.com\/se\/wp-json\/wp\/v2\/posts\/135821","targetHints":{"allow":["GET"]}}],"collection":[{"href":"https:\/\/www.europesays.com\/se\/wp-json\/wp\/v2\/posts"}],"about":[{"href":"https:\/\/www.europesays.com\/se\/wp-json\/wp\/v2\/types\/post"}],"author":[{"embeddable":true,"href":"https:\/\/www.europesays.com\/se\/wp-json\/wp\/v2\/users\/2"}],"replies":[{"embeddable":true,"href":"https:\/\/www.europesays.com\/se\/wp-json\/wp\/v2\/comments?post=135821"}],"version-history":[{"count":0,"href":"https:\/\/www.europesays.com\/se\/wp-json\/wp\/v2\/posts\/135821\/revisions"}],"wp:featuredmedia":[{"embeddable":true,"href":"https:\/\/www.europesays.com\/se\/wp-json\/wp\/v2\/media\/135822"}],"wp:attachment":[{"href":"https:\/\/www.europesays.com\/se\/wp-json\/wp\/v2\/media?parent=135821"}],"wp:term":[{"taxonomy":"category","embeddable":true,"href":"https:\/\/www.europesays.com\/se\/wp-json\/wp\/v2\/categories?post=135821"},{"taxonomy":"post_tag","embeddable":true,"href":"https:\/\/www.europesays.com\/se\/wp-json\/wp\/v2\/tags?post=135821"}],"curies":[{"name":"wp","href":"https:\/\/api.w.org\/{rel}","templated":true}]}}