{"id":135823,"date":"2026-01-14T15:17:10","date_gmt":"2026-01-14T15:17:10","guid":{"rendered":"https:\/\/www.europesays.com\/se\/135823\/"},"modified":"2026-01-14T15:17:10","modified_gmt":"2026-01-14T15:17:10","slug":"semesterplaneraren-2026-farre-klamdagar-gor-planeringen-viktigare","status":"publish","type":"post","link":"https:\/\/www.europesays.com\/se\/135823\/","title":{"rendered":"Semesterplaneraren 2026 \u2013 f\u00e4rre kl\u00e4mdagar g\u00f6r planeringen viktigare"},"content":{"rendered":"<p>&#13;<br \/>\n                        &#13;<br \/>\n&#13;<br \/>\n&#13;<\/p>\n<p><strong>F\u00e5 koll p\u00e5 \u00e5rets alla r\u00f6da dagar och planera in \u00e5rets semester p\u00e5 b\u00e4sta s\u00e4tt. H\u00e4r guidar resebyr\u00e5n Ticket dig i hur du ska g\u00f6ra f\u00f6r att vara ledig s\u00e5 l\u00e4nge som m\u00f6jligt utan att sl\u00f6sa semesterdagar.<\/strong><\/p>\n<p>&#13;<\/p>\n<p style=\"margin-bottom:10px;margin-top:12px;\"><img decoding=\"async\" alt=\"Ticket_AdobeStock_807465580.jpeg\" src=\"https:\/\/www.europesays.com\/se\/wp-content\/uploads\/2026\/01\/92ca169d15232338_800x800ar.jpeg\"\/><\/p>\n<p style=\"margin-bottom:10px;\">2026 \u00e4r ett av de \u00e5r som kr\u00e4ver mer framf\u00f6rh\u00e5llning. Totalt inneh\u00e5ller \u00e5ret 13 officiella r\u00f6da dagar, men flera av dem infaller p\u00e5 helger. N\u00e4r f\u00e4rre helgdagar faller p\u00e5 vardagar blir semesterplaneringen viktigare d\u00e5 r\u00e4tt placerade semesterdagar fortfarande kan ge l\u00e5ng sammanh\u00e4ngande ledighet.<\/p>\n<p style=\"margin-bottom:10px;\">\u2013 2026 \u00e4r ett \u00e5r d\u00e4r framf\u00f6rh\u00e5llning verkligen l\u00f6nar sig f\u00f6r den som vill f\u00e5 ut mer av sin semester. Trots att m\u00e5nga r\u00f6da dagar och helgdagar infaller p\u00e5 helger g\u00e5r det fortfarande att f\u00e5 ut mycket ledighet med god planering, s\u00e4ger Tiyoneh Jah, PR- och kommunikationsansvarig p\u00e5 resebyr\u00e5n Ticket.<br \/>\u00a0<\/p>\n<p style=\"margin-bottom:10px;\"><strong>Semesterplaneraren<\/strong><strong> 2026:<\/strong><\/p>\n<p style=\"margin-bottom:10px;\"><strong>P\u00e5sk <\/strong><br \/>L\u00e5ngfredagen infaller fredag 3 april och annandag p\u00e5sk m\u00e5ndag 6 april.<\/p>\n<p style=\"margin-bottom:10px;\"><strong>10 dagar sammanh\u00e4ngande ledighet \u2013 4 semesterdagar<\/strong><br \/><strong>Ta semester<\/strong><strong>:<\/strong> m\u00e5ndag 30 mars\u2013torsdag 2 april eller tisdag 7 april\u2013fredag 10 april.<br \/>Ledigt 28 mars\u20136 april eller 3 april\u201312 april<\/p>\n<p>\u00a0<\/p>\n<p style=\"margin-bottom:10px;\"><strong>F\u00f6rsta maj<\/strong><br \/>F\u00f6rsta maj infaller fredag 1 maj, vilket ger en naturlig l\u00e5nghelg. F\u00f6r den som vill vara ledig under en l\u00e4ngre sammanh\u00e4ngande period \u00e4r det dessutom ett utm\u00e4rkt tillf\u00e4lle att bygga vidare p\u00e5 helgen med n\u00e5gra strategiskt placerade semesterdagar.<\/p>\n<p style=\"margin-bottom:10px;\"><strong>9 dagar sammanh\u00e4ngande ledighet \u2013 4 semesterdagar<\/strong><br \/><strong>Ta semester<\/strong><strong>:<\/strong> m\u00e5ndag 27 april\u2013torsdag 30 april.<br \/>Ledigt 25 april\u20133 maj<\/p>\n<p>\u00a0<\/p>\n<p style=\"margin-bottom:10px;\"><strong>Kristi himmelsf\u00e4rd<\/strong><br \/>Kristihimmelsf\u00e4rdsdag infaller torsdag 14 maj och \u00e4r ett av \u00e5rets tydligaste kl\u00e4mdagstillf\u00e4llen.<\/p>\n<p style=\"margin-bottom:10px;\"><strong>4 dagar sammanh\u00e4ngande ledighet \u2013 1 semesterdag<\/strong><br \/><strong>Ta semester<\/strong><strong>:<\/strong> fredag 15 maj.<br \/>Ledigt 14 maj\u201317 maj<br \/>\u00a0<\/p>\n<p style=\"margin-bottom:10px;\"><strong>9 dagar sammanh\u00e4ngande ledighet \u2013 4 semesterdagar<\/strong><br \/><strong>Ta semester<\/strong><strong>:<\/strong> m\u00e5ndag 11 maj\u2013onsdag 13 maj samt fredag 15 maj.<br \/>Ledigt 9 maj\u201317 maj<\/p>\n<p>\u00a0<\/p>\n<p style=\"margin-bottom:10px;\"><strong>F\u00f6rsta maj + Kristi himmelsf\u00e4rd<\/strong><br \/>Eftersom F\u00f6rsta maj och Kristi himmelsf\u00e4rd intr\u00e4ffar med bara en vecka emellan, s\u00e5 kan man kombinera dessa f\u00f6r att f\u00e5 ihop tillr\u00e4ckligt m\u00e5nga lediga dagar f\u00f6r en riktig l\u00e5ngsemester.<\/p>\n<p style=\"margin-bottom:10px;\"><strong>17 dagar sammanh\u00e4ngande ledighet \u2013 9 semesterdagar<\/strong><br \/><strong>Ta semester<\/strong><strong>:<\/strong> m\u00e5ndag 4 maj\u2013fredag 8 maj, samt m\u00e5ndag 11 maj\u2013onsdag 13 maj och fredag 15 maj.<br \/>Ledigt 1 maj\u201317 maj<br \/>\u00a0<\/p>\n<p style=\"margin-bottom:10px;\"><strong>Midsommar<\/strong><br \/>Midsommarafton infaller i \u00e5r p\u00e5 fredag 19 juni och \u00e4r visserligen inte en r\u00f6d dag, men m\u00e5nga \u00e4r \u00e4nd\u00e5 lediga fr\u00e5n jobbet. Det g\u00f6r perioden till ett bra tillf\u00e4lle att skapa l\u00e4ngre sammanh\u00e4ngande ledighet med hj\u00e4lp av n\u00e5gra semesterdagar. Samtidigt \u00e4r det en attraktiv tid att resa, till exempel till Medelhavet, d\u00e4r temperaturerna ofta \u00e4r behagligt varma samtidigt som priserna generellt ligger l\u00e4gre \u00e4n under h\u00f6gsommaren.<\/p>\n<p style=\"margin-bottom:10px;\"><strong>9 dagar sammanh\u00e4ngande ledighet \u2013 4 semesterdagar<\/strong><br \/><strong>Ta semester<\/strong><strong>:<\/strong> m\u00e5ndag 15 juni\u2013torsdag 18 juni.<br \/>Ledigt 13 juni\u201321 juni<\/p>\n<p>\u00a0<\/p>\n<p style=\"margin-bottom:10px;\"><strong>Jul, ny\u00e5r och trettondag 2026\/2027 <\/strong><\/p>\n<p style=\"margin-bottom:10px;\">\u00c5rsskiftet 2026\/2027 \u00e4r den period som ger st\u00f6rst m\u00f6jlighet att skapa l\u00e4ngre sammanh\u00e4ngande ledighet, tack vare att ny\u00e5rsdagen infaller p\u00e5 en fredag och trettondedag jul p\u00e5 en onsdag.<\/p>\n<p style=\"margin-bottom:10px;\"><strong>9<\/strong><strong> dagar sammanh\u00e4ngande ledighet \u2013 3<\/strong><strong> semesterdagar<\/strong><br \/><strong>Ta semester<\/strong><strong>:<\/strong> m\u00e5ndag 21 december\u2013onsdag 23 december.<br \/>Ledigt 19 december\u201327 december<br \/>\u00a0<\/p>\n<p style=\"margin-bottom:10px;\"><strong>11<\/strong><strong> dagar sammanh\u00e4ngande ledighet \u2013 3<\/strong><strong> semesterdagar<\/strong><br \/><strong>Ta semester<\/strong><strong>:<\/strong> m\u00e5ndag 28 december\u2013onsdag 30 december.<br \/>Ledigt 24 december\u20133 januari<br \/>\u00a0<\/p>\n<p style=\"margin-bottom:10px;\"><strong>14<\/strong><strong> dagar sammanh\u00e4ngande ledighet \u2013 5<\/strong><strong> semesterdagar<\/strong><br \/><strong>Ta semester<\/strong><strong>:<\/strong> m\u00e5ndag 28 december\u2013onsdag 30 december samt m\u00e5ndag 4 januari-tisdag 5 januari.<br \/>Ledigt 24 december\u20136 januari<br \/>\u00a0<\/p>\n<p style=\"margin-bottom:10px;\"><strong>16<\/strong><strong> dagar sammanh\u00e4ngande ledighet \u2013 6<\/strong><strong> semesterdagar<\/strong><br \/><strong>Ta semester<\/strong><strong>:<\/strong> m\u00e5ndag 21 december\u2013torsdag 23 december samt m\u00e5ndag 28 december\u2013onsdag 30 december.<br \/>Ledigt 19 december\u20133 januari<br \/>\u00a0<\/p>\n<p style=\"margin-bottom:10px;\"><strong>19<\/strong><strong> dagar sammanh\u00e4ngande ledighet \u2013 8 semesterdagar<\/strong><br \/><strong>Ta semester<\/strong><strong>:<\/strong> m\u00e5ndag 21 december\u2013torsdag 23 december samt m\u00e5ndag 28 december\u2013onsdag 30 decemberoch 4\u20135 januari.<br \/>Ledigt 19 december\u20136 januari<br \/>\u00a0<\/p>\n<p style=\"margin-bottom:10px;\"><strong>23 dagar sammanh\u00e4ngande ledighet \u2013 10 semesterdagar<\/strong><br \/><strong>Ta semester<\/strong><strong>:<\/strong> m\u00e5ndag 21 december\u2013torsdag 23 december samt m\u00e5ndag 28 december\u2013onsdag 30 decemberoch m\u00e5ndag 4 januari\u2013tisdag 5 januari samt torsdag 7 januari\u2013fredag 8 januari.<br \/>Ledigt 19 december\u201310 januari<br \/>\u00a0<\/p>\n<p style=\"margin-bottom:10px;\">F\u00f6r den som blickar l\u00e4ngre fram i kalendern dr\u00f6jer det innan n\u00e4sta rekord\u00e5r. 2028 sticker ut som n\u00e4sta topp\u00e5r, d\u00e5 totalt 10 r\u00f6da dagar och helgdagar infaller p\u00e5 vardagar, vilket skapar \u00e4nnu b\u00e4ttre f\u00f6ruts\u00e4ttningar f\u00f6r kl\u00e4mdagar och l\u00e4ngre sammanh\u00e4ngande ledighet j\u00e4mf\u00f6rt med b\u00e5de i \u00e5r och n\u00e4sta \u00e5r.<br \/>\u00a0<\/p>\n<p>&#13;<br \/>\n&#13;<br \/>\n&#13;<br \/>\n<b>Tiyoneh Jah<\/b>PR- &amp; kommunikationsansvarig 076-773 34 54tiyoneh.jah@ticket.se&#13;<\/p>\n<p>Ticket Privatresor \u00e4r Nordens st\u00f6rsta privatresebyr\u00e5kedja som \u00e4gs av det privata investmentbolaget Braganza. Under varum\u00e4rkena Ticket, Airngo och Charter erbjuder vi marknadens b\u00e4sta utbud av resor fr\u00e5n \u00f6ver 400 olika flygbolag, charterbolag, researrang\u00f6rer, rederier, hotell och hyrbilsf\u00f6retag. Verksamheten drivs idag genom 16 sajter i 10 l\u00e4nder tillsammans med 65 butiker i Sverige och Norge d\u00e4r online och butik samverkar under en omnikanal-strategi.\u00a0<\/p>\n<p><strong>Taggar:<\/strong><\/p>\n<p>&#13;<br \/>\n&#13;<br \/>\n&#13;<\/p>\n","protected":false},"excerpt":{"rendered":"&#13; &#13; &#13; &#13; F\u00e5 koll p\u00e5 \u00e5rets alla r\u00f6da dagar och planera in \u00e5rets semester p\u00e5 b\u00e4sta&hellip;\n","protected":false},"author":2,"featured_media":135824,"comment_status":"","ping_status":"","sticky":false,"template":"","format":"standard","meta":{"footnotes":""},"categories":[65],"tags":[4414,72,70,71,13725,13724,6735,34,11845,13727,13726,31,33,32,30,5235],"class_list":{"0":"post-135823","1":"post","2":"type-post","3":"status-publish","4":"format-standard","5":"has-post-thumbnail","7":"category-ekonomi","8":"tag-4414","9":"tag-business","10":"tag-economy","11":"tag-ekonomi","12":"tag-ledighet","13":"tag-planering","14":"tag-resor","15":"tag-se","16":"tag-semester","17":"tag-semesterplaneraren","18":"tag-semesterplanering","19":"tag-svenska","20":"tag-sverige","21":"tag-sweden","22":"tag-swedish","23":"tag-tips"},"share_on_mastodon":{"url":"https:\/\/pubeurope.com\/@se\/115894120964943451","error":""},"_links":{"self":[{"href":"https:\/\/www.europesays.com\/se\/wp-json\/wp\/v2\/posts\/135823","targetHints":{"allow":["GET"]}}],"collection":[{"href":"https:\/\/www.europesays.com\/se\/wp-json\/wp\/v2\/posts"}],"about":[{"href":"https:\/\/www.europesays.com\/se\/wp-json\/wp\/v2\/types\/post"}],"author":[{"embeddable":true,"href":"https:\/\/www.europesays.com\/se\/wp-json\/wp\/v2\/users\/2"}],"replies":[{"embeddable":true,"href":"https:\/\/www.europesays.com\/se\/wp-json\/wp\/v2\/comments?post=135823"}],"version-history":[{"count":0,"href":"https:\/\/www.europesays.com\/se\/wp-json\/wp\/v2\/posts\/135823\/revisions"}],"wp:featuredmedia":[{"embeddable":true,"href":"https:\/\/www.europesays.com\/se\/wp-json\/wp\/v2\/media\/135824"}],"wp:attachment":[{"href":"https:\/\/www.europesays.com\/se\/wp-json\/wp\/v2\/media?parent=135823"}],"wp:term":[{"taxonomy":"category","embeddable":true,"href":"https:\/\/www.europesays.com\/se\/wp-json\/wp\/v2\/categories?post=135823"},{"taxonomy":"post_tag","embeddable":true,"href":"https:\/\/www.europesays.com\/se\/wp-json\/wp\/v2\/tags?post=135823"}],"curies":[{"name":"wp","href":"https:\/\/api.w.org\/{rel}","templated":true}]}}