{"id":135843,"date":"2026-01-14T15:33:08","date_gmt":"2026-01-14T15:33:08","guid":{"rendered":"https:\/\/www.europesays.com\/se\/135843\/"},"modified":"2026-01-14T15:33:08","modified_gmt":"2026-01-14T15:33:08","slug":"affarsvarlden-ser-positivt-pa-nobias-avyttring-av-uk-aktien-vard-att-ha-under-bevakning","status":"publish","type":"post","link":"https:\/\/www.europesays.com\/se\/135843\/","title":{"rendered":"Aff\u00e4rsv\u00e4rlden ser positivt p\u00e5 Nobias avyttring av UK, aktien v\u00e4rd att ha under bevakning"},"content":{"rendered":"<p class=\"font-sans text-base text-text-main dark:text-text-main-dark font-normal leading-[1.4]\">K\u00f6ksbolaget Nobias aktie faller med omkring 27 procent p\u00e5 onsdagen, efter en dubbelsm\u00e4ll d\u00e4r bolaget avyttrar sin f\u00f6rlusttyngda verksamhet i Storbritannien och genomf\u00f6r en f\u00f6retr\u00e4desemission p\u00e5 1,5 miljarder kronor f\u00f6r att f\u00e5 bukt med skulds\u00e4ttningen.\n <\/p>\n<p>Aff\u00e4rsv\u00e4rlden skriver i en dagsf\u00e4rsk kommentar att tidningen i flera \u00e5r f\u00f6respr\u00e5kat en f\u00f6rs\u00e4ljning av verksamheten i Storbritannien. Ingen k\u00f6peskilling kommer erl\u00e4ggas, i st\u00e4llet \u00f6vertar k\u00f6paren en bruttoskuld p\u00e5 746 miljoner kronor.\n <\/p>\n<p>&#8221;Sammantaget tycker vi beslutet att s\u00e4lja den f\u00f6rlusttyngda verksamheten i UK \u00e4r strategiskt r\u00e4tt&#8221;, skriver tidningen och framh\u00e5ller att det \u00e4r mycket positivt att ledningen nu enbart kan fokusera p\u00e5 den nordiska verksamheten som faktiskt presterat r\u00e4tt bra \u00f6ver tid.\n <\/p>\n<p>&#8221;Investerare som inte r\u00e4ds riskniv\u00e5n och gillar turn-around bolag kan \u00f6verv\u00e4ga en post. Mer information och detaljer kommer som sagt vid bokslutet i februari. Nobia \u00e4r mer intressant \u00e4n p\u00e5 l\u00e4nge och v\u00e4rd att ha under bevakning&#8221;, avslutar Aff\u00e4rsv\u00e4rlden utan att ge ett tydligt r\u00e5d.<br \/>\n <br class=\"col-start-2\"\/><\/p>\n<p class=\"font-sans text-base text-text-main dark:text-text-main-dark font-normal leading-[1.4]\">Henrik \u00d6hlin<br \/>\n <br class=\"col-start-2\"\/><br \/>\n henrik.ohlin@finwire.se, 0703-21 06 99<br \/>\n <br class=\"col-start-2\"\/><br \/>\n Nyhetsbyr\u00e5n Finwire<\/p>\n","protected":false},"excerpt":{"rendered":"K\u00f6ksbolaget Nobias aktie faller med omkring 27 procent p\u00e5 onsdagen, efter en dubbelsm\u00e4ll d\u00e4r bolaget avyttrar sin f\u00f6rlusttyngda&hellip;\n","protected":false},"author":2,"featured_media":119816,"comment_status":"","ping_status":"","sticky":false,"template":"","format":"standard","meta":{"footnotes":""},"categories":[65],"tags":[72,70,71,34,31,33,32,30],"class_list":{"0":"post-135843","1":"post","2":"type-post","3":"status-publish","4":"format-standard","5":"has-post-thumbnail","7":"category-ekonomi","8":"tag-business","9":"tag-economy","10":"tag-ekonomi","11":"tag-se","12":"tag-svenska","13":"tag-sverige","14":"tag-sweden","15":"tag-swedish"},"share_on_mastodon":{"url":"https:\/\/pubeurope.com\/@se\/115894183711069853","error":""},"_links":{"self":[{"href":"https:\/\/www.europesays.com\/se\/wp-json\/wp\/v2\/posts\/135843","targetHints":{"allow":["GET"]}}],"collection":[{"href":"https:\/\/www.europesays.com\/se\/wp-json\/wp\/v2\/posts"}],"about":[{"href":"https:\/\/www.europesays.com\/se\/wp-json\/wp\/v2\/types\/post"}],"author":[{"embeddable":true,"href":"https:\/\/www.europesays.com\/se\/wp-json\/wp\/v2\/users\/2"}],"replies":[{"embeddable":true,"href":"https:\/\/www.europesays.com\/se\/wp-json\/wp\/v2\/comments?post=135843"}],"version-history":[{"count":0,"href":"https:\/\/www.europesays.com\/se\/wp-json\/wp\/v2\/posts\/135843\/revisions"}],"wp:featuredmedia":[{"embeddable":true,"href":"https:\/\/www.europesays.com\/se\/wp-json\/wp\/v2\/media\/119816"}],"wp:attachment":[{"href":"https:\/\/www.europesays.com\/se\/wp-json\/wp\/v2\/media?parent=135843"}],"wp:term":[{"taxonomy":"category","embeddable":true,"href":"https:\/\/www.europesays.com\/se\/wp-json\/wp\/v2\/categories?post=135843"},{"taxonomy":"post_tag","embeddable":true,"href":"https:\/\/www.europesays.com\/se\/wp-json\/wp\/v2\/tags?post=135843"}],"curies":[{"name":"wp","href":"https:\/\/api.w.org\/{rel}","templated":true}]}}