{"id":135848,"date":"2026-01-14T15:39:07","date_gmt":"2026-01-14T15:39:07","guid":{"rendered":"https:\/\/www.europesays.com\/se\/135848\/"},"modified":"2026-01-14T15:39:07","modified_gmt":"2026-01-14T15:39:07","slug":"sveriges-arkitekter-infor-besparingar-kasper-salin-priset-stalls-in-3","status":"publish","type":"post","link":"https:\/\/www.europesays.com\/se\/135848\/","title":{"rendered":"Sveriges Arkitekter inf\u00f6r besparingar \u2013 Kasper Salin-priset st\u00e4lls in"},"content":{"rendered":"<p>Kasper Salin-priset instiftades 1962 och \u00e4r Sveriges \u00e4ldsta och mest prestigefyllda arkitekturpris. Priset har delats ut oavbrutet varje \u00e5r sedan starten (med undantag f\u00f6r 1976 d\u00e5 ingen utdelning skedde, samt en f\u00f6rskjutning 1977).<\/p>\n<p><strong>Senaste \u00e5rens vinnare:<\/strong><br \/><strong>\u2022 2024:<\/strong> Bes\u00f6kspaviljongen Linn\u00e9tr\u00e4dg\u00e5rden, Uppsala <br \/>Arkitektbyr\u00e5: Hidemark &amp; Stintzing. <br \/>\u2022 <strong>2023:<\/strong> Wisdome Stockholm, Tekniska museet <br \/>Arkitektbyr\u00e5: Elding Oscarson. <br \/>\u2022 <strong>2022:<\/strong> Merkurhuset, G\u00f6teborg<br \/>Arkitektbyr\u00e5: Bornstein och Lyckefors Arkitekter. <br \/>\u2022 <strong>2021:<\/strong> Filborna vattentorn, Helsingborg <br \/>Arkitektbyr\u00e5: Wing\u00e5rdh arkitektkontor. <br \/>\u2022 <strong>2020:<\/strong> Kulturhusets ombyggnad, Stockholm <br \/>Arkitektbyr\u00e5: Ahrbom &amp; Partner. <br \/>\u2022 <strong>2019:<\/strong> Brf Viva, G\u00f6teborg <br \/>Arkitektbyr\u00e5: Malmstr\u00f6m Edstr\u00f6m Arkitekter. <br \/>\u2022 <strong>2018:<\/strong> Atelj\u00e9hus Hamra, Gotland <br \/>Arkitektbyr\u00e5: Anna Chavepayre\/Collectif Encore. <br \/>\u2022 <strong>2017:<\/strong> Skissernas museum, Lund <br \/>Arkitektbyr\u00e5: Elding Oscarson. <br \/>\u2022 <strong>2016:<\/strong> Studio 1, G\u00f6teborg <br \/>Arkitektbyr\u00e5: Johannes Norlander.<br \/>\u2022 <strong>2015:<\/strong> Arkitekturskolan KTH, Stockholm <br \/>Arkitektbyr\u00e5: Tham &amp; Videg\u00e5rd. <br \/>\u2022 <strong>2014:<\/strong> V\u00e4ven, Ume\u00e5 <br \/>Arkitektbyr\u00e5: Sn\u00f8hetta och White.<br \/>\u2022 <strong>2013:<\/strong> Nya krematoriet, Skogskyrkog\u00e5rden <br \/>Arkitektbyr\u00e5: Johan Celsing.<br \/>\u2022 <strong>2012:<\/strong> Domkyrkoforum, Lund <br \/>Arkitektbyr\u00e5: Carmen Izquierdo.<br \/>\u2022 <strong>2011:<\/strong> Station Triangeln, Malm\u00f6 <br \/>Arkitektbyr\u00e5: KHR Arkitekter\/Sweco.<br \/>\u2022 <strong>2010:<\/strong> Ryaverket, G\u00f6teborg <br \/>Arkitektbyr\u00e5: KUB arkitekter.<br \/>\u2022 <strong>2009:<\/strong> Urbana Villor, Malm\u00f6 <br \/>Arkitektbyr\u00e5: Siegel\/\u00c5qvist\/Connheim.<br \/>\u2022 <strong>2008:<\/strong> Kalmar konstmuseum <br \/>Arkitektbyr\u00e5: Tham &amp; Videg\u00e5rd.<br \/>\u2022 <strong>2007:<\/strong> House of Sweden, Washington DC <br \/>Arkitektbyr\u00e5: Wing\u00e5rdh. <br \/>\u2022\u00a0<strong>2006:<\/strong> Aran\u00e4sgymnasiet, Kungsbacka <br \/>Arkitektbyr\u00e5: Wing\u00e5rdh. <br \/>\u2022 <strong>2005:<\/strong> Sj\u00f6stadsparterren, Hammarby Sj\u00f6stad <br \/>Arkitektbyr\u00e5: Diverse. <br \/>\u2022 <strong>2004:<\/strong> (Delat) S\u00f6dert\u00f6rns h\u00f6gskolebibliotek <br \/>Arkitektbyr\u00e5: Malmstr\u00f6m &amp; Edstr\u00f6m. <br \/>V\u00e4rldskulturmuseet <br \/>Arkitektbyr\u00e5: Brisac-Gonzalez<br \/>\u2022 <strong>2003:<\/strong> Kontorshus f\u00f6r White, Stockholm <br \/>Arkitektbyr\u00e5: White. <br \/>\u2022 <strong>2002:<\/strong> Pir F, Arlanda <br \/>Arkitektbyr\u00e5: KHR Rundquist. <br \/>\u2022 <strong>2001:<\/strong> K\u00e5rhuset p\u00e5 Chalmers, G\u00f6teborg <br \/>Arkitektbyr\u00e5: Wing\u00e5rdh. <br \/>\u2022 <strong>2000:<\/strong> Kvarteret Slottet, Helsingborg <br \/>Arkitektbyr\u00e5: Henrik Jais-Nielsen &amp; Mats White. <br \/>\u2022 <strong>1999:<\/strong> Millesg\u00e5rdens konsthall, Liding\u00f6 <br \/>Arkitekt: Johan Celsing. <br \/>\u2022 <strong>1998:<\/strong> Arkitektur- och designcentrum, Stockholm <br \/>Arkitekt: Jos\u00e9 Rafael Moneo. <br \/>\u2022 <strong>1997:<\/strong> Malm\u00f6 stadsbibliotek <br \/>Arkitekt: Henning Larsen Tegnestue. <br \/>\u2022 <strong>1996:<\/strong> Nils Ericson Terminalen, G\u00f6teborg <br \/>Arkitektbyr\u00e5: Niels Torp AS. <br \/>\u2022 <strong>1995:<\/strong> Handelsh\u00f6gskolan i G\u00f6teborg <br \/>Arkitektbyr\u00e5: Ers\u00e9us, Frenning &amp; Sj\u00f6gren. <br \/>\u2022 <strong>1994:<\/strong> Tekniska Verken i Link\u00f6ping <br \/>Arkitektbyr\u00e5: Rosenbergs Arkitekter. <br \/>\u2022 <strong>1993:<\/strong> Astra H\u00e4ssle, M\u00f6lndal <br \/>Arkitektbyr\u00e5: Wing\u00e5rdh &amp; Wing\u00e5rdh. <br \/>\u2022 <strong>1992:<\/strong> Kvarteret Nielsen, Bor\u00e5s <br \/>Arkitektbyr\u00e5: Tegnestuen Vandkunsten. <br \/>\u2022 <strong>1991:<\/strong> J\u00f6nk\u00f6pings l\u00e4ns museum <br \/>Arkitektbyr\u00e5: Nyr\u00e9ns. <br \/>\u2022 <strong>1990:<\/strong> (Delat) Vasamuseet <br \/>Arkitektbyr\u00e5: M\u00e5nsson &amp; Dahlb\u00e4ck. <br \/>Klarahuset<br \/>Arkitektbyr\u00e5: Nyr\u00e9ns. <br \/>\u2022 <strong>1989:<\/strong> Lilla Aska, Link\u00f6ping <br \/>Arkitekt: Ove Hidemark. <br \/>\u2022 <strong>1988:<\/strong> \u00d6ijared Executive Country Club <br \/>Arkitektbyr\u00e5: Wing\u00e5rdh &amp; Wing\u00e5rdh. <br \/>\u2022 <strong>1987:<\/strong> Kulturhuset i Leksand <br \/>Arkitekt: Gunnar Mattsson. <br \/>\u2022 <strong>1986:<\/strong> Drottningen 8 och 11, Stockholm <br \/>Arkitekt: Bengt Lindroos. <br \/>\u2022 <strong>1985:<\/strong> Vagnhallen G\u00e5rda, G\u00f6teborg <br \/>Arkitektbyr\u00e5: ABAKO. <br \/>\u2022 <strong>1984:<\/strong> G\u00e4vle teater, renovering<br \/>Arkitektbyr\u00e5: M\u00e5nsson &amp; Dahlb\u00e4ck. <br \/>\u2022 <strong>1983:<\/strong> Kvarteret Varmfronten, Skarpn\u00e4ck <br \/>Arkitektbyr\u00e5: Arken arkitekter. <br \/>\u2022 <strong>1982:<\/strong> Arlanda inrikeshall <br \/>Arkitektbyr\u00e5: Berg \/ Bobert &amp; Stintzing. <br \/>\u2022 <strong>1981:<\/strong> Etnografiska museet, Stockholm<br \/>Arkitektbyr\u00e5: Jan Gezelius &amp; Gunnar Mattsson. <br \/>\u2022 <strong>1980:<\/strong> Allhuset, Stockholms universitet <br \/>Arkitekt: Ralph Erskine. <br \/>\u2022 <strong>1979:<\/strong> Solbacka, Norrt\u00e4lje <br \/>Arkitektbyr\u00e5: Speek\/Engstrand\/Bengtsson. <br \/>\u2022 <strong>1978:<\/strong> Silvert\u00e4ltet, Hagaparken <br \/>Arkitekt: Torbj\u00f6rn Olsson. <br \/>\u2022 <strong>1977:<\/strong> (Utdelat 1981) Rudolf Steinerseminariet, Ytterj\u00e4rna <br \/>Arkitekt: Erik Asmussen. <br \/>\u2022 <strong>1976:<\/strong> Ingen utdelning. <br \/>\u2022 <strong>1975:<\/strong> Sollentuna sim- och sporthall <br \/>Arkitekt: Gustaf Rosenberg. <br \/>\u2022 <strong>1974:<\/strong> Malm\u00f6 konsthall <br \/>Arkitekt: Klas Anshelm. <br \/>\u2022 <strong>1973:<\/strong> (Delat) Tekniska h\u00f6gskolans och Stadions t-banestationer <br \/>Arkitektbyr\u00e5er: Granit\/Reimers. <br \/>\u2022 <strong>1972:<\/strong> Kulturhuset, Stockholm <br \/>Arkitekt: Peter Celsing. <br \/>\u2022 <strong>1971:<\/strong> Pharmacia, Uppsala <br \/>Arkitekt: Carl Nyr\u00e9n. <br \/>\u2022 <strong>1970:<\/strong> Kvarteret Barberaren, Sandviken<br \/>Arkitekt: Ralph Erskine. <br \/>\u2022 <strong>1969:<\/strong> Televerkets byggnader, Farsta <br \/>Arkitektbyr\u00e5: Hidemark &amp; Danielson. <br \/>\u2022 <strong>1968:<\/strong> Studentbost\u00e4der Vildanden, Lund <br \/>Arkitekt: Bengt Edman. <br \/>\u2022 <strong>1967:<\/strong> Medborgarhuset i \u00d6rebro <br \/>Arkitekter: Erik &amp; Tore Ahls\u00e9n. <br \/>\u2022 <strong>1966:<\/strong> \u00c5hl\u00e9ns City, Stockholm <br \/>Arkitektbyr\u00e5: Backstr\u00f6m &amp; Reinius. <br \/>\u2022 <strong>1965:<\/strong> (Delat) G\u00e4vle krematorium <br \/>Arkitektbyr\u00e5: ELLT. <br \/>L\u00e4rarh\u00f6gskolan i Malm\u00f6 <br \/>Arkitekt: Carl Nyr\u00e9n. <br \/>\u2022 <strong>1964:<\/strong> Kiruna stadshus <br \/>Arkitekt: Artur von Schmalensee. <br \/>\u2022 <strong>1963:<\/strong> Pub varuhusannex, Stockholm <br \/>Arkitekter: Erik &amp; Tore Ahls\u00e9n. <br \/>\u2022\u00a0<strong>1962:<\/strong> Markuskyrkan, Bj\u00f6rkhagen <br \/>Arkitekt: Sigurd Lewerentz. <\/p>\n<p>K\u00e4lla: Wikipedia<\/p>\n","protected":false},"excerpt":{"rendered":"Kasper Salin-priset instiftades 1962 och \u00e4r Sveriges \u00e4ldsta och mest prestigefyllda arkitekturpris. Priset har delats ut oavbrutet varje&hellip;\n","protected":false},"author":2,"featured_media":135715,"comment_status":"","ping_status":"","sticky":false,"template":"","format":"standard","meta":{"footnotes":""},"categories":[67],"tags":[104,34,31,33,32,30,105],"class_list":{"0":"post-135848","1":"post","2":"type-post","3":"status-publish","4":"format-standard","5":"has-post-thumbnail","7":"category-underhallning","8":"tag-entertainment","9":"tag-se","10":"tag-svenska","11":"tag-sverige","12":"tag-sweden","13":"tag-swedish","14":"tag-underhallning"},"share_on_mastodon":{"url":"https:\/\/pubeurope.com\/@se\/115894207272044035","error":""},"_links":{"self":[{"href":"https:\/\/www.europesays.com\/se\/wp-json\/wp\/v2\/posts\/135848","targetHints":{"allow":["GET"]}}],"collection":[{"href":"https:\/\/www.europesays.com\/se\/wp-json\/wp\/v2\/posts"}],"about":[{"href":"https:\/\/www.europesays.com\/se\/wp-json\/wp\/v2\/types\/post"}],"author":[{"embeddable":true,"href":"https:\/\/www.europesays.com\/se\/wp-json\/wp\/v2\/users\/2"}],"replies":[{"embeddable":true,"href":"https:\/\/www.europesays.com\/se\/wp-json\/wp\/v2\/comments?post=135848"}],"version-history":[{"count":0,"href":"https:\/\/www.europesays.com\/se\/wp-json\/wp\/v2\/posts\/135848\/revisions"}],"wp:featuredmedia":[{"embeddable":true,"href":"https:\/\/www.europesays.com\/se\/wp-json\/wp\/v2\/media\/135715"}],"wp:attachment":[{"href":"https:\/\/www.europesays.com\/se\/wp-json\/wp\/v2\/media?parent=135848"}],"wp:term":[{"taxonomy":"category","embeddable":true,"href":"https:\/\/www.europesays.com\/se\/wp-json\/wp\/v2\/categories?post=135848"},{"taxonomy":"post_tag","embeddable":true,"href":"https:\/\/www.europesays.com\/se\/wp-json\/wp\/v2\/tags?post=135848"}],"curies":[{"name":"wp","href":"https:\/\/api.w.org\/{rel}","templated":true}]}}