{"id":135849,"date":"2026-01-14T15:41:15","date_gmt":"2026-01-14T15:41:15","guid":{"rendered":"https:\/\/www.europesays.com\/se\/135849\/"},"modified":"2026-01-14T15:41:15","modified_gmt":"2026-01-14T15:41:15","slug":"cyber-defencely-utvecklar-nytt-verktyg-for-kontinuitetshantering-infor-cybersakerhetslagen","status":"publish","type":"post","link":"https:\/\/www.europesays.com\/se\/135849\/","title":{"rendered":"Cyber Defencely utvecklar nytt verktyg f\u00f6r kontinuitetshantering inf\u00f6r Cybers\u00e4kerhetslagen"},"content":{"rendered":"<p><img fetchpriority=\"high\" decoding=\"async\" width=\"1024\" height=\"683\" src=\"https:\/\/www.europesays.com\/se\/wp-content\/uploads\/2026\/01\/chatgpt-image-14-jan-2026-12-41-11-1024x683.jpg\" alt=\"\" class=\"wp-image-34983\"   data-eio=\"p\"\/>Bilden \u00e4r AI-genererad.<\/p>\n<p>Cybers\u00e4kerhetslagen \u00e4r Sveriges genomf\u00f6rande av EU:s NIS2-direktiv och omfattar offentliga och privata verksamheter inom 18 samh\u00e4llsviktiga sektorer. Ett av kraven i lagen \u00e4r att organisationer ska ha fungerande kontinuitetshantering, s\u00e5 att verksamheten kan uppr\u00e4tth\u00e5llas p\u00e5 en tolerabel niv\u00e5 \u00e4ven vid allvarliga st\u00f6rningar.<\/p>\n<p class=\"has-medium-font-size\"><strong>Identifierar kritiska processer och beroenden<\/strong><\/p>\n<p>Det nya verktyget \u00e4r utformat f\u00f6r att hj\u00e4lpa organisationer att identifiera kritiska processer, tekniska och organisatoriska beroenden samt att ta fram och underh\u00e5lla kontinuitetsplaner. Enligt bolaget ska l\u00f6sningen kunna integreras med den kostnadsfria onlinetj\u00e4nsten Cyberresilient, som Cyber Defencely lanserade under h\u00f6sten 2025 med st\u00f6d fr\u00e5n d\u00e5varande MSB. Cyberresilient anv\u00e4nds f\u00f6r att ge verksamheter en \u00f6vergripande bed\u00f6mning av deras s\u00e4kerhetsl\u00e4ge och vilka \u00e5tg\u00e4rder som kr\u00e4vs f\u00f6r att uppfylla lagkraven.<\/p>\n<p>Utvecklingen av kontinuitetsverktyget sker formellt i systerbolaget Internetworking, som beviljats projektst\u00f6d fr\u00e5n MCF. Lansering planeras ske under 2026.<\/p>\n<p class=\"has-medium-font-size\"><strong>Digitalt arbetsfl\u00f6de f\u00f6r kontinuitetsarbete<\/strong><\/p>\n<p>Enligt Cyber Defencely \u00e4r ambitionen att ers\u00e4tta manuella arbetss\u00e4tt som ofta bygger p\u00e5 statiska dokument i exempelvis Word eller Excel. Det nya systemet ska i st\u00e4llet erbjuda ett l\u00f6pande arbetsfl\u00f6de d\u00e4r kontinuitetsplaner h\u00e5lls uppdaterade \u00f6ver tid. Verktyget inneh\u00e5ller \u00e4ven AI-st\u00f6d och scenariobaserade \u00f6vningar, och kan driftas antingen i svensk molnmilj\u00f6 eller lokalt hos kunden.<\/p>\n<p>\u2013 Kontinuitetsplaner finns ofta, men de blir snabbt inaktuella. Tanken \u00e4r att skapa ett system som kontinuerligt speglar organisationens tillg\u00e5ngar, kritiska processer och beroenden, s\u00e4ger Emanuel Lipsch\u00fctz, styrelseordf\u00f6rande i Cyber Defencely.<\/p>\n<p class=\"has-medium-font-size\"><strong>Samspel mellan utv\u00e4rdering och kontinuitet<\/strong><\/p>\n<p>Cyber Defencely lyfter fram samspelet mellan s\u00e4kerhetsutv\u00e4rdering och kontinuitetshantering som centralt f\u00f6r att m\u00f6ta de nya lagkraven. Genom att kombinera analys, \u00e5tg\u00e4rdsf\u00f6rslag och kontinuitetsplanering i samma ekosystem ska organisationer kunna arbeta mer strukturerat med b\u00e5de regelefterlevnad och operativ motst\u00e5ndskraft.<\/p>\n<p>\u2013 Kraven p\u00e5 kontinuitet och cybers\u00e4kerhet \u00f6kar snabbt. V\u00e5r m\u00e5ls\u00e4ttning \u00e4r att g\u00f6ra detta arbete mer \u00f6versk\u00e5dligt och praktiskt genom digitala verktyg som st\u00f6djer hela processen, s\u00e4ger Daniel Reinholdsson, vd f\u00f6r Cyber Defencely.<\/p>\n<p>Bolaget bed\u00f6mer att tiotusentals svenska verksamheter kommer att p\u00e5verkas av Cybers\u00e4kerhetslagen och d\u00e4rmed ha behov av nya verktyg och arbetss\u00e4tt f\u00f6r att uppfylla kraven p\u00e5 kontinuitet och cybers\u00e4kerhet.<\/p>\n<p class=\"legal\">Aktuell S\u00e4kerhet jobbar f\u00f6r alla som vill g\u00f6ra s\u00e4krare aff\u00e4rer och \u00e4r d\u00e4rf\u00f6r en s\u00e4ker informationsk\u00e4lla f\u00f6r s\u00e4kerhetsansvariga inom s\u00e5v\u00e4l privat som statlig och kommunal sektor. Vi str\u00e4var efter f\u00f6rstahandsk\u00e4llor och att vara p\u00e5 plats d\u00e4r det h\u00e4nder. Trov\u00e4rdighet och opartiskhet \u00e4r centrala v\u00e4rden f\u00f6r v\u00e5r nyhetsjournalistik<\/p>\n<p>Skaffa Aktuell S\u00e4kerhet Nyhetsbrev<\/p>\n<p>Genom att klicka p\u00e5 &#8221;Prenumerera&#8221; ger du samtycke till att vi sparar och anv\u00e4nder dina personuppgifter i enlighet med v\u00e5r integritetspolicy.<\/p>\n","protected":false},"excerpt":{"rendered":"Bilden \u00e4r AI-genererad. Cybers\u00e4kerhetslagen \u00e4r Sveriges genomf\u00f6rande av EU:s NIS2-direktiv och omfattar offentliga och privata verksamheter inom 18&hellip;\n","protected":false},"author":2,"featured_media":135850,"comment_status":"","ping_status":"","sticky":false,"template":"","format":"standard","meta":{"footnotes":""},"categories":[65],"tags":[3024,13728,13729,11611,72,70,71,34,31,33,32,30],"class_list":{"0":"post-135849","1":"post","2":"type-post","3":"status-publish","4":"format-standard","5":"has-post-thumbnail","7":"category-ekonomi","8":"tag-cyberdefencely","9":"tag-cybersakerhetslag","10":"tag-cybersakerhetslagen","11":"tag-nis2","12":"tag-business","13":"tag-economy","14":"tag-ekonomi","15":"tag-se","16":"tag-svenska","17":"tag-sverige","18":"tag-sweden","19":"tag-swedish"},"share_on_mastodon":{"url":"https:\/\/pubeurope.com\/@se\/115894215148425624","error":""},"_links":{"self":[{"href":"https:\/\/www.europesays.com\/se\/wp-json\/wp\/v2\/posts\/135849","targetHints":{"allow":["GET"]}}],"collection":[{"href":"https:\/\/www.europesays.com\/se\/wp-json\/wp\/v2\/posts"}],"about":[{"href":"https:\/\/www.europesays.com\/se\/wp-json\/wp\/v2\/types\/post"}],"author":[{"embeddable":true,"href":"https:\/\/www.europesays.com\/se\/wp-json\/wp\/v2\/users\/2"}],"replies":[{"embeddable":true,"href":"https:\/\/www.europesays.com\/se\/wp-json\/wp\/v2\/comments?post=135849"}],"version-history":[{"count":0,"href":"https:\/\/www.europesays.com\/se\/wp-json\/wp\/v2\/posts\/135849\/revisions"}],"wp:featuredmedia":[{"embeddable":true,"href":"https:\/\/www.europesays.com\/se\/wp-json\/wp\/v2\/media\/135850"}],"wp:attachment":[{"href":"https:\/\/www.europesays.com\/se\/wp-json\/wp\/v2\/media?parent=135849"}],"wp:term":[{"taxonomy":"category","embeddable":true,"href":"https:\/\/www.europesays.com\/se\/wp-json\/wp\/v2\/categories?post=135849"},{"taxonomy":"post_tag","embeddable":true,"href":"https:\/\/www.europesays.com\/se\/wp-json\/wp\/v2\/tags?post=135849"}],"curies":[{"name":"wp","href":"https:\/\/api.w.org\/{rel}","templated":true}]}}