{"id":135857,"date":"2026-01-14T15:47:12","date_gmt":"2026-01-14T15:47:12","guid":{"rendered":"https:\/\/www.europesays.com\/se\/135857\/"},"modified":"2026-01-14T15:47:12","modified_gmt":"2026-01-14T15:47:12","slug":"ellika-lagerlof-nomineras-till-boras-tidnings-debutantpris-2026","status":"publish","type":"post","link":"https:\/\/www.europesays.com\/se\/135857\/","title":{"rendered":"Ellika Lagerl\u00f6f nomineras till Bor\u00e5s Tidnings Debutantpris 2026"},"content":{"rendered":"<p><strong>Albert Bonniers F\u00f6rlag<\/strong>, 2026-01-14<\/p>\n<p><a href=\"https:\/\/www.albertbonniersforlag.se\/forfattare\/71867\/ellika-lagerlof\/\" rel=\"nofollow noopener\" target=\"_blank\">Ellika Lagerl\u00f6f<\/a> nomineras till <a href=\"https:\/\/www.bt.se\/kultur\/de-nomineras-till-boras-tidnings-debutantpris-7QU3r\/\" rel=\"nofollow noopener\" target=\"_blank\">Bor\u00e5s Tidnings Debutantpris 2026<\/a> f\u00f6r sin novellsamling <a href=\"https:\/\/www.albertbonniersforlag.se\/bocker\/295631\/den-sista-kastraten\/\" rel=\"nofollow noopener\" target=\"_blank\">Den sista kastraten<\/a>\u00a0med motiveringen: F\u00f6r en absurd novellsamling som \u00f6ppnar d\u00f6rren till scenrum med m\u00e4nniskor och djur i f\u00f6rvandling.<\/p>\n<p><a href=\"https:\/\/www.albertbonniersforlag.se\/bocker\/295631\/den-sista-kastraten\/\" rel=\"nofollow noopener\" target=\"_blank\"><img fetchpriority=\"high\" decoding=\"async\" class=\"size-medium wp-image-6623 alignleft\" src=\"https:\/\/www.europesays.com\/se\/wp-content\/uploads\/2026\/01\/densistakastraten-201x300.jpg\" alt=\"\" width=\"201\" height=\"300\"  \/>Den sista kastraten<\/a> best\u00e5r av 16 noveller som r\u00f6r sig i ett gr\u00e4nsland mellan det absurda, groteska och humoristiska. Boken har tidigare beskrivits som \u201den modig debut och en stark r\u00f6st som sticker ut\u201d av Bor\u00e5s Tidnings kritiker.<\/p>\n<p>F\u00f6rfattaren fick beskedet om nomineringen under vardagliga omst\u00e4ndigheter \u2013 och blev minst sagt \u00f6verraskad.<\/p>\n<p>Ellika Lagerl\u00f6f:<\/p>\n<p>\u2013 Det k\u00e4nns j\u00e4tte-j\u00e4ttekul. Jag satt i telefonk\u00f6 till Skatteverket och skulle boka l\u00e4karbes\u00f6k, och trodde det var n\u00e5gon av dem som ringde, s\u00e5 det var en rolig \u00f6verraskning,.<\/p>\n<p>Om Den sista kastraten<\/p>\n<p>En pojke har klippt av sitt k\u00f6n med en sax f\u00f6r att aldrig bli vuxen, p\u00e5 ett kollo odlas p\u00e4rlor i deltagarnas munnar och bakom v\u00e4ggen i en villa har en byggarbetare levt i flera \u00e5r.<\/p>\n<p><a href=\"https:\/\/www.albertbonniersforlag.se\/forfattare\/71867\/ellika-lagerlof\/\" rel=\"nofollow noopener\" target=\"_blank\">Ellika Lagerl\u00f6fs<\/a>\u00a0noveller handlar om gr\u00e4nserna mellan djur och m\u00e4nniska, ung och gammal, v\u00e5ld och omsorg, man och kvinna; om vakuumf\u00f6rpackad mat och om m\u00e4nniskor i v\u00e4skor och om hur man uppfostrar barn.<\/p>\n<p>Flerfaldigt prisnominerad<br \/>\n<a href=\"https:\/\/www.albertbonniersforlag.se\/forfattare\/71867\/ellika-lagerlof\/\" rel=\"nofollow noopener\" target=\"_blank\"><img loading=\"lazy\" decoding=\"async\" aria-describedby=\"caption-attachment-6708\" class=\"wp-image-6708 size-medium\" src=\"https:\/\/www.europesays.com\/se\/wp-content\/uploads\/2026\/01\/ellika-l-71867b-213x300.jpg\" alt=\"\" width=\"213\" height=\"300\"  \/><\/a><\/p>\n<p id=\"caption-attachment-6708\" class=\"wp-caption-text\">Foto: M\u00e4rta Thisner<\/p>\n<p><a href=\"https:\/\/www.albertbonniersforlag.se\/forfattare\/71867\/ellika-lagerlof\/\" rel=\"nofollow noopener\" target=\"_blank\">Ellika Lagerl\u00f6f<\/a> \u00e4r \u00e4ven nominerad till Katapultpriset och N\u00f6jesguidens Stockholmspris och beskriver debut\u00e5ret som fullt av ov\u00e4ntade gl\u00e4dje\u00e4mnen.<\/p>\n<p>\u2013 Jag f\u00f6rberedde mig s\u00e5 intensivt p\u00e5 att exakt ingenting skulle h\u00e4nda. Att hitta boken p\u00e5 biblioteket f\u00f6rsta g\u00e5ngen k\u00e4ndes som det yttersta beviset p\u00e5 att den fanns p\u00e5 riktigt, s\u00e4ger hon i en intervjus.<\/p>\n<p>Om Bor\u00e5s Tidnings Debutantpris<\/p>\n<p>Bor\u00e5s Tidnings Debutantpris delas ut i samarbete med H\u00f6gskolan i Bor\u00e5s och har delats ut sedan 2001. Prisutdelningen \u00e4ger rum torsdagen den 26 februari 2026 under en debutantprisgala p\u00e5 Bor\u00e5s stadsteater.<\/p>\n","protected":false},"excerpt":{"rendered":"Albert Bonniers F\u00f6rlag, 2026-01-14 Ellika Lagerl\u00f6f nomineras till Bor\u00e5s Tidnings Debutantpris 2026 f\u00f6r sin novellsamling Den sista kastraten\u00a0med&hellip;\n","protected":false},"author":2,"featured_media":105054,"comment_status":"","ping_status":"","sticky":false,"template":"","format":"standard","meta":{"footnotes":""},"categories":[67],"tags":[104,34,31,33,32,30,105],"class_list":{"0":"post-135857","1":"post","2":"type-post","3":"status-publish","4":"format-standard","5":"has-post-thumbnail","7":"category-underhallning","8":"tag-entertainment","9":"tag-se","10":"tag-svenska","11":"tag-sverige","12":"tag-sweden","13":"tag-swedish","14":"tag-underhallning"},"share_on_mastodon":{"url":"https:\/\/pubeurope.com\/@se\/115894238783591803","error":""},"_links":{"self":[{"href":"https:\/\/www.europesays.com\/se\/wp-json\/wp\/v2\/posts\/135857","targetHints":{"allow":["GET"]}}],"collection":[{"href":"https:\/\/www.europesays.com\/se\/wp-json\/wp\/v2\/posts"}],"about":[{"href":"https:\/\/www.europesays.com\/se\/wp-json\/wp\/v2\/types\/post"}],"author":[{"embeddable":true,"href":"https:\/\/www.europesays.com\/se\/wp-json\/wp\/v2\/users\/2"}],"replies":[{"embeddable":true,"href":"https:\/\/www.europesays.com\/se\/wp-json\/wp\/v2\/comments?post=135857"}],"version-history":[{"count":0,"href":"https:\/\/www.europesays.com\/se\/wp-json\/wp\/v2\/posts\/135857\/revisions"}],"wp:featuredmedia":[{"embeddable":true,"href":"https:\/\/www.europesays.com\/se\/wp-json\/wp\/v2\/media\/105054"}],"wp:attachment":[{"href":"https:\/\/www.europesays.com\/se\/wp-json\/wp\/v2\/media?parent=135857"}],"wp:term":[{"taxonomy":"category","embeddable":true,"href":"https:\/\/www.europesays.com\/se\/wp-json\/wp\/v2\/categories?post=135857"},{"taxonomy":"post_tag","embeddable":true,"href":"https:\/\/www.europesays.com\/se\/wp-json\/wp\/v2\/tags?post=135857"}],"curies":[{"name":"wp","href":"https:\/\/api.w.org\/{rel}","templated":true}]}}