{"id":135859,"date":"2026-01-14T15:50:12","date_gmt":"2026-01-14T15:50:12","guid":{"rendered":"https:\/\/www.europesays.com\/se\/135859\/"},"modified":"2026-01-14T15:50:12","modified_gmt":"2026-01-14T15:50:12","slug":"vanstervildarna-stottar-iranprotesterna-anklagas-for-dans-efter-israels-pipa","status":"publish","type":"post","link":"https:\/\/www.europesays.com\/se\/135859\/","title":{"rendered":"V\u00e4nstervildarna st\u00f6ttar Iranprotesterna \u2013 anklagas f\u00f6r \u201dDans efter Israels pipa\u201d"},"content":{"rendered":"<p>\u201dSolidaritet med folket i Iran.\u201d En bild med den texten postades den g\u00e5ngna helgen i sociala medier av Framtidens v\u00e4nster, det parti som startats av de f\u00f6re detta v\u00e4nsterpartistiska ledam\u00f6terna Lorena Delgado Varas och Daniel Riazat. Sedan utbr\u00f6t gr\u00e4l bland f\u00f6ljarskaran i kommentarsf\u00e4ltet \u2013 d\u00e4r Framtidens v\u00e4nster kritiseras f\u00f6r att st\u00e5 p\u00e5 samma sida som USA och Israel.<\/p>\n<p>\u201dM\u00e5ste alla etablerade politiker dansa efter Israels pipa?\u201d skriver en person. \u201dDen \u00b4nya\u00b4v\u00e4nstern svek. Vi letar vidare!\u201d skriver en annan. \u201dIran enda motst\u00e5ndslandet mot sionisternas kl\u00e4gg\u201d, fyller en tredje p\u00e5.<\/p>\n","protected":false},"excerpt":{"rendered":"\u201dSolidaritet med folket i Iran.\u201d En bild med den texten postades den g\u00e5ngna helgen i sociala medier av&hellip;\n","protected":false},"author":2,"featured_media":135860,"comment_status":"","ping_status":"","sticky":false,"template":"","format":"standard","meta":{"footnotes":""},"categories":[14],"tags":[22,23,26,27,17,21,24,25,28,29,15,16,18,34,31,33,32,30,19,20,51,52,53,54],"class_list":{"0":"post-135859","1":"post","2":"type-post","3":"status-publish","4":"format-standard","5":"has-post-thumbnail","7":"category-varlden","8":"tag-breaking-news","9":"tag-breakingnews","10":"tag-featured-news","11":"tag-featurednews","12":"tag-headlines","13":"tag-huvudnyheter","14":"tag-latest-news","15":"tag-latestnews","16":"tag-main-news","17":"tag-mainnews","18":"tag-news","19":"tag-nyheter","20":"tag-rubriker","21":"tag-se","22":"tag-svenska","23":"tag-sverige","24":"tag-sweden","25":"tag-swedish","26":"tag-top-stories","27":"tag-topstories","28":"tag-varlden","29":"tag-world","30":"tag-world-news","31":"tag-worldnews"},"share_on_mastodon":{"url":"https:\/\/pubeurope.com\/@se\/115894250619579637","error":""},"_links":{"self":[{"href":"https:\/\/www.europesays.com\/se\/wp-json\/wp\/v2\/posts\/135859","targetHints":{"allow":["GET"]}}],"collection":[{"href":"https:\/\/www.europesays.com\/se\/wp-json\/wp\/v2\/posts"}],"about":[{"href":"https:\/\/www.europesays.com\/se\/wp-json\/wp\/v2\/types\/post"}],"author":[{"embeddable":true,"href":"https:\/\/www.europesays.com\/se\/wp-json\/wp\/v2\/users\/2"}],"replies":[{"embeddable":true,"href":"https:\/\/www.europesays.com\/se\/wp-json\/wp\/v2\/comments?post=135859"}],"version-history":[{"count":0,"href":"https:\/\/www.europesays.com\/se\/wp-json\/wp\/v2\/posts\/135859\/revisions"}],"wp:featuredmedia":[{"embeddable":true,"href":"https:\/\/www.europesays.com\/se\/wp-json\/wp\/v2\/media\/135860"}],"wp:attachment":[{"href":"https:\/\/www.europesays.com\/se\/wp-json\/wp\/v2\/media?parent=135859"}],"wp:term":[{"taxonomy":"category","embeddable":true,"href":"https:\/\/www.europesays.com\/se\/wp-json\/wp\/v2\/categories?post=135859"},{"taxonomy":"post_tag","embeddable":true,"href":"https:\/\/www.europesays.com\/se\/wp-json\/wp\/v2\/tags?post=135859"}],"curies":[{"name":"wp","href":"https:\/\/api.w.org\/{rel}","templated":true}]}}