{"id":135861,"date":"2026-01-14T15:51:19","date_gmt":"2026-01-14T15:51:19","guid":{"rendered":"https:\/\/www.europesays.com\/se\/135861\/"},"modified":"2026-01-14T15:51:19","modified_gmt":"2026-01-14T15:51:19","slug":"svensk-amerikanska-astronauten-jessica-meir-till-rymden-igen","status":"publish","type":"post","link":"https:\/\/www.europesays.com\/se\/135861\/","title":{"rendered":"Svensk-amerikanska astronauten Jessica Meir till rymden igen"},"content":{"rendered":"<p>I februari \u00e5terv\u00e4nder Jessica Meir till rymden p\u00e5 en l\u00e4ngre expedition som genomf\u00f6rs inom Nasas bemannade rymdprogram med st\u00f6d av SpaceX.<\/p>\n<p>Med sig har hon amerikanska Jack Hathaway, ryska Andrej Fedyaec samt franska Sophie Adenot.<\/p>\n<p>Meir f\u00e5r en ledarroll i bes\u00e4ttningen.<\/p>\n<p>\u201dInte nog med att Jessica Meir f\u00e5r m\u00f6jligheten att \u00e5terv\u00e4nda till rymden, hon kommer dessutom fungera som rymdstationens bef\u00e4lhavare. Ett prestigefullt uppdrag minst sagt\u201d, skriver Rymdstyrelsen i ett pressmeddelande.<\/p>\n<p>Mamman \u00e4r fr\u00e5n V\u00e4ster\u00e5s<\/p>\n<p>Jessica Meir, vars mamma \u00e4r f\u00f6dd och uppvuxen i V\u00e4ster\u00e5s, har b\u00e5de svenskt och amerikanskt medborgarskap. Hon har \u00e5terkommande gjort bes\u00f6k i Sverige.<\/p>\n<p>2019 blev hon historisk som den <a href=\"https:\/\/www.svt.se\/nyheter\/vetenskap\/svenska-jessica-meir-forbereder-sig-for-avfard-mot-internationell-rymdstation\" rel=\"nofollow noopener\" target=\"_blank\">f\u00f6rsta svenska kvinnan i rymden<\/a> och andra svensken n\u00e5gonsin att \u00e5ka dit.<\/p>\n<p>Hon vistades d\u00e5 205 dagar ombord p\u00e5 den internationella rymdstationen.<\/p>\n","protected":false},"excerpt":{"rendered":"I februari \u00e5terv\u00e4nder Jessica Meir till rymden p\u00e5 en l\u00e4ngre expedition som genomf\u00f6rs inom Nasas bemannade rymdprogram med&hellip;\n","protected":false},"author":2,"featured_media":135862,"comment_status":"","ping_status":"","sticky":false,"template":"","format":"standard","meta":{"footnotes":""},"categories":[12],"tags":[22,23,26,27,17,21,24,25,28,29,15,16,18,34,31,33,32,30,19,20],"class_list":{"0":"post-135861","1":"post","2":"type-post","3":"status-publish","4":"format-standard","5":"has-post-thumbnail","7":"category-sverige","8":"tag-breaking-news","9":"tag-breakingnews","10":"tag-featured-news","11":"tag-featurednews","12":"tag-headlines","13":"tag-huvudnyheter","14":"tag-latest-news","15":"tag-latestnews","16":"tag-main-news","17":"tag-mainnews","18":"tag-news","19":"tag-nyheter","20":"tag-rubriker","21":"tag-se","22":"tag-svenska","23":"tag-sverige","24":"tag-sweden","25":"tag-swedish","26":"tag-top-stories","27":"tag-topstories"},"share_on_mastodon":{"url":"https:\/\/pubeurope.com\/@se\/115894254548658373","error":""},"_links":{"self":[{"href":"https:\/\/www.europesays.com\/se\/wp-json\/wp\/v2\/posts\/135861","targetHints":{"allow":["GET"]}}],"collection":[{"href":"https:\/\/www.europesays.com\/se\/wp-json\/wp\/v2\/posts"}],"about":[{"href":"https:\/\/www.europesays.com\/se\/wp-json\/wp\/v2\/types\/post"}],"author":[{"embeddable":true,"href":"https:\/\/www.europesays.com\/se\/wp-json\/wp\/v2\/users\/2"}],"replies":[{"embeddable":true,"href":"https:\/\/www.europesays.com\/se\/wp-json\/wp\/v2\/comments?post=135861"}],"version-history":[{"count":0,"href":"https:\/\/www.europesays.com\/se\/wp-json\/wp\/v2\/posts\/135861\/revisions"}],"wp:featuredmedia":[{"embeddable":true,"href":"https:\/\/www.europesays.com\/se\/wp-json\/wp\/v2\/media\/135862"}],"wp:attachment":[{"href":"https:\/\/www.europesays.com\/se\/wp-json\/wp\/v2\/media?parent=135861"}],"wp:term":[{"taxonomy":"category","embeddable":true,"href":"https:\/\/www.europesays.com\/se\/wp-json\/wp\/v2\/categories?post=135861"},{"taxonomy":"post_tag","embeddable":true,"href":"https:\/\/www.europesays.com\/se\/wp-json\/wp\/v2\/tags?post=135861"}],"curies":[{"name":"wp","href":"https:\/\/api.w.org\/{rel}","templated":true}]}}