{"id":135882,"date":"2026-01-14T16:04:13","date_gmt":"2026-01-14T16:04:13","guid":{"rendered":"https:\/\/www.europesays.com\/se\/135882\/"},"modified":"2026-01-14T16:04:13","modified_gmt":"2026-01-14T16:04:13","slug":"youtube-vill-undvika-svenska-aldersgranser-andrar-funktioner-di","status":"publish","type":"post","link":"https:\/\/www.europesays.com\/se\/135882\/","title":{"rendered":"Youtube vill undvika svenska \u00e5ldersgr\u00e4nser \u2013 \u00e4ndrar funktioner &#8211; DI"},"content":{"rendered":"<ol>\n<li><a href=\"https:\/\/news.google.com\/rss\/articles\/CBMikAFBVV95cUxQWXllNndfZXVCMlFYdE9rOEw5WXI0dnZUOTR2OGlRcUpkODJlOWpjZkhSWjh3bktIOHFBbS14cll1VEpSSVZZODBqbjVlRk5Fa0FiWUFzRkJPQmRkTnhSd21ERGNmZkNXNTF1dFFyUWs0UEZuUHNVTlF3RDM4RU8xd3otWWY5VmdhZ1V4RGVnblU?oc=5\" target=\"_blank\" rel=\"nofollow noopener\">Youtube vill undvika svenska \u00e5ldersgr\u00e4nser \u2013 \u00e4ndrar funktioner<\/a>&nbsp;&nbsp;DI<\/li>\n<li><a href=\"https:\/\/news.google.com\/rss\/articles\/CBMirAFBVV95cUxOQzB3UVluQnV3QkpCaFVOakNlQjN4WUJ2V0tGdmdPVVNRWENZamhFVmdGV1dRYldhZWRleTYyemZEWEQwcmNWZ1VtU0NIVGQtNFFLSHd1NFNtYkpzdEJwMkVrZGNpQUhuc1pQckk0TFdlOWFZZGNXcDdseXFZdE12anQySGpMamd0VndXdlRGeERPZ1JObUthNUR0VUw1VDZwQ3hNckxmWER5RFhE?oc=5\" target=\"_blank\" rel=\"nofollow noopener\">Youtube ut\u00f6kar f\u00f6r\u00e4ldrakontroller \u2013 g\u00f6r det m\u00f6jligt att blockera Shorts<\/a>&nbsp;&nbsp;m3.se<\/li>\n<li><a href=\"https:\/\/news.google.com\/rss\/articles\/CBMiowFBVV95cUxPY29MNExEaDNTLW9SY016UlVXUEJ5ZEIzanVmTklla0hxUXNaMkRGZE9JZ3dKTGRPNzExRDBLbGMzOFhCMHBLMDc0VGlYZTFqaGtNRlpvTjg0US1WbXFQUTJOT3lKMFVEYTcxMDV6SlRHYndQSGlWOWVyUXQ2QXotcVY5UDgtTmJYNmZ1ZVNJR1dDWU1WZmxENHdsOHpxS2NsWkNV?oc=5\" target=\"_blank\" rel=\"nofollow noopener\">YouTube f\u00f6r\u00e4ndrar hur du s\u00f6ker, kanske blir du \u00e4ntligen av med AI-r\u00f6ran och o\u00f6nskade videor<\/a>&nbsp;&nbsp;Samsung Magazine<\/li>\n<li><a href=\"https:\/\/news.google.com\/rss\/articles\/CBMi2gFBVV95cUxPSm5saWJVMDJzc2hTUEc3VFBBaWFUdWdlWjA0OGRNRjN2T0kwckl4RHViYmZPZHVLNVozRGw4R1BSU0NtdlNZS3NBMFRnaloxbEV5U1JtV3puQnVTYkx5cHZfYjEwU01jOTlsakM0Q2pSVXlOaDI0OTFDQUlNSENhZl8zUnB4dF8wT0w4VVA2X2prc1lsYzhDNXBRY3NjTFVoR1BjcG1BRkdybjA0NzdLekZtaWFsSFpHRnVFWC16TmZRUFlHMHVHaExDSWwtbnEzUThBSlR1eDBtUdIB2gFBVV95cUxPSm5saWJVMDJzc2hTUEc3VFBBaWFUdWdlWjA0OGRNRjN2T0kwckl4RHViYmZPZHVLNVozRGw4R1BSU0NtdlNZS3NBMFRnaloxbEV5U1JtV3puQnVTYkx5cHZfYjEwU01jOTlsakM0Q2pSVXlOaDI0OTFDQUlNSENhZl8zUnB4dF8wT0w4VVA2X2prc1lsYzhDNXBRY3NjTFVoR1BjcG1BRkdybjA0NzdLekZtaWFsSFpHRnVFWC16TmZRUFlHMHVHaExDSWwtbnEzUThBSlR1eDBtUQ?oc=5\" target=\"_blank\" rel=\"nofollow noopener\">YouTube lanserar ny timerfunktion f\u00f6r Shorts och f\u00f6rst\u00e4rker kontrollen \u00f6ver anv\u00e4ndarens sk\u00e4rmtid<\/a>&nbsp;&nbsp;Mix Vale<\/li>\n<li><a href=\"https:\/\/news.google.com\/rss\/articles\/CBMimAFBVV95cUxPdkRGeFU2aElibG9xUTkxNTJsdHdNeEw0OW5jQjVHMDBmZWJlNHUxMU5lajNONk8xSW5ITGRhanNjYkNSaGo5THpTVnZpdzdrNmhyLWp0ZU9NZ08teWhBZ185SkRXT2xjYnhqV05mUlRpbVh0SHVWQl8xZk84d2NSUTVUeUNqZ3BnaGcwZE9sTDE2RjUwYndiRA?oc=5\" target=\"_blank\" rel=\"nofollow noopener\">Youtube l\u00e5ter dig filtrera bort Shorts i s\u00f6kresultatet<\/a>&nbsp;&nbsp;m3.se<\/li>\n<\/ol>\n","protected":false},"excerpt":{"rendered":"Youtube vill undvika svenska \u00e5ldersgr\u00e4nser \u2013 \u00e4ndrar funktioner&nbsp;&nbsp;DI Youtube ut\u00f6kar f\u00f6r\u00e4ldrakontroller \u2013 g\u00f6r det m\u00f6jligt att blockera Shorts&nbsp;&nbsp;m3.se&hellip;\n","protected":false},"author":2,"featured_media":135883,"comment_status":"","ping_status":"","sticky":false,"template":"","format":"standard","meta":{"footnotes":""},"categories":[66],"tags":[80,78,79,34,31,33,32,30,81,84,83,82],"class_list":{"0":"post-135882","1":"post","2":"type-post","3":"status-publish","4":"format-standard","5":"has-post-thumbnail","7":"category-vetenskap-och-teknik","8":"tag-science","9":"tag-science-and-technology","10":"tag-scienceandtechnology","11":"tag-se","12":"tag-svenska","13":"tag-sverige","14":"tag-sweden","15":"tag-swedish","16":"tag-technology","17":"tag-teknik","18":"tag-vetenskap","19":"tag-vetenskapteknik"},"share_on_mastodon":{"url":"https:\/\/pubeurope.com\/@se\/115894305650039968","error":""},"_links":{"self":[{"href":"https:\/\/www.europesays.com\/se\/wp-json\/wp\/v2\/posts\/135882","targetHints":{"allow":["GET"]}}],"collection":[{"href":"https:\/\/www.europesays.com\/se\/wp-json\/wp\/v2\/posts"}],"about":[{"href":"https:\/\/www.europesays.com\/se\/wp-json\/wp\/v2\/types\/post"}],"author":[{"embeddable":true,"href":"https:\/\/www.europesays.com\/se\/wp-json\/wp\/v2\/users\/2"}],"replies":[{"embeddable":true,"href":"https:\/\/www.europesays.com\/se\/wp-json\/wp\/v2\/comments?post=135882"}],"version-history":[{"count":0,"href":"https:\/\/www.europesays.com\/se\/wp-json\/wp\/v2\/posts\/135882\/revisions"}],"wp:featuredmedia":[{"embeddable":true,"href":"https:\/\/www.europesays.com\/se\/wp-json\/wp\/v2\/media\/135883"}],"wp:attachment":[{"href":"https:\/\/www.europesays.com\/se\/wp-json\/wp\/v2\/media?parent=135882"}],"wp:term":[{"taxonomy":"category","embeddable":true,"href":"https:\/\/www.europesays.com\/se\/wp-json\/wp\/v2\/categories?post=135882"},{"taxonomy":"post_tag","embeddable":true,"href":"https:\/\/www.europesays.com\/se\/wp-json\/wp\/v2\/tags?post=135882"}],"curies":[{"name":"wp","href":"https:\/\/api.w.org\/{rel}","templated":true}]}}