{"id":135884,"date":"2026-01-14T16:05:08","date_gmt":"2026-01-14T16:05:08","guid":{"rendered":"https:\/\/www.europesays.com\/se\/135884\/"},"modified":"2026-01-14T16:05:08","modified_gmt":"2026-01-14T16:05:08","slug":"ving-lanserar-charter-till-las-palmas-fran-skavsta","status":"publish","type":"post","link":"https:\/\/www.europesays.com\/se\/135884\/","title":{"rendered":"Ving lanserar charter till Las Palmas fr\u00e5n Skavsta"},"content":{"rendered":"<p>Det var 15 \u00e5r sedan researrang\u00f6ren Ving senast fl\u00f6g charterresen\u00e4rer fr\u00e5n Skavsta.Men nu \u00e4r det dags igen.Med start p\u00e5 h\u00f6stlovet och fram till och med den 29 mars 2027 kommer en tur att avg\u00e5 varje m\u00e5ndag \u2013 till Las Palmas p\u00e5 Gran Canaria.Skavstas vd Brett Weihart ser m\u00f6jligheter f\u00f6r fler charterdestinationer fr\u00e5n Nyk\u00f6ping fram\u00f6ver.\u2013 Chartern \u00e4r v\u00e4ldigt viktig f\u00f6r oss,<\/p>\n","protected":false},"excerpt":{"rendered":"Det var 15 \u00e5r sedan researrang\u00f6ren Ving senast fl\u00f6g charterresen\u00e4rer fr\u00e5n Skavsta.Men nu \u00e4r det dags igen.Med start&hellip;\n","protected":false},"author":2,"featured_media":135885,"comment_status":"","ping_status":"","sticky":false,"template":"","format":"standard","meta":{"footnotes":""},"categories":[65],"tags":[72,70,71,34,31,33,32,30],"class_list":{"0":"post-135884","1":"post","2":"type-post","3":"status-publish","4":"format-standard","5":"has-post-thumbnail","7":"category-ekonomi","8":"tag-business","9":"tag-economy","10":"tag-ekonomi","11":"tag-se","12":"tag-svenska","13":"tag-sverige","14":"tag-sweden","15":"tag-swedish"},"share_on_mastodon":{"url":"https:\/\/pubeurope.com\/@se\/115894309584803038","error":""},"_links":{"self":[{"href":"https:\/\/www.europesays.com\/se\/wp-json\/wp\/v2\/posts\/135884","targetHints":{"allow":["GET"]}}],"collection":[{"href":"https:\/\/www.europesays.com\/se\/wp-json\/wp\/v2\/posts"}],"about":[{"href":"https:\/\/www.europesays.com\/se\/wp-json\/wp\/v2\/types\/post"}],"author":[{"embeddable":true,"href":"https:\/\/www.europesays.com\/se\/wp-json\/wp\/v2\/users\/2"}],"replies":[{"embeddable":true,"href":"https:\/\/www.europesays.com\/se\/wp-json\/wp\/v2\/comments?post=135884"}],"version-history":[{"count":0,"href":"https:\/\/www.europesays.com\/se\/wp-json\/wp\/v2\/posts\/135884\/revisions"}],"wp:featuredmedia":[{"embeddable":true,"href":"https:\/\/www.europesays.com\/se\/wp-json\/wp\/v2\/media\/135885"}],"wp:attachment":[{"href":"https:\/\/www.europesays.com\/se\/wp-json\/wp\/v2\/media?parent=135884"}],"wp:term":[{"taxonomy":"category","embeddable":true,"href":"https:\/\/www.europesays.com\/se\/wp-json\/wp\/v2\/categories?post=135884"},{"taxonomy":"post_tag","embeddable":true,"href":"https:\/\/www.europesays.com\/se\/wp-json\/wp\/v2\/tags?post=135884"}],"curies":[{"name":"wp","href":"https:\/\/api.w.org\/{rel}","templated":true}]}}