{"id":135886,"date":"2026-01-14T16:06:06","date_gmt":"2026-01-14T16:06:06","guid":{"rendered":"https:\/\/www.europesays.com\/se\/135886\/"},"modified":"2026-01-14T16:06:06","modified_gmt":"2026-01-14T16:06:06","slug":"vad-hander-med-varldens-sjoborrar-natursidan","status":"publish","type":"post","link":"https:\/\/www.europesays.com\/se\/135886\/","title":{"rendered":"Vad h\u00e4nder med v\u00e4rldens sj\u00f6borrar? \u2013 Natursidan"},"content":{"rendered":"<p>P\u00e5 land finns stora betesdjur som hjortar, elefanter, kor och gnuer, men \u00e4ven under ytan finns viktiga betesdjur. Exempelvis sj\u00f6borrarna. De har f\u00e5tt ett lite d\u00e5ligt rykte eftersom de kan beta ner v\u00e4xtligheten under ytan kraftigt n\u00e4r det r\u00e5der obalans i ekosystemen. Om deras naturliga rovdjur jagats eller \u00f6verfiskats kan det uppst\u00e5 s\u00e5 kallade \u201dsj\u00f6borre\u00f6knar\u201d d\u00e4r sj\u00f6borrarna f\u00e5tt fritt fram att beta ned all v\u00e4xtlighet. Men i ett friskt ekosystem fyller sj\u00f6borrarna en viktig funktion genom att exempelvis \u00e4ta alger och skydda l\u00e5ngsamt v\u00e4xande arter som koraller och vissa kalkbildande alger. Dessutom \u00e4r sj\u00f6borrar en viktig f\u00f6dok\u00e4lla f\u00f6r m\u00e5nga marina d\u00e4ggdjur, fiskar, kr\u00e4ftdjur och sj\u00f6stj\u00e4rnor.<\/p>\n<p>Massd\u00f6d p\u00e5 flera h\u00e5ll i v\u00e4rlden<\/p>\n<p>De senaste fyra \u00e5ren \u00e4r det dock n\u00e5got som h\u00e4nt med v\u00e4rldens sj\u00f6borrar. De har d\u00f6tt i m\u00e4ngder och forskare misst\u00e4nker att det r\u00f6r sig om en tidigare ok\u00e4nd pandemi. Arterna i sl\u00e4ktet Diadema drabbades av massd\u00f6d p\u00e5 Kanarie\u00f6arna och Madeira under 2022 och 2023 och ungef\u00e4r samtidigt har Diadema-arter d\u00f6tt i stora antal i Karibien, Medelhavet, R\u00f6da havet, Omanhavet och v\u00e4stra Indiska oceanen.<\/p>\n<p>I en ny studie har sj\u00f6borrarna unders\u00f6kts runt Kanarie\u00f6arna. P\u00e5 grund av \u00f6verfiske av dess rovdjur och den globala uppv\u00e4rmningen har antalet sj\u00f6borrar exploderat sedan mitten av 1960-talet. D\u00e5 fanns det alldeles f\u00f6r m\u00e5nga sk\u00f6borrar, vilket skapade obalans i ekosystemen och \u201dsj\u00f6borre\u00f6knar\u201d runt \u00f6arna. Det genomf\u00f6rdes till och med insatser f\u00f6r att bek\u00e4mpa sj\u00f6borrarna, men dessa misslyckades. 2022 m\u00e4rkte dock Iv\u00e1n Cano och hans kollegor vid universitetet i La Laguna p\u00e5 Kanarie\u00f6arna i Spanien att sj\u00f6borrarna b\u00f6rjade d\u00f6 i stora antal. F\u00f6rst framf\u00f6r allt p\u00e5 v\u00e4stra sidan, men snart spred det sig till \u00f6stra delen av \u00f6arna. <\/p>\n<p>V\u00e4rre \u00e4n tidigare utbrott<\/p>\n<p>De smittade sj\u00f6borrarna r\u00f6rde sig allt mindre, reagerade inte p\u00e5 ber\u00f6ring och f\u00f6rlorade sina taggar och sitt k\u00f6tt innan de dog. Liknande smittor slog ut minst 90 procent av sj\u00f6borrarna i en del omr\u00e5den runt \u00f6arna \u00e4ven 2008 och 2018. Utbrottet 2022 visar dock en stor f\u00f6r\u00e4ndring. Sj\u00f6borrarna verkar inte \u00e5terh\u00e4mta sig och ist\u00e4llet kom \u00e4nnu ett utbrott 2023. <\/p>\n<p>\u2013\u00a0V\u00e5ra analyser visade att den nuvarande f\u00f6rekomsten av Diadema africanum p\u00e5 Kanarie\u00f6arna \u00e4r p\u00e5 en historiskt l\u00e5g niv\u00e5, med flera populationer som \u00e4r n\u00e4ra lokal utrotning. Dessutom p\u00e5verkade massd\u00f6dligheten 2022\u20132023 hela populationen av arten \u00f6ver hela \u00f6gruppen. Sedan 2021 har det till exempel skett en minskning med 74 procent p\u00e5 La Palma och en minskning med 99,7 procent p\u00e5 Teneriffa, s\u00e4ger Iv\u00e1n Cano.<\/p>\n<p>Liknande rapporter kommer fr\u00e5n andra delar av v\u00e4rlden. Vilken patogen som orsakar dessa enorma massd\u00f6d-h\u00e4ndelser \u00e4r \u00e4nnu oklart. <\/p>\n<p>\u2013\u00a0Vi \u00e4r \u00e4nnu inte s\u00e4kra p\u00e5 hur denna pandemi kommer att utvecklas. Hittills verkar den inte ha drabbat andra Diadema-populationer i Sydostasien och Australien, vilket \u00e4r goda nyheter \u2013 men vi kan inte utesluta m\u00f6jligheten att sjukdomen \u00e5terkommer och eventuellt sprider sig ytterligare, s\u00e4ger Iv\u00e1n Cano.<\/p>\n<p>K\u00e4llor: <a href=\"https:\/\/www.frontiersin.org\/journals\/marine-science\/articles\/10.3389\/fmars.2025.1665504\/full\" rel=\"nofollow noopener\" target=\"_blank\">Frontiers in Marine Science<\/a> och <a href=\"https:\/\/www.sciencedaily.com\/releases\/2025\/12\/251211100618.htm\" rel=\"nofollow noopener\" target=\"_blank\">Science Daily<\/a><\/p>\n","protected":false},"excerpt":{"rendered":"P\u00e5 land finns stora betesdjur som hjortar, elefanter, kor och gnuer, men \u00e4ven under ytan finns viktiga betesdjur.&hellip;\n","protected":false},"author":2,"featured_media":135887,"comment_status":"","ping_status":"","sticky":false,"template":"","format":"standard","meta":{"footnotes":""},"categories":[14],"tags":[22,23,26,27,17,21,24,25,28,29,15,16,18,34,31,33,32,30,19,20,51,52,53,54],"class_list":{"0":"post-135886","1":"post","2":"type-post","3":"status-publish","4":"format-standard","5":"has-post-thumbnail","7":"category-varlden","8":"tag-breaking-news","9":"tag-breakingnews","10":"tag-featured-news","11":"tag-featurednews","12":"tag-headlines","13":"tag-huvudnyheter","14":"tag-latest-news","15":"tag-latestnews","16":"tag-main-news","17":"tag-mainnews","18":"tag-news","19":"tag-nyheter","20":"tag-rubriker","21":"tag-se","22":"tag-svenska","23":"tag-sverige","24":"tag-sweden","25":"tag-swedish","26":"tag-top-stories","27":"tag-topstories","28":"tag-varlden","29":"tag-world","30":"tag-world-news","31":"tag-worldnews"},"share_on_mastodon":{"url":"https:\/\/pubeurope.com\/@se\/115894313561549562","error":""},"_links":{"self":[{"href":"https:\/\/www.europesays.com\/se\/wp-json\/wp\/v2\/posts\/135886","targetHints":{"allow":["GET"]}}],"collection":[{"href":"https:\/\/www.europesays.com\/se\/wp-json\/wp\/v2\/posts"}],"about":[{"href":"https:\/\/www.europesays.com\/se\/wp-json\/wp\/v2\/types\/post"}],"author":[{"embeddable":true,"href":"https:\/\/www.europesays.com\/se\/wp-json\/wp\/v2\/users\/2"}],"replies":[{"embeddable":true,"href":"https:\/\/www.europesays.com\/se\/wp-json\/wp\/v2\/comments?post=135886"}],"version-history":[{"count":0,"href":"https:\/\/www.europesays.com\/se\/wp-json\/wp\/v2\/posts\/135886\/revisions"}],"wp:featuredmedia":[{"embeddable":true,"href":"https:\/\/www.europesays.com\/se\/wp-json\/wp\/v2\/media\/135887"}],"wp:attachment":[{"href":"https:\/\/www.europesays.com\/se\/wp-json\/wp\/v2\/media?parent=135886"}],"wp:term":[{"taxonomy":"category","embeddable":true,"href":"https:\/\/www.europesays.com\/se\/wp-json\/wp\/v2\/categories?post=135886"},{"taxonomy":"post_tag","embeddable":true,"href":"https:\/\/www.europesays.com\/se\/wp-json\/wp\/v2\/tags?post=135886"}],"curies":[{"name":"wp","href":"https:\/\/api.w.org\/{rel}","templated":true}]}}