{"id":135888,"date":"2026-01-14T16:07:18","date_gmt":"2026-01-14T16:07:18","guid":{"rendered":"https:\/\/www.europesays.com\/se\/135888\/"},"modified":"2026-01-14T16:07:18","modified_gmt":"2026-01-14T16:07:18","slug":"ovantade-faktorn-bakom-snosmockan-kan-ge-varre-snofall-nwt","status":"publish","type":"post","link":"https:\/\/www.europesays.com\/se\/135888\/","title":{"rendered":"Ov\u00e4ntade faktorn bakom sn\u00f6smockan \u2013 kan ge v\u00e4rre sn\u00f6fall &#8211; NWT"},"content":{"rendered":"<ol>\n<li><a href=\"https:\/\/news.google.com\/rss\/articles\/CBMilgFBVV95cUxOTmhzUjlaZy1Ob2ZaTVJVZFBCV01oblJUX3lzanR0NFU4ZFQ1MmZhdUpsaG94S2otenFvQWVkNDByQjRmMFlRakFIQWJJckRaNEVWdXBlVF9EQ3Z5bXJ5bVFFT1l1ZHdWcGZpTWZESGZiWU5zN2FwQ2NGWDF0VXNSSHVRZXNLQ0tUY3RORTZpQndnVGZ1aWc?oc=5\" target=\"_blank\" rel=\"nofollow noopener\">Ov\u00e4ntade faktorn bakom sn\u00f6smockan \u2013 kan ge v\u00e4rre sn\u00f6fall<\/a>&nbsp;&nbsp;NWT<\/li>\n<li><a href=\"https:\/\/news.google.com\/rss\/articles\/CBMikAFBVV95cUxORWFycEo2NW9PSFVwUUlKcnMwVHlPeF83RFlsLVh2TkdIcWFadFdrSXZ0cncteWxoaWZraXE2N1lqLXdlZlJpaXExYkk5VzdYX2lGc2hKaE9kcUxsaHluNTYtLWRCeHRyNGlFZUZYTDJ6djVEUF9OWkFWNjNzRUNhbHQtOVV4OHhqdnBlaTdJX3E?oc=5\" target=\"_blank\" rel=\"nofollow noopener\">Karin Bergkvist I G\u00e4vle vet vi sannerligen vad klimatf\u00f6r\u00e4ndringar leder till<\/a>&nbsp;&nbsp;Gefle Dagblad<\/li>\n<li><a href=\"https:\/\/news.google.com\/rss\/articles\/CBMiuwFBVV95cUxNOHNYZ1hjS2hlYWRmbmlaaW5PQkU0RHdWRWZZdlZlWUE3WGlsN21NdEJaZmc4UXdyUUxrbFZDN3lzU3I2X2JaV3VkcjJaLVZKaEtDdFAwN2JCNEF5dTlBQkxQOHhnb3dFRXEtaGNvWUhwVXNrSTI0TmphcHJrM0pFalVERF90SkxHZmhTdWVBaTlvSGl2RXZyVmphX3JVSDBIa3pyelpZekg5bTJYRERKaTdydkZlT1JOZjRN?oc=5\" target=\"_blank\" rel=\"nofollow noopener\">Nya sn\u00f6tippar \u00f6ppnas i G\u00e4vle \u2013 sn\u00f6slungar och lastbilar g\u00e5r tolvtimmarspass<\/a>&nbsp;&nbsp;SVT Nyheter<\/li>\n<li><a href=\"https:\/\/news.google.com\/rss\/articles\/CBMifEFVX3lxTE9LWldmdDR0c2ZIZUdmWDJvWEhGYmdoU0NZanRkSi14bkFPa281b0tKaUg5MzlTUm9tZjRQN2QyZnhfN1FrWFBnNFhqYWFFMHQ3dHpiSWhjckNRZmVrQ0RKeW01c2NFR01RZFJ3cVhpWDRxTVFkQkNQenowcEY?oc=5\" target=\"_blank\" rel=\"nofollow noopener\">L\u00c4SARTEXT: En h\u00e4lsning fr\u00e5n en sn\u00f6storm i G\u00e4vlebukten<\/a>&nbsp;&nbsp;Gefle Dagblad<\/li>\n<li><a href=\"https:\/\/news.google.com\/rss\/articles\/CBMieEFVX3lxTE1WSVpPdVVOMHYzdnhGSTZYalc1UF9xamNpNUlHa21QR28xR3pVbmZPNXBRd0pBblFxcFNFVTZHb3BTeXp3LVhpYUlaSVJWRTBYYUppajRqbWZsV0RZdHktdXRUZG9PQjBYTmlkSlpIMDBGblpwZjFRcA?oc=5\" target=\"_blank\" rel=\"nofollow noopener\">INS\u00c4NDARE: Se till att respektera datumparkeringen<\/a>&nbsp;&nbsp;Gefle Dagblad<\/li>\n<\/ol>\n","protected":false},"excerpt":{"rendered":"Ov\u00e4ntade faktorn bakom sn\u00f6smockan \u2013 kan ge v\u00e4rre sn\u00f6fall&nbsp;&nbsp;NWT Karin Bergkvist I G\u00e4vle vet vi sannerligen vad klimatf\u00f6r\u00e4ndringar&hellip;\n","protected":false},"author":2,"featured_media":135889,"comment_status":"","ping_status":"","sticky":false,"template":"","format":"standard","meta":{"footnotes":""},"categories":[12],"tags":[22,23,26,27,17,21,24,25,28,29,15,16,18,34,31,33,32,30,19,20],"class_list":{"0":"post-135888","1":"post","2":"type-post","3":"status-publish","4":"format-standard","5":"has-post-thumbnail","7":"category-sverige","8":"tag-breaking-news","9":"tag-breakingnews","10":"tag-featured-news","11":"tag-featurednews","12":"tag-headlines","13":"tag-huvudnyheter","14":"tag-latest-news","15":"tag-latestnews","16":"tag-main-news","17":"tag-mainnews","18":"tag-news","19":"tag-nyheter","20":"tag-rubriker","21":"tag-se","22":"tag-svenska","23":"tag-sverige","24":"tag-sweden","25":"tag-swedish","26":"tag-top-stories","27":"tag-topstories"},"share_on_mastodon":{"url":"https:\/\/pubeurope.com\/@se\/115894317441843079","error":""},"_links":{"self":[{"href":"https:\/\/www.europesays.com\/se\/wp-json\/wp\/v2\/posts\/135888","targetHints":{"allow":["GET"]}}],"collection":[{"href":"https:\/\/www.europesays.com\/se\/wp-json\/wp\/v2\/posts"}],"about":[{"href":"https:\/\/www.europesays.com\/se\/wp-json\/wp\/v2\/types\/post"}],"author":[{"embeddable":true,"href":"https:\/\/www.europesays.com\/se\/wp-json\/wp\/v2\/users\/2"}],"replies":[{"embeddable":true,"href":"https:\/\/www.europesays.com\/se\/wp-json\/wp\/v2\/comments?post=135888"}],"version-history":[{"count":0,"href":"https:\/\/www.europesays.com\/se\/wp-json\/wp\/v2\/posts\/135888\/revisions"}],"wp:featuredmedia":[{"embeddable":true,"href":"https:\/\/www.europesays.com\/se\/wp-json\/wp\/v2\/media\/135889"}],"wp:attachment":[{"href":"https:\/\/www.europesays.com\/se\/wp-json\/wp\/v2\/media?parent=135888"}],"wp:term":[{"taxonomy":"category","embeddable":true,"href":"https:\/\/www.europesays.com\/se\/wp-json\/wp\/v2\/categories?post=135888"},{"taxonomy":"post_tag","embeddable":true,"href":"https:\/\/www.europesays.com\/se\/wp-json\/wp\/v2\/tags?post=135888"}],"curies":[{"name":"wp","href":"https:\/\/api.w.org\/{rel}","templated":true}]}}