{"id":135893,"date":"2026-01-14T16:11:27","date_gmt":"2026-01-14T16:11:27","guid":{"rendered":"https:\/\/www.europesays.com\/se\/135893\/"},"modified":"2026-01-14T16:11:27","modified_gmt":"2026-01-14T16:11:27","slug":"synden-etta-pa-netflix-globala-topplista","status":"publish","type":"post","link":"https:\/\/www.europesays.com\/se\/135893\/","title":{"rendered":"\u201dSynden\u201d etta p\u00e5 Netflix globala topplista"},"content":{"rendered":"<p>\u201dSynden\u201d har \u00f6ver 3,2 miljoner visningar<\/p>\n<p class=\"boxtextgrotesk-root_baa6 hyperion-css-7pajle\">Uppdaterad 11.06 | Publicerad 09.58<\/p>\n<p>share-arrowDela<\/p>\n<p>unsaveSpara<\/p>\n<p class=\"hyperion-css-1shl3oz\" data-test-tag=\"lead-text\">Den svenska tv-serien \u201dSynden\u201d ligger etta p\u00e5 Netflix globala topplista \u00f6ver de mest sedda icke engelskspr\u00e5kiga serierna p\u00e5 str\u00f6mningstj\u00e4nsten.<\/p>\n<p><img decoding=\"async\" src=\"https:\/\/www.europesays.com\/se\/wp-content\/uploads\/2026\/01\/68a9f38e9ac9bee7bf17d7f87175ab88.jpg\" class=\"thumbnail-image_fbfd thumbnail-portrait_fbfd\" alt=\"Se g\u00e4sternas f\u00f6rvirring i SVT: &quot;Man k\u00e4nner sig dum&quot;\"\/><\/p>\n<p>Se g\u00e4sternas f\u00f6rvirring i SVT: &#8221;Man k\u00e4nner sig dum&#8221;<\/p>\n<p>0:45<\/p>\n<p class=\"hyperion-css-1v9qo5x\">Kriminalserien samlade f\u00f6rra veckan ihop 3,2 miljoner visningar p\u00e5 str\u00f6mningstj\u00e4nsten \u00f6ver hela v\u00e4rlden och tar f\u00f6rstaplatsen p\u00e5 listan f\u00f6re den japanska mangaserien \u201dJujutsu Kaisen\u201d.<\/p>\n<p>expand-left<\/p>\n<p>helsk\u00e4rm<img decoding=\"async\" class=\"image-asset hyperion-css-u06ts1\" data-test-tag=\"image-asset\" src=\"https:\/\/www.europesays.com\/se\/wp-content\/uploads\/2026\/01\/e385b791-4087-4a60-b8e6-2bfeaea0acec.jpeg\"  alt=\"Mohammed Nour Oklah och Krista Kosonen spelar poliserna som utreder brott i &quot;Synden&quot;.\"  loading=\"eager\" fetchpriority=\"high\" style=\"aspect-ratio:1900 \/ 1267\"\/>Mohammed Nour Oklah och Krista Kosonen spelar poliserna som utreder brott i &#8221;Synden&#8221;. Foto: Carolina Romare\/ Netflix<\/p>\n<p class=\"hyperion-css-1v9qo5x\">\u201dSynden\u201d \u00e4r bland de tio mest sedda serierna totalt i 23 l\u00e4nder, enligt <a data-test-tag=\"internal-link\" href=\"https:\/\/www.aftonbladet.se\/tagg\/netflix\" class=\"hyperion-css-15jkft9\" rel=\"nofollow noopener\" target=\"\" aria-label=\"Netflix\" theme=\"entertainment\">Netflix<\/a> tittarstatistik. Serien sl\u00e4pptes den 2 januari och gick direkt in p\u00e5 andraplatsen p\u00e5 listan. Nu har den tagit \u00f6ver f\u00f6rstaplatsen.<\/p>\n<p class=\"hyperion-css-1v9qo5x\">I \u201dSynden\u201d, som \u00e4r skapad av regiss\u00f6ren <a data-test-tag=\"internal-link\" href=\"https:\/\/www.aftonbladet.se\/tagg\/peter-gronlund\" class=\"hyperion-css-15jkft9\" rel=\"nofollow noopener\" target=\"\" theme=\"entertainment\"><strong>Peter Gr\u00f6nlund<\/strong><\/a>, utreder polisen Dani (<strong>Krista Kosonen<\/strong>) tv\u00e5 d\u00f6dsfall kopplade till en sl\u00e4ktfejd i Sk\u00e5ne som varat i generationer.<\/p>\n","protected":false},"excerpt":{"rendered":"\u201dSynden\u201d har \u00f6ver 3,2 miljoner visningar Uppdaterad 11.06 | Publicerad 09.58 share-arrowDela unsaveSpara Den svenska tv-serien \u201dSynden\u201d ligger&hellip;\n","protected":false},"author":2,"featured_media":135894,"comment_status":"","ping_status":"","sticky":false,"template":"","format":"standard","meta":{"footnotes":""},"categories":[67],"tags":[104,34,31,33,32,30,105],"class_list":{"0":"post-135893","1":"post","2":"type-post","3":"status-publish","4":"format-standard","5":"has-post-thumbnail","7":"category-underhallning","8":"tag-entertainment","9":"tag-se","10":"tag-svenska","11":"tag-sverige","12":"tag-sweden","13":"tag-swedish","14":"tag-underhallning"},"share_on_mastodon":{"url":"https:\/\/pubeurope.com\/@se\/115894333209068940","error":""},"_links":{"self":[{"href":"https:\/\/www.europesays.com\/se\/wp-json\/wp\/v2\/posts\/135893","targetHints":{"allow":["GET"]}}],"collection":[{"href":"https:\/\/www.europesays.com\/se\/wp-json\/wp\/v2\/posts"}],"about":[{"href":"https:\/\/www.europesays.com\/se\/wp-json\/wp\/v2\/types\/post"}],"author":[{"embeddable":true,"href":"https:\/\/www.europesays.com\/se\/wp-json\/wp\/v2\/users\/2"}],"replies":[{"embeddable":true,"href":"https:\/\/www.europesays.com\/se\/wp-json\/wp\/v2\/comments?post=135893"}],"version-history":[{"count":0,"href":"https:\/\/www.europesays.com\/se\/wp-json\/wp\/v2\/posts\/135893\/revisions"}],"wp:featuredmedia":[{"embeddable":true,"href":"https:\/\/www.europesays.com\/se\/wp-json\/wp\/v2\/media\/135894"}],"wp:attachment":[{"href":"https:\/\/www.europesays.com\/se\/wp-json\/wp\/v2\/media?parent=135893"}],"wp:term":[{"taxonomy":"category","embeddable":true,"href":"https:\/\/www.europesays.com\/se\/wp-json\/wp\/v2\/categories?post=135893"},{"taxonomy":"post_tag","embeddable":true,"href":"https:\/\/www.europesays.com\/se\/wp-json\/wp\/v2\/tags?post=135893"}],"curies":[{"name":"wp","href":"https:\/\/api.w.org\/{rel}","templated":true}]}}