{"id":13590,"date":"2025-08-25T21:26:16","date_gmt":"2025-08-25T21:26:16","guid":{"rendered":"https:\/\/www.europesays.com\/se\/13590\/"},"modified":"2025-08-25T21:26:16","modified_gmt":"2025-08-25T21:26:16","slug":"spelarbetyg-efter-stortskona-2-1-mot-oster","status":"publish","type":"post","link":"https:\/\/www.europesays.com\/se\/13590\/","title":{"rendered":"Spelarbetyg efter st\u00f6rtsk\u00f6na 2-1 mot \u00d6ster"},"content":{"rendered":"<p>Spiris Arena 1, V\u00e4xj\u00f6, 2025-08-25 21:00<\/p>\n<p>Det blev dramatiskt v\u00e4rre p\u00e5 Spiris Arena n\u00e4r David Andersson kolliderade med en framrusande anfallare och till sist tvingades att utg\u00e5. Mellan sm\u00e4llen och m\u00e5lvaktsbytet hade Moberg Karlsson smekt in den l\u00e4ckraste av v\u00e4nsterknorrar i bortre. Samme DMK tog hj\u00e4lp av H\u00f6\u00f6g Jansson och Sigurgeirsson n\u00e4r ledningen ut\u00f6kades efter paus. Debutanten Theo Krantz fick se en reducering smita f\u00f6rbi linjen, men med darr p\u00e5 ribban kunde tre monumentalt viktiga pinnar b\u00e4rgas i Sm\u00e5land. Mumma!<\/p>\n<p>Betygsskalan:<br \/>1 Underk\u00e4nd<br \/>2 Svag<br \/>3 Godk\u00e4nd<br \/>4 Bra<br \/>5 Mycket bra<br \/>6 Redo f\u00f6r b\u00e4ttre liga<br \/>7 Landslagsklass<\/p>\n<p><strong>David Andersson (ut 40) 3<\/strong><br \/>Stabil innan han var inblandad i en ot\u00e4ck kollision med en motspelare efter knappa halvtimmen. Reste sig och spelade vidare, men var m\u00e4rkbart p\u00e5verkad och utgick kort d\u00e4refter. Att han deltog i firandet efter matchen gav positiva vibbar, men sm\u00e4llar mot hj\u00e4ssan kan vara l\u00f6mska.<\/p>\n<p><strong>Moutaz Neffati 3<\/strong><br \/>Pigg och aktiv i den f\u00f6rsta halvleken, d\u00e4r samspelet med DMK och Fransson bar en hel del frukt. F\u00f6rsvann med tidens g\u00e5ng och synades defensivt n\u00e4r \u00d6ster l\u00e5g p\u00e5 sista halvtimmen. Varnad i slutskedet och avst\u00e4ngd mot Djurg\u00e5rden.<\/p>\n<p><strong>Amadeus S\u00f6gaard 5<\/strong><br \/>V\u00e5gade avancera med bollen vid f\u00f6tterna, vilket g\u00f6r IFK:s uppspelsfas mer dynamisk och sv\u00e5rare att l\u00e4sa. V\u00e4ltajmad p\u00e5 huvudet och v\u00e5rdad i passningsspelet. Mittl\u00e5set har varit f\u00f6rem\u00e5l f\u00f6r en hel del kritik under s\u00e4songen. Ibland ber\u00e4ttigad, ofta inte. Amadeus insatser den senaste m\u00e5naden f\u00f6rtj\u00e4nar ber\u00f6m.<\/p>\n<p><strong>Max Watson 5<\/strong><br \/>Viktig block n\u00e4r Kouakou avslutade i slutskedet. En gigant i luftrummet som ofta lyckades befinna sig mellan bollen och det egna m\u00e5let. S\u00e5 n\u00e4r \u00e4ven i samband med 2-1-m\u00e5let, men hamnade p\u00e5 fel sida linjen. Fin prestation, \u00e4ven i spelet med boll.<\/p>\n<p><strong>Marcus Baggesen 3<\/strong><br \/>Forts\u00e4tter att g\u00f6ra det helt okej till v\u00e4nster i backlinjen \u2014 varken mer eller mindre. Det finns potential i s\u00e4ttet som han driver boll fram\u00e5t. Stort behov av underst\u00f6d i defensiva en-mot-en-situationer.<\/p>\n<p><strong>Kevin H\u00f6\u00f6g Jansson 5<\/strong><br \/>Med reservation f\u00f6r att det som fungerar mot \u00d6ster kanske inte g\u00e5r lika bra mot b\u00e4ttre lag finns det mycket som \u00e4r positivt med den nya rollf\u00f6rdelningen p\u00e5 mittf\u00e4ltet. H\u00f6\u00f6g Jansson underl\u00e4ttar uppspelen genom att vara konstant tillg\u00e4nglig f\u00f6r mittbackarna. Dessutom fyller han p\u00e5 fram\u00e5t. Viktig bollvinst innan 2-0.<\/p>\n<p><strong>Alexander Fransson 4<\/strong><br \/>Aktiverades mer \u00e4n vanligt p\u00e5 offensiv planhalva n\u00e4r han skapade trianglar med Neffati och Moberg Karlsson ute till h\u00f6ger, utan att excellera p\u00e5 de n\u00e4tta ytorna. Bra p\u00e5 att t\u00e4cka boll och st\u00e5 r\u00e4tt, men har f\u00f6rtvivlat sv\u00e5rt med snabba sidledsf\u00f6rflyttningar. Likv\u00e4l en gedigen insats av Fransson.<\/p>\n<p><strong>Arn\u00f3r Traustason (ut 79) 3<\/strong><br \/>Blixtrade till med fina v\u00e4ndningar och passningar vid ett par tillf\u00e4llen, men var generellt sett mindre involverad \u00e4n kollegorna p\u00e5 mittf\u00e4ltet. Ena l\u00e5ret lindades efter att Trasten bytts ut, men det l\u00e4r inte vara n\u00e5gon ko p\u00e5 isen.<\/p>\n<p><strong>David Moberg Karlsson (ut 72) 6<\/strong><br \/>Tv\u00e5m\u00e5lsskytten Moberg Karlsson \u00e4r i h\u00f6gform. 2-0-m\u00e5let kom efter ett v\u00e4l avv\u00e4gt avslut, som dock inte kunde m\u00e4ta sig med ettan. F\u00e5 saker \u00e4r lika estetiskt tilltalande som ett curlat avslut i bortre. Har f\u00e5tt tillbaka sj\u00e4lvf\u00f6rtroendet och anv\u00e4nder sin topphastighet p\u00e5 b\u00e4sta s\u00e4tt. <strong>Matchens IFK:are<\/strong>.<\/p>\n<p><strong>\u00cdsak Andri Sigurgeirsson (ut 88) 4<\/strong><br \/>St\u00e4ndigt involverad. Mycket kylig n\u00e4r han serverade Moberg Karlsson till tv\u00e5an vid precis r\u00e4tt tillf\u00e4lle. I \u00f6vrigt var det lite si och s\u00e5 med kvaliteten, men det \u00e4r uppenbart att alla motst\u00e5ndarbackar har stor respekt f\u00f6r isl\u00e4nningen.<\/p>\n<p><strong>Christoffer Nyman 3<\/strong><br \/>Hade ett vasst volleyavslut tidigt i matchen. St\u00e5ngades med motst\u00e5ndarnas mittbackar, vann frisparkar och gjorde ett h\u00e4stjobb i b\u00e4gge \u00e4ndar av banan. Vital f\u00f6r laget, trots att det saknas en del i offensiv box.<\/p>\n<p><strong>Inhoppare:<\/strong><br \/><strong>Theo Krantz (in 40) 3<\/strong><br \/>Kastades in i hetluften n\u00e4r David tvingades utg\u00e5. Det vore konstigt om debutanten inte var nerv\u00f6s. M\u00e5let f\u00e5r han tyv\u00e4rr ta p\u00e5 sig, men givet f\u00f6ruts\u00e4ttningarna \u00e4r Tallbodasonen sj\u00e4lvfallet godk\u00e4nd.<br \/><strong>\u00c5ke Andersson (in 72)<\/strong><br \/>Spelade f\u00f6r kort tid f\u00f6r att kunna betygs\u00e4ttas.<br \/><strong>Tim Prica (in 79)<\/strong><br \/>Spelade f\u00f6r kort tid f\u00f6r att kunna betygs\u00e4ttas.<br \/><strong>Anton Eriksson (in 88)<\/strong><br \/>Spelade f\u00f6r kort tid f\u00f6r att kunna betygs\u00e4ttas.<\/p>\n<p><strong>Ej inbytta:<\/strong><br \/>Yahya Kalley<br \/>Jesper Lindvall<br \/>Axel Br\u00f6nner<br \/>J\u00f3natan Gudni Arnarsson<br \/>William Bergman<\/p>\n<p><strong>\u00d6sters IF &#8211; IFK Norrk\u00f6ping 1-2 (0-1)<\/strong><br \/>F\u00f6rsta halvlek: 0-1 David Moberg Karlsson (37\u2019)<br \/>Andra halvlek: 0-2 Moberg Karlsson (53\u2019), 1-2 Magnus Christensen (82\u2019)<br \/>Skott: 9-9<br \/>Skott p\u00e5 m\u00e5l: 3-5<br \/>H\u00f6rnor: 6-5<br \/>Varningar \u00d6ster: Mattis Adolfsson, Magnus Christensen, Ivan Kricak<br \/>Varningar IFK: Kevin H\u00f6\u00f6g Jansson, Theo Krantz, Moutaz Neffati<\/p>\n","protected":false},"excerpt":{"rendered":"Spiris Arena 1, V\u00e4xj\u00f6, 2025-08-25 21:00 Det blev dramatiskt v\u00e4rre p\u00e5 Spiris Arena n\u00e4r David Andersson kolliderade med&hellip;\n","protected":false},"author":2,"featured_media":13591,"comment_status":"","ping_status":"","sticky":false,"template":"","format":"standard","meta":{"footnotes":""},"categories":[5],"tags":[159,22,23,158,157,26,27,138,17,156,21,24,25,28,29,165,164,15,16,140,18,34,160,162,111,31,161,33,32,30,163,19,20],"class_list":{"0":"post-13590","1":"post","2":"type-post","3":"status-publish","4":"format-standard","5":"has-post-thumbnail","7":"category-rubriker","8":"tag-allsvenskan","9":"tag-breaking-news","10":"tag-breakingnews","11":"tag-fans","12":"tag-fantv","13":"tag-featured-news","14":"tag-featurednews","15":"tag-fotboll","16":"tag-headlines","17":"tag-hockey","18":"tag-huvudnyheter","19":"tag-latest-news","20":"tag-latestnews","21":"tag-main-news","22":"tag-mainnews","23":"tag-matcher","24":"tag-matchprogram","25":"tag-news","26":"tag-nyheter","27":"tag-premier-league","28":"tag-rubriker","29":"tag-se","30":"tag-serie-a","31":"tag-spelschema","32":"tag-sport","33":"tag-svenska","34":"tag-svenskafans","35":"tag-sverige","36":"tag-sweden","37":"tag-swedish","38":"tag-tabeller","39":"tag-top-stories","40":"tag-topstories"},"share_on_mastodon":{"url":"","error":""},"_links":{"self":[{"href":"https:\/\/www.europesays.com\/se\/wp-json\/wp\/v2\/posts\/13590","targetHints":{"allow":["GET"]}}],"collection":[{"href":"https:\/\/www.europesays.com\/se\/wp-json\/wp\/v2\/posts"}],"about":[{"href":"https:\/\/www.europesays.com\/se\/wp-json\/wp\/v2\/types\/post"}],"author":[{"embeddable":true,"href":"https:\/\/www.europesays.com\/se\/wp-json\/wp\/v2\/users\/2"}],"replies":[{"embeddable":true,"href":"https:\/\/www.europesays.com\/se\/wp-json\/wp\/v2\/comments?post=13590"}],"version-history":[{"count":0,"href":"https:\/\/www.europesays.com\/se\/wp-json\/wp\/v2\/posts\/13590\/revisions"}],"wp:featuredmedia":[{"embeddable":true,"href":"https:\/\/www.europesays.com\/se\/wp-json\/wp\/v2\/media\/13591"}],"wp:attachment":[{"href":"https:\/\/www.europesays.com\/se\/wp-json\/wp\/v2\/media?parent=13590"}],"wp:term":[{"taxonomy":"category","embeddable":true,"href":"https:\/\/www.europesays.com\/se\/wp-json\/wp\/v2\/categories?post=13590"},{"taxonomy":"post_tag","embeddable":true,"href":"https:\/\/www.europesays.com\/se\/wp-json\/wp\/v2\/tags?post=13590"}],"curies":[{"name":"wp","href":"https:\/\/api.w.org\/{rel}","templated":true}]}}