{"id":135901,"date":"2026-01-14T16:15:17","date_gmt":"2026-01-14T16:15:17","guid":{"rendered":"https:\/\/www.europesays.com\/se\/135901\/"},"modified":"2026-01-14T16:15:17","modified_gmt":"2026-01-14T16:15:17","slug":"premiar-for-barnskotare-i-yrkes-sm","status":"publish","type":"post","link":"https:\/\/www.europesays.com\/se\/135901\/","title":{"rendered":"Premi\u00e4r f\u00f6r barnsk\u00f6tare i Yrkes-SM"},"content":{"rendered":"<p>                                    <img decoding=\"async\" src=\"https:\/\/www.europesays.com\/se\/wp-content\/uploads\/2026\/01\/yrkes-sm.jpg\" alt=\"\" loading=\"lazy\"\/><\/p>\n<p class=\"article-headerImageDescription\">P\u00e5 initiativ av Eva Bida och Malin K\u00e4llgren blev barnsk\u00f6tare en del av yrkes-SM. Foto: Privat och Yrkes-SM.<\/p>\n<p class=\"article-preamble\">\n                        Nyheter<br \/>\n                        I v\u00e5r \u00e4r det dags f\u00f6r Yrkes-SM. F\u00f6r f\u00f6rsta g\u00e5ngen kommer barnsk\u00f6tare att vara ett t\u00e4vlingsyrke.<br \/>\u2013 Det h\u00e4r kommer att \u00f6ka statusen f\u00f6r barn- och fritidsprogrammet och visa vilka duktiga elever vi har, s\u00e4ger l\u00e4raren Eva Bida.\n                    <\/p>\n<p>                    <img loading=\"lazy\" decoding=\"async\" class=\"article-bylineImg\" src=\"https:\/\/www.europesays.com\/se\/wp-content\/uploads\/2026\/01\/_mg_7322.jpg\" width=\"100\" height=\"100\" alt=\"\"\/><\/p>\n<p>                        <a href=\"https:\/\/www.vilarare.se\/yrkeslararen\/nyheter\/premiar-for-barnskotare-i-yrkes-sm\/mailto:amneslararen@vilarare.se\" rel=\"nofollow noopener\" target=\"_blank\">Bj\u00f6rn Andersson<\/a><\/p>\n<p>                        Idag 13:48<\/p>\n<p style=\"font-weight: 400;\">I v\u00e5r avg\u00f6rs Yrkes-SM i Stockholm. Yrkeselever fr\u00e5n hela landet kommer till t\u00e4vlingarna tillsammans med sina l\u00e4rare och publiken f\u00e5r tillf\u00e4lle att bekanta sig med massa olika yrken.<\/p>\n<p style=\"font-weight: 400;\">F\u00f6r f\u00f6rsta g\u00e5ngen finns yrket barnsk\u00f6tare representerat i t\u00e4vlingen. Och f\u00f6r den yrkeskategorin ansvarar Torek\u00e4llgymnasiet i S\u00f6dert\u00e4lje.<\/p>\n<p style=\"font-weight: 400;\">\u2013\u00a0Vi mailade till arrang\u00f6ren WorldSkills Sweden och sa att vi ville vara med och t\u00e4vla.\u00a0Eftersom barnsk\u00f6tare inte fanns som t\u00e4vlingskategori s\u00e5 erbj\u00f6ds vi att arrangera denna t\u00e4vling, s\u00e4ger Eva Bida, yrkesl\u00e4rare p\u00e5 barn- och fritidsprogrammet samt f\u00f6rstel\u00e4rare p\u00e5 skolan.<\/p>\n<p><strong>Elever agerar barn<\/strong><\/p>\n<p style=\"font-weight: 400;\">T\u00e4vlingarna kommer att utg\u00e5 fr\u00e5n programm\u00e5len p\u00e5 barn- och fritidsprogrammet d\u00e4r en viktig del \u00e4r att planera, genomf\u00f6ra, utv\u00e4rdera och dokumentera olika aktiviteter utifr\u00e5n f\u00f6rskolans l\u00e4roplan.\u00a0De t\u00e4vlande f\u00e5r genomf\u00f6ra sina planeringar p\u00e5 plats och elever fr\u00e5n \u00e5rskurs ett p\u00e5 Torek\u00e4llgymnasiet kommer att agera sk\u00e5despelare.<\/p>\n<p style=\"font-weight: 400;\">\u2013\u00a0N\u00e4r de t\u00e4vlande genomf\u00f6r aktiviteten kommer det att h\u00e4nda of\u00f6rutsedda saker. Det kan vara att n\u00e5got barn skadar sig, b\u00f6rja br\u00e5ka eller inte vill vara med en kompis. De t\u00e4vlande kommer att ges samma utmaningar och bed\u00f6mas av en jury med yrkesl\u00e4rare fr\u00e5n de deltagande skolorna, s\u00e4ger Eva Bida.<\/p>\n<p><strong>Sv\u00e5ra situationer<\/strong><\/p>\n<p style=\"font-weight: 400;\">Deltagarna kommer \u00e4ven att f\u00e5 utmaningar fr\u00e5n f\u00f6r\u00e4ldrar och m\u00f6ta fr\u00e5gor fr\u00e5n barnen.<\/p>\n<p style=\"font-weight: 400;\">\u2013\u00a0De t\u00e4vlande kommer att utmanas i olika moment som kan uppst\u00e5 p\u00e5 en f\u00f6rskola s\u00e5som f\u00f6r\u00e4ldrakontakt och hantering av sv\u00e5ra situationer, s\u00e4ger Malin K\u00e4llgren yrkesl\u00e4rare p\u00e5 barn- och fritidsprogrammet.\u00a0<\/p>\n<p style=\"font-weight: 400;\">De b\u00e5da l\u00e4rarna tror att deltagandet i Yrkes-SM kommer att \u00f6ka intresset och statusen f\u00f6r barn- och fritidsprogrammets inriktning pedagogiskt och socialt arbete.<\/p>\n<p style=\"font-weight: 400;\">\u2013\u00a0Det blir en positiv inblick i yrket barnsk\u00f6tare, s\u00e4ger Malin K\u00e4llgren.<\/p>\n<p style=\"font-weight: 400;\">\u2013\u00a0 Vi kommer \u00e4ven att visa hur duktiga eleverna \u00e4r och att programmet \u00e4r sp\u00e4nnande och brett med teoretisk och praktisk kunskap, s\u00e4ger Eva Bida.<\/p>\n<p><strong>S\u00f6ker fler skolor<\/strong><\/p>\n<p style=\"font-weight: 400;\">I dagsl\u00e4get har fem gymnasieskolor anm\u00e4lt sig till att vara med att t\u00e4vla i yrket barnsk\u00f6tare.<\/p>\n<p style=\"font-weight: 400;\">\u2013\u00a0Vi vill ha med n\u00e5gra fler skolor. Kanske upp till \u00e5tta stycken.\u00a0 Varje skola m\u00e5ste ta fram tv\u00e5 deltagare f\u00f6r de ska t\u00e4vla i par, eftersom man i f\u00f6rskolan arbetar i arbetslag, s\u00e4ger Eva Bida.<\/p>\n<p style=\"font-weight: 400;\">P\u00e5 Torek\u00e4llgymnasiet kommer det att ske uttagningst\u00e4vling f\u00f6r att f\u00e5 fram vilket par som ska representera skolan.<\/p>\n<p style=\"font-weight: 400;\">\u2013\u00a0Vi har sagt att det \u00e4r tv\u00e5or och treor som ska f\u00e5 t\u00e4vla eftersom Yrkes-SM bara g\u00e5r vartannat \u00e5r. P\u00e5 v\u00e5r skola har vi tolv elever som \u00e4r intresserade. Vi hoppas att intresset kommer att vara lika stort fr\u00e5n de andra skolorna, s\u00e4ger Malin K\u00e4llgren.<\/p>\n<p>        Yrkes-SM 2026<\/p>\n<ul>\n<li style=\"font-weight: 400;\">Yrkes-SM p\u00e5g\u00e5r fr\u00e5n den 4 till 6 maj p\u00e5 Stockholmsm\u00e4ssan. T\u00e4vlingarna kommer att visa p\u00e5 en bredd av utbildningar och yrken. N\u00e5gra exempel \u00e4r mobilkranf\u00f6rare, florist, fordonslackering, butiksf\u00f6rs\u00e4ljning samt v\u00e5rd- och omsorg.<\/li>\n<li style=\"font-weight: 400;\">Yrkes-SM har arrangerats tio g\u00e5nger. F\u00f6rra g\u00e5ngen slogs det nytt publikrekord med 28\u00a0189 bes\u00f6kare i Karlstad. De kunde ta del av n\u00e4ra 70 yrken. Yrkes-SM 2026 arrangeras av WorldSkills Sweden i samverkan med Stockholms stad och Region Stockholm.<\/li>\n<\/ul>\n<p>K\u00e4lla: Yrkes-SM.<\/p>\n<p><strong>L\u00c4S \u00c4VEN:<\/strong><\/p>\n<p><a title=\"Rekordsk\u00f6rd p\u00e5 Yrkes-EM\" href=\"https:\/\/www.vilarare.se\/yrkeslararen\/nyheter\/rekordskord-pa-yrkes-em\/\" rel=\"nofollow noopener\" target=\"_blank\">Rekordsk\u00f6rd p\u00e5 Yrkes-EM<\/a><\/p>\n<p><a title=\"Nytt publikrekord p\u00e5 Yrkes-SM\" href=\"https:\/\/www.vilarare.se\/yrkeslararen\/arbetsplatsutbildning\/nytt-publikrekord-pa-yrkes-sm\/\" rel=\"nofollow noopener\" target=\"_blank\">Nytt publikrekord p\u00e5 Yrkes-SM<\/a><\/p>\n<p><a title=\"Magnus bed\u00f6mer mekaniker i Yrkes-SM\" href=\"https:\/\/www.vilarare.se\/yrkeslararen\/annat\/magnus-bedomer-mekaniker-i-yrkes-sm\/\" rel=\"nofollow noopener\" target=\"_blank\">Magnus bed\u00f6mer mekaniker i Yrkes-SM<\/a><\/p>\n","protected":false},"excerpt":{"rendered":"P\u00e5 initiativ av Eva Bida och Malin K\u00e4llgren blev barnsk\u00f6tare en del av yrkes-SM. Foto: Privat och Yrkes-SM.&hellip;\n","protected":false},"author":2,"featured_media":135902,"comment_status":"","ping_status":"","sticky":false,"template":"","format":"standard","meta":{"footnotes":""},"categories":[12],"tags":[22,23,26,27,17,21,24,25,28,29,15,16,18,34,31,33,32,30,19,20],"class_list":{"0":"post-135901","1":"post","2":"type-post","3":"status-publish","4":"format-standard","5":"has-post-thumbnail","7":"category-sverige","8":"tag-breaking-news","9":"tag-breakingnews","10":"tag-featured-news","11":"tag-featurednews","12":"tag-headlines","13":"tag-huvudnyheter","14":"tag-latest-news","15":"tag-latestnews","16":"tag-main-news","17":"tag-mainnews","18":"tag-news","19":"tag-nyheter","20":"tag-rubriker","21":"tag-se","22":"tag-svenska","23":"tag-sverige","24":"tag-sweden","25":"tag-swedish","26":"tag-top-stories","27":"tag-topstories"},"share_on_mastodon":{"url":"https:\/\/pubeurope.com\/@se\/115894348912494834","error":""},"_links":{"self":[{"href":"https:\/\/www.europesays.com\/se\/wp-json\/wp\/v2\/posts\/135901","targetHints":{"allow":["GET"]}}],"collection":[{"href":"https:\/\/www.europesays.com\/se\/wp-json\/wp\/v2\/posts"}],"about":[{"href":"https:\/\/www.europesays.com\/se\/wp-json\/wp\/v2\/types\/post"}],"author":[{"embeddable":true,"href":"https:\/\/www.europesays.com\/se\/wp-json\/wp\/v2\/users\/2"}],"replies":[{"embeddable":true,"href":"https:\/\/www.europesays.com\/se\/wp-json\/wp\/v2\/comments?post=135901"}],"version-history":[{"count":0,"href":"https:\/\/www.europesays.com\/se\/wp-json\/wp\/v2\/posts\/135901\/revisions"}],"wp:featuredmedia":[{"embeddable":true,"href":"https:\/\/www.europesays.com\/se\/wp-json\/wp\/v2\/media\/135902"}],"wp:attachment":[{"href":"https:\/\/www.europesays.com\/se\/wp-json\/wp\/v2\/media?parent=135901"}],"wp:term":[{"taxonomy":"category","embeddable":true,"href":"https:\/\/www.europesays.com\/se\/wp-json\/wp\/v2\/categories?post=135901"},{"taxonomy":"post_tag","embeddable":true,"href":"https:\/\/www.europesays.com\/se\/wp-json\/wp\/v2\/tags?post=135901"}],"curies":[{"name":"wp","href":"https:\/\/api.w.org\/{rel}","templated":true}]}}