{"id":135903,"date":"2026-01-14T16:16:19","date_gmt":"2026-01-14T16:16:19","guid":{"rendered":"https:\/\/www.europesays.com\/se\/135903\/"},"modified":"2026-01-14T16:16:19","modified_gmt":"2026-01-14T16:16:19","slug":"det-finns-billigare-rad-for-kommunpolitikerna-an-att-vanda-sig-till-dyra-konsulter-arbetet","status":"publish","type":"post","link":"https:\/\/www.europesays.com\/se\/135903\/","title":{"rendered":"Det finns billigare r\u00e5d f\u00f6r kommun\u00adpolitikerna \u00e4n att v\u00e4nda sig till dyra konsulter \u2013 Arbetet"},"content":{"rendered":"<p>Nu skriver inte l\u00e4ngre bara Kommunalarbetaren om stressen, den otillr\u00e4ckliga omv\u00e5rdnaden som g\u00e5r ut \u00f6ver v\u00e5rdtagarna och personal som lever i ett kaos p\u00e5 jobbet och ofta g\u00e5r hem med en klump i magen. Under h\u00f6sten har nyheterna duggat t\u00e4tt i riksmedierna om minutstyrning i hemtj\u00e4nsten och personalens arbetssituation.<\/p>\n<p>Regeringen tycks blunda. Under Kristersson-regeringen har inte statsbidragen \u00f6kat i den takt som verkligheten kr\u00e4ver. <\/p>\n<p>I den senaste budgeten f\u00f6r 2026 ligger de kvar p\u00e5 samma niv\u00e5 som \u00e5ret innan, trots att behoven \u00f6kat med cirka 3 miljarder kronor utifr\u00e5n \u00f6kade kostnader och inflation. <\/p>\n<p>Och den s\u00e4rskilda \u00e4ldreomsorgslag, d\u00e4r bland annat krav om grundbemanning fanns med i diskussionen, sade regeringen nej till i v\u00e5ras.<\/p>\n<p>H\u00e4r ska p\u00e5pekas att tidigare S-ledda regeringar varit goda k\u00e5lsupare de med.\u00a0Mellan \u00e5ren 2012 och 2020 f\u00f6rsvann omkring 50 miljarder kronor fr\u00e5n kommunerna p\u00e5 grund av att statsbidragen inte tog h\u00e4nsyn till inflation och kostnads\u00f6kningar, enligt SKR:s ekonomirapport i h\u00f6stas.<\/p>\n<p>Bra arbetsmilj\u00f6 kostar<\/p>\n<p>Bristen p\u00e5 resurser ger d\u00e4rmed grogrund f\u00f6r den alltmer sjukliga jakten p\u00e5 minutrar i hemtj\u00e4nsten.\u00a0<\/p>\n<p>Det \u00e4r h\u00e4r konsultbolag som Ensolution kommer in i bilden.\u00a0Desperata kommuner v\u00e4nder sig till dem och andra konsultbolag och ber om hj\u00e4lp. <\/p>\n<p>Som socialn\u00e4mndens ordf\u00f6rande i Alvesta, Lars-Olof Pettersson (S) uttrycker det i Kommunalarbetarens artikel om <a href=\"https:\/\/arbetet.se\/2026\/01\/13\/kommuner-betalar-miljoner-till-konsulter-for-att-chockspara-pa-aldreomsorgen\/\" rel=\"nofollow noopener\" target=\"_blank\">kommunernas anv\u00e4ndande av konsultbolag: <\/a>\u201dVi har s\u00e5 pressad ekonomi att vi inte orkar reda ut det\u201d.<\/p>\n<p>Ensolution reflekterar sj\u00e4lva inte bara p\u00e5 ekonomi i en rapport de skrivit \u00e5t Svenskt N\u00e4ringsliv. Uppdraget var att visa p\u00e5 skillnader mellan effektiva och mindre effektiva kommuner. <\/p>\n<p>Om de \u201dineffektiva\u201d kommunerna konstaterar Ensolution att dessa kommuner i st\u00f6rre utstr\u00e4ckning kan v\u00e4ga in arbetsmilj\u00f6perspektiv i sitt f\u00f6rh\u00e5llningss\u00e4tt. Det kan \u201df\u00f6rb\u00e4ttra kvaliteten och effektiviteten\u201d men tenderar att \u201dbli kostnadsdrivande\u201d.\u00a0<\/p>\n<p>Kan det bli tydligare? En bra arbetsmilj\u00f6 kostar pengar. Visserligen kan kvaliteten \u00f6ka men det blir dyrt.<\/p>\n<p>Gratis r\u00e5d finns<\/p>\n<p>\u201dLandets ledande kommunr\u00e5dgivare\u201d. S\u00e5 marknadsf\u00f6r sig Ensolution p\u00e5 sin hemsida.\u00a0Men r\u00e5den g\u00e5r n\u00e4stan alltid ut p\u00e5 att visa varje kommun att deras v\u00e5rd och omsorg \u00e4r dyr j\u00e4mf\u00f6rt med andra kommuner. <\/p>\n<p>S\u00e5 kostnaderna s\u00e4nks, med allt vad det inneb\u00e4r, och vid n\u00e4sta j\u00e4mf\u00f6relse \u00e4r det n\u00e5gon annan kommun som \u00e4r \u201df\u00f6r dyr\u201d. <\/p>\n<p>In med samma \u00e5tg\u00e4rdspaket d\u00e4r och vips har en ned\u00e5tg\u00e5ende spiral skapats. Hur billig kan till slut \u00e4ldreomsorgen bli?<\/p>\n<p>\u00c4ldreomsorgspersonal har i \u00e5ratal efterlyst b\u00e4ttre scheman och fler kollegor f\u00f6r att de ska slippa bli utslitna och orka jobba till pensionen. <\/p>\n<p>Men n\u00e5gra s\u00e5dana r\u00e5d fr\u00e5n konsultbolag har inte synts till. Fr\u00e5gan \u00e4r om kommunernas politiker v\u00e5gar lyssna p\u00e5 personalens r\u00e5d? De \u00e4r gratis.<\/p>\n","protected":false},"excerpt":{"rendered":"Nu skriver inte l\u00e4ngre bara Kommunalarbetaren om stressen, den otillr\u00e4ckliga omv\u00e5rdnaden som g\u00e5r ut \u00f6ver v\u00e5rdtagarna och personal&hellip;\n","protected":false},"author":2,"featured_media":135904,"comment_status":"","ping_status":"","sticky":false,"template":"","format":"standard","meta":{"footnotes":""},"categories":[5],"tags":[22,23,26,27,17,21,24,25,28,29,15,16,18,34,31,33,32,30,19,20],"class_list":{"0":"post-135903","1":"post","2":"type-post","3":"status-publish","4":"format-standard","5":"has-post-thumbnail","7":"category-rubriker","8":"tag-breaking-news","9":"tag-breakingnews","10":"tag-featured-news","11":"tag-featurednews","12":"tag-headlines","13":"tag-huvudnyheter","14":"tag-latest-news","15":"tag-latestnews","16":"tag-main-news","17":"tag-mainnews","18":"tag-news","19":"tag-nyheter","20":"tag-rubriker","21":"tag-se","22":"tag-svenska","23":"tag-sverige","24":"tag-sweden","25":"tag-swedish","26":"tag-top-stories","27":"tag-topstories"},"share_on_mastodon":{"url":"https:\/\/pubeurope.com\/@se\/115894352843736543","error":""},"_links":{"self":[{"href":"https:\/\/www.europesays.com\/se\/wp-json\/wp\/v2\/posts\/135903","targetHints":{"allow":["GET"]}}],"collection":[{"href":"https:\/\/www.europesays.com\/se\/wp-json\/wp\/v2\/posts"}],"about":[{"href":"https:\/\/www.europesays.com\/se\/wp-json\/wp\/v2\/types\/post"}],"author":[{"embeddable":true,"href":"https:\/\/www.europesays.com\/se\/wp-json\/wp\/v2\/users\/2"}],"replies":[{"embeddable":true,"href":"https:\/\/www.europesays.com\/se\/wp-json\/wp\/v2\/comments?post=135903"}],"version-history":[{"count":0,"href":"https:\/\/www.europesays.com\/se\/wp-json\/wp\/v2\/posts\/135903\/revisions"}],"wp:featuredmedia":[{"embeddable":true,"href":"https:\/\/www.europesays.com\/se\/wp-json\/wp\/v2\/media\/135904"}],"wp:attachment":[{"href":"https:\/\/www.europesays.com\/se\/wp-json\/wp\/v2\/media?parent=135903"}],"wp:term":[{"taxonomy":"category","embeddable":true,"href":"https:\/\/www.europesays.com\/se\/wp-json\/wp\/v2\/categories?post=135903"},{"taxonomy":"post_tag","embeddable":true,"href":"https:\/\/www.europesays.com\/se\/wp-json\/wp\/v2\/tags?post=135903"}],"curies":[{"name":"wp","href":"https:\/\/api.w.org\/{rel}","templated":true}]}}