{"id":135905,"date":"2026-01-14T16:17:06","date_gmt":"2026-01-14T16:17:06","guid":{"rendered":"https:\/\/www.europesays.com\/se\/135905\/"},"modified":"2026-01-14T16:17:06","modified_gmt":"2026-01-14T16:17:06","slug":"influensan-satter-press-pa-akuten-vi-har-ont-om-vardplatser-vf","status":"publish","type":"post","link":"https:\/\/www.europesays.com\/se\/135905\/","title":{"rendered":"Influensan s\u00e4tter press p\u00e5 akuten: \u201dVi har ont om v\u00e5rdplatser\u201d &#8211; VF"},"content":{"rendered":"<ol>\n<li><a href=\"https:\/\/news.google.com\/rss\/articles\/CBMilwFBVV95cUxPczhCSURUQ0hfTmxMcjVablRqQlVZNkVTQkJNWGlsSlZzNlJ4R0QwVk5YeUZTN0NnaUx2cU81d0xCalNxSG55ak9vZVhyT1dvRC1kbVNvcGdfcXpqUm4xcS01cnkxdW9JUlZ0TTkyVVhZalMxR1c2Ml95NEQ4MVVZVUR2Q1F1Y05rR3JvVU5iSUxOOXpjTkRJ?oc=5\" target=\"_blank\" rel=\"nofollow noopener\">Influensan s\u00e4tter press p\u00e5 akuten: \u201dVi har ont om v\u00e5rdplatser\u201d<\/a>&nbsp;&nbsp;VF<\/li>\n<li><a href=\"https:\/\/news.google.com\/rss\/articles\/CBMiwAFBVV95cUxPbXhHRjdKRjAtSng2UG9SY19Pb0dGZ3ZmTHRyQ19QQVJMVkpNVWhkaU9nSHhPNTROTkQzS2hiRUNPM3ZSTU10ZGJSN1dXd3RodWJZU0pOTHVWVVdRd3d0cHVHc2V3bG9DRE10QVI4WmpQeDhsUFlxaWxVelRqYzVsNEhfdXhid3RMUXdYWlBrVDBvYmt6Tk11SHJoZWlCZlk2Vlc3N3JCcjU3MzRRdlVRVW1Vdm5zNWQ2UGFuRWxlQUQ?oc=5\" target=\"_blank\" rel=\"nofollow noopener\">40 miljoner f\u00f6r att skydda nyf\u00f6dda mot RS-virus<\/a>&nbsp;&nbsp;Cision News<\/li>\n<li><a href=\"https:\/\/news.google.com\/rss\/articles\/CBMiWEFVX3lxTE9jSkZ5ZmxEM2pXdkNFQlNFcE9YTzFseTQ0bXcyaGc3Y0c0czh3aTNSWDFPSjJkTnN6eFFyRkV5SlF5TF9WNDVIS2tqRlhPX0pjYVRqbUZOZEo?oc=5\" target=\"_blank\" rel=\"nofollow noopener\">Kraftig influensas\u00e4song \u00f6verbelastar v\u00e5rden i \u00d6sterbotten<\/a>&nbsp;&nbsp;Vasabladet<\/li>\n<li><a href=\"https:\/\/news.google.com\/rss\/articles\/CBMitAFBVV95cUxQRC1yVnRPekFwR0hycm94Tk5jaFF3STRXNjdnQWk2Q2lSaHV6VTdHclpYYm5nczllLWUxZEh0Y1VQUnljVlVWVzV1enQ5YnBaNFZlRHdvVGFqN1h1MWQ4V05vOEYya2h6dWI4eFRBeEE5NDZOZVdXeE91WUVscWsxTTgwZThwQ3ZYVnFjbUtqVF8zN3FoV3k0OHJvYk9pY25acjRubnZ3QXJWdmRNYzZfa2U3d1A?oc=5\" target=\"_blank\" rel=\"nofollow noopener\">R\u00f6tt l\u00e4ge p\u00e5 akuten i Norrk\u00f6ping: \u201dVill hj\u00e4lpa s\u00e5 gott man kan men hinner inte\u201d<\/a>&nbsp;&nbsp;SVT Nyheter<\/li>\n<li><a href=\"https:\/\/news.google.com\/rss\/articles\/CBMiQEFVX3lxTFBVUWlMY1YzeXlzV3hWMW5pTnZWQ3hDWkZQbUE3SElrZXZDVzNlekI2WlVwcWMzX0gwaDdNc3d6Tms?oc=5\" target=\"_blank\" rel=\"nofollow noopener\">Influensan belastar v\u00e5rden i \u00d6sterbotten<\/a>&nbsp;&nbsp;Yle<\/li>\n<\/ol>\n","protected":false},"excerpt":{"rendered":"Influensan s\u00e4tter press p\u00e5 akuten: \u201dVi har ont om v\u00e5rdplatser\u201d&nbsp;&nbsp;VF 40 miljoner f\u00f6r att skydda nyf\u00f6dda mot RS-virus&nbsp;&nbsp;Cision&hellip;\n","protected":false},"author":2,"featured_media":135906,"comment_status":"","ping_status":"","sticky":false,"template":"","format":"standard","meta":{"footnotes":""},"categories":[69],"tags":[113,112,34,31,33,32,30],"class_list":{"0":"post-135905","1":"post","2":"type-post","3":"status-publish","4":"format-standard","5":"has-post-thumbnail","7":"category-halsa","8":"tag-halsa","9":"tag-health","10":"tag-se","11":"tag-svenska","12":"tag-sverige","13":"tag-sweden","14":"tag-swedish"},"share_on_mastodon":{"url":"https:\/\/pubeurope.com\/@se\/115894356738569585","error":""},"_links":{"self":[{"href":"https:\/\/www.europesays.com\/se\/wp-json\/wp\/v2\/posts\/135905","targetHints":{"allow":["GET"]}}],"collection":[{"href":"https:\/\/www.europesays.com\/se\/wp-json\/wp\/v2\/posts"}],"about":[{"href":"https:\/\/www.europesays.com\/se\/wp-json\/wp\/v2\/types\/post"}],"author":[{"embeddable":true,"href":"https:\/\/www.europesays.com\/se\/wp-json\/wp\/v2\/users\/2"}],"replies":[{"embeddable":true,"href":"https:\/\/www.europesays.com\/se\/wp-json\/wp\/v2\/comments?post=135905"}],"version-history":[{"count":0,"href":"https:\/\/www.europesays.com\/se\/wp-json\/wp\/v2\/posts\/135905\/revisions"}],"wp:featuredmedia":[{"embeddable":true,"href":"https:\/\/www.europesays.com\/se\/wp-json\/wp\/v2\/media\/135906"}],"wp:attachment":[{"href":"https:\/\/www.europesays.com\/se\/wp-json\/wp\/v2\/media?parent=135905"}],"wp:term":[{"taxonomy":"category","embeddable":true,"href":"https:\/\/www.europesays.com\/se\/wp-json\/wp\/v2\/categories?post=135905"},{"taxonomy":"post_tag","embeddable":true,"href":"https:\/\/www.europesays.com\/se\/wp-json\/wp\/v2\/tags?post=135905"}],"curies":[{"name":"wp","href":"https:\/\/api.w.org\/{rel}","templated":true}]}}