{"id":135923,"date":"2026-01-14T16:30:33","date_gmt":"2026-01-14T16:30:33","guid":{"rendered":"https:\/\/www.europesays.com\/se\/135923\/"},"modified":"2026-01-14T16:30:33","modified_gmt":"2026-01-14T16:30:33","slug":"affarsvarlden-ser-positivt-pa-nobias-avyttring-av-uk-aktien-vard-att-ha-under-bevakning-2","status":"publish","type":"post","link":"https:\/\/www.europesays.com\/se\/135923\/","title":{"rendered":"Aff\u00e4rsv\u00e4rlden ser positivt p\u00e5 Nobias avyttring av UK, aktien v\u00e4rd att ha under bevakning"},"content":{"rendered":"<p>&#13;<br \/>\n                        Aff\u00e4rsv\u00e4rlden skriver i en dagsf\u00e4rsk kommentar att tidningen i flera \u00e5r f\u00f6respr\u00e5kat en f\u00f6rs\u00e4ljning av verksamheten i Storbritannien. Ingen k\u00f6peskilling kommer erl\u00e4ggas, i st\u00e4llet \u00f6vertar k\u00f6paren en bruttoskuld p\u00e5 746 miljoner kronor.<\/p>\n<p>&#8221;Sammantaget tycker vi beslutet att s\u00e4lja den f\u00f6rlusttyngda verksamheten i UK \u00e4r strategiskt r\u00e4tt&#8221;, skriver tidningen och framh\u00e5ller att det \u00e4r mycket positivt att ledningen nu enbart kan fokusera p\u00e5 den nordiska verksamheten som faktiskt presterat r\u00e4tt bra \u00f6ver tid.<\/p>\n<p>&#8221;Investerare som inte r\u00e4ds riskniv\u00e5n och gillar turn-around bolag kan \u00f6verv\u00e4ga en post. Mer information och detaljer kommer som sagt vid bokslutet i februari. Nobia \u00e4r mer intressant \u00e4n p\u00e5 l\u00e4nge och v\u00e4rd att ha under bevakning&#8221;, avslutar Aff\u00e4rsv\u00e4rlden utan att ge ett tydligt r\u00e5d.&#13;\n                    <\/p>\n","protected":false},"excerpt":{"rendered":"&#13; Aff\u00e4rsv\u00e4rlden skriver i en dagsf\u00e4rsk kommentar att tidningen i flera \u00e5r f\u00f6respr\u00e5kat en f\u00f6rs\u00e4ljning av verksamheten i&hellip;\n","protected":false},"author":2,"featured_media":135924,"comment_status":"","ping_status":"","sticky":false,"template":"","format":"standard","meta":{"footnotes":""},"categories":[65],"tags":[72,70,71,454,453,451,452,34,31,33,32,30,455],"class_list":{"0":"post-135923","1":"post","2":"type-post","3":"status-publish","4":"format-standard","5":"has-post-thumbnail","7":"category-ekonomi","8":"tag-business","9":"tag-economy","10":"tag-ekonomi","11":"tag-ekonomisk-analys","12":"tag-finans","13":"tag-finansiella-nyheter","14":"tag-investera","15":"tag-se","16":"tag-svenska","17":"tag-sverige","18":"tag-sweden","19":"tag-swedish","20":"tag-trading"},"share_on_mastodon":{"url":"https:\/\/pubeurope.com\/@se\/115894407796346384","error":""},"_links":{"self":[{"href":"https:\/\/www.europesays.com\/se\/wp-json\/wp\/v2\/posts\/135923","targetHints":{"allow":["GET"]}}],"collection":[{"href":"https:\/\/www.europesays.com\/se\/wp-json\/wp\/v2\/posts"}],"about":[{"href":"https:\/\/www.europesays.com\/se\/wp-json\/wp\/v2\/types\/post"}],"author":[{"embeddable":true,"href":"https:\/\/www.europesays.com\/se\/wp-json\/wp\/v2\/users\/2"}],"replies":[{"embeddable":true,"href":"https:\/\/www.europesays.com\/se\/wp-json\/wp\/v2\/comments?post=135923"}],"version-history":[{"count":0,"href":"https:\/\/www.europesays.com\/se\/wp-json\/wp\/v2\/posts\/135923\/revisions"}],"wp:featuredmedia":[{"embeddable":true,"href":"https:\/\/www.europesays.com\/se\/wp-json\/wp\/v2\/media\/135924"}],"wp:attachment":[{"href":"https:\/\/www.europesays.com\/se\/wp-json\/wp\/v2\/media?parent=135923"}],"wp:term":[{"taxonomy":"category","embeddable":true,"href":"https:\/\/www.europesays.com\/se\/wp-json\/wp\/v2\/categories?post=135923"},{"taxonomy":"post_tag","embeddable":true,"href":"https:\/\/www.europesays.com\/se\/wp-json\/wp\/v2\/tags?post=135923"}],"curies":[{"name":"wp","href":"https:\/\/api.w.org\/{rel}","templated":true}]}}