{"id":135931,"date":"2026-01-14T16:36:43","date_gmt":"2026-01-14T16:36:43","guid":{"rendered":"https:\/\/www.europesays.com\/se\/135931\/"},"modified":"2026-01-14T16:36:43","modified_gmt":"2026-01-14T16:36:43","slug":"drottning-silvia-berattar-om-det-okanda-terrorhotet-under-os-i-munchen","status":"publish","type":"post","link":"https:\/\/www.europesays.com\/se\/135931\/","title":{"rendered":"Drottning Silvia ber\u00e4ttar om det ok\u00e4nda terrorhotet under OS i M\u00fcnchen"},"content":{"rendered":"<p><a data-test-tag=\"internal-link\" href=\"https:\/\/www.aftonbladet.se\/av\/jenny-alexandersson\" class=\"hyperion-css-13ns1rr\" rel=\"nofollow noopener\" target=\"\" aria-label=\"Se alla artiklar av Jenny Alexandersson\"><img decoding=\"async\" class=\"image-asset hyperion-css-n6kkq1\" data-test-tag=\"image-asset\" src=\"https:\/\/www.europesays.com\/se\/wp-content\/uploads\/2026\/01\/1768408600_364_8e534389-b865-43b3-91f1-f68a34487f06.png\"  alt=\"\"  loading=\"lazy\" fetchpriority=\"auto\" style=\"aspect-ratio:1900 \/ 1900\"\/><\/a><\/p>\n<p class=\"boxtextgrotesk-root_baa6 hyperion-css-7pajle\">Uppdaterad 14.22 | Publicerad 2026-01-13 13.43<\/p>\n<p>share-arrowDela<\/p>\n<p>unsaveSpara<\/p>\n<p class=\"hyperion-css-1shl3oz\" data-test-tag=\"lead-text\">Ett stulet flygplan skulle kraschas in i vip-l\u00e4ktaren under OS. <\/p>\n<p class=\"hyperion-css-1shl3oz\" data-test-tag=\"lead-text\">Drottning Silvia befann sig mitt i terrorhotet, men fick inte s\u00e4ga ett ord till g\u00e4sterna. <\/p>\n<p class=\"hyperion-css-1shl3oz\" data-test-tag=\"lead-text\">\u2013 Det var fruktansv\u00e4rt, s\u00e4ger drottningen som f\u00f6r f\u00f6rsta g\u00e5ngen ber\u00e4ttar om h\u00e4ndelsen i boken \u201dYrke: drottning \u2013 makten och m\u00f6jligheterna\u201d. <\/p>\n<ul class=\"hyperion-css-e9gx76\" data-test-tag=\"list\">\n<li class=\"hyperion-css-1d843yr\">Drottning Silvia befann sig mitt i ett terrorhot under avslutningsceremonin vid OS i M\u00fcnchen 1972 n\u00e4r det inrapporterades ett hot om ett stulet flygplan som skulle kraschas in i olympiastadion.  <\/li>\n<li class=\"hyperion-css-1d843yr\">Trots risken f\u00f6r panik valde man att inte utrymma de 80\u00a0000 \u00e5sk\u00e5darna i stadion, och drottningen h\u00f6ll sig lugn f\u00f6r att inte oroa n\u00e5gon.  <\/li>\n<li class=\"hyperion-css-1d843yr\">Det visade sig senare att flygplanet inte var stulet utan ett finskt passagerarplan med tekniska problem som oskyldigt hade flugit vilse. <\/li>\n<\/ul>\n<p>L\u00e4s mer<\/p>\n<p>expand-left<\/p>\n<p>helsk\u00e4rm<img decoding=\"async\" class=\"image-asset hyperion-css-1jmr20d\" data-test-tag=\"image-asset\" src=\"https:\/\/www.europesays.com\/se\/wp-content\/uploads\/2026\/01\/b816fe09-5b3e-4df9-ad05-7bd37ec0db94.jpeg\"  alt=\"Drottning Silvia har aldrig tidigare pratat om terrorhotet i M\u00fcnchen. \"  loading=\"eager\" fetchpriority=\"high\" style=\"aspect-ratio:1200 \/ 1038\"\/>Drottning Silvia har aldrig tidigare pratat om terrorhotet i M\u00fcnchen. Foto: TT<\/p>\n<p class=\"hyperion-css-1v9qo5x\">Det sa \u201dklick\u201d n\u00e4r Silvia Sommerlath tr\u00e4ffade den svenska kronprinsen p\u00e5 vip-l\u00e4ktaren under de olympiska spelen i <a data-test-tag=\"internal-link\" href=\"https:\/\/www.aftonbladet.se\/tagg\/munchen\" class=\"hyperion-css-15jkft9\" rel=\"nofollow noopener\" target=\"\" aria-label=\"M\u00fcnchen\">M\u00fcnchen<\/a> 1972. <\/p>\n<p class=\"hyperion-css-1v9qo5x\">Men h\u00e4ndelsen skuggades av ett blodigt terrorattentat mot de israeliska deltagarna i OS-byn d\u00e4r 17 personer f\u00f6rlorade livet. <\/p>\n<p class=\"hyperion-css-1v9qo5x\">Nio israeler togs som gisslan av den palestinska terrorgruppen Svarta september. Tv\u00e5 personer ur gisslan d\u00f6dades och gruppen kr\u00e4vde frigivning av 200 palestinska f\u00e5ngar. <\/p>\n<p class=\"hyperion-css-1v9qo5x\">Israel v\u00e4grade och n\u00e4r terroristerna och gisslan skulle transporteras till en milit\u00e4r flygbas b\u00f6rjade v\u00e4sttysk milit\u00e4r och polis att skjuta mot dem. Svarta september d\u00f6dade gisslan och fem av terroristerna dog under beskjutningen. <\/p>\n<p>expand-left<\/p>\n<p>helsk\u00e4rm<img decoding=\"async\" class=\"image-asset hyperion-css-1ja2vyg\" data-test-tag=\"image-asset\" src=\"https:\/\/www.europesays.com\/se\/wp-content\/uploads\/2026\/01\/701fc03d-b707-4672-bda8-894f380a3dbb.jpeg\"  alt=\"En maskerad terrorist fr\u00e5n Svarta september vid OS i M\u00fcnchen 1972. \"  loading=\"eager\" fetchpriority=\"high\" style=\"aspect-ratio:1200 \/ 870\"\/>En maskerad terrorist fr\u00e5n Svarta september vid OS i M\u00fcnchen 1972. Foto: TTDrottningen fick ett nytt terrorlarm<\/p>\n<p class=\"hyperion-css-1v9qo5x\">OS fortsatte trots d\u00f6dsfallen. Man ville inte att terroristerna skulle f\u00e5 f\u00f6rst\u00f6ra den olympiska andan. <\/p>\n<p class=\"hyperion-css-1v9qo5x\">Men faran var l\u00e5ngt ifr\u00e5n \u00f6ver. <\/p>\n<p class=\"hyperion-css-1v9qo5x\"><a data-test-tag=\"internal-link\" href=\"https:\/\/www.aftonbladet.se\/tagg\/drottning-silvia\" class=\"hyperion-css-15jkft9\" rel=\"nofollow noopener\" target=\"\" aria-label=\"Drottning Silvia\">Drottning Silvia<\/a> var chefsv\u00e4rdinna och ansvarade f\u00f6r de andra OS-v\u00e4rdinnorna samt alla vip-g\u00e4ster. <\/p>\n<p class=\"hyperion-css-1v9qo5x\">Vid avslutningsceremonin kom ett nytt larm. En person hade stulit ett oidentifierat privatflygplan med avsikt att krascha in i den fullsatta olympiastadion. <\/p>\n<p class=\"hyperion-css-1v9qo5x\">Drottning Silvia stod p\u00e5 hedersl\u00e4ktaren bland vip-g\u00e4sterna n\u00e4r hon fick information om hotet. <\/p>\n<p class=\"hyperion-css-1v9qo5x\">\u2013 Det var fruktansv\u00e4rt, ber\u00e4ttar drottningen f\u00f6r f\u00f6rfattaren och journalisten Ingrid Th\u00f6rnqvist i hennes bok \u201dYrke: drottning \u2013 makten och m\u00f6jligheterna\u201d. <\/p>\n<p class=\"hyperion-css-1v9qo5x\">Den har f\u00e5tt ett nytt kapitel om den tidigare ok\u00e4nda h\u00e4ndelsen i den tyska versionen. <\/p>\n<p>\u201dDet hade blivit panik\u201d<\/p>\n<p class=\"hyperion-css-1v9qo5x\">Drottningen h\u00f6ll sig lugn f\u00f6r att inte oroa n\u00e5gon. <\/p>\n<p class=\"hyperion-css-1v9qo5x\">\u2013 Man m\u00e5ste vara lugn. Det hade inte g\u00e5tt att evakuera 80 000 m\u00e4nniskor, det hade blivit panik och kanske lett till en \u00e4nnu farligare situation, s\u00e4ger hon. <\/p>\n<p class=\"hyperion-css-1v9qo5x\">Det \u00e4r f\u00f6rsta g\u00e5ngen som hon pratar om h\u00e4ndelsen, men hon minns mycket av det som h\u00e4nde f\u00f6r 54 \u00e5r sedan. <\/p>\n<p class=\"hyperion-css-1v9qo5x\">Man beslutade snabbt att st\u00e4nga luftrummet. Flygvapnets jaktplan skulle f\u00f6rs\u00f6ka tvinga mannen i privatplanet att landa. Man avstod en utrymning av stadion f\u00f6r att undvika panik. Ingen av bes\u00f6karna fick veta vad som h\u00f6ll p\u00e5 att h\u00e4nda. <\/p>\n<p>expand-left<\/p>\n<p>helsk\u00e4rm<img decoding=\"async\" class=\"image-asset hyperion-css-8bvgrm\" data-test-tag=\"image-asset\" src=\"https:\/\/www.europesays.com\/se\/wp-content\/uploads\/2026\/01\/df0b97a4-4708-4e02-a291-c0a189439588.jpeg\"  alt=\"Silvia Sommerlath och d\u00e5varande kronprins Carl Gusta p\u00e5 nattklubben Kinki under OS 1972. \"  loading=\"eager\" fetchpriority=\"high\" style=\"aspect-ratio:1200 \/ 963\"\/>Silvia Sommerlath och d\u00e5varande kronprins Carl Gusta p\u00e5 nattklubben Kinki under OS 1972. Foto: TTStridplan skulle skjuta ner planet<\/p>\n<p class=\"hyperion-css-1v9qo5x\">Det hade kunnat sluta i katastrof, men precis innan stridsflygplanen fick order att skjuta ner privatplanet, kontaktade piloten trafikledningen. <\/p>\n<p class=\"hyperion-css-1v9qo5x\">Det var ett finskt passagerarplan med ca hundra passagerare som f\u00e5tt tekniska problem. Deras system ombord, inklusive radarn, hade slutat att fungera och planet fl\u00f6g vilse. <\/p>\n<p class=\"hyperion-css-1v9qo5x\">Uppgifterna om att det var stulet st\u00e4mde inte. Planet fick tillst\u00e5nd att landa p\u00e5 flygplatsen M\u00fcnchen-Riem.<\/p>\n<p>expand-left<\/p>\n<p>helsk\u00e4rm<img decoding=\"async\" class=\"image-asset hyperion-css-6ccuku\" data-test-tag=\"image-asset\" src=\"https:\/\/www.europesays.com\/se\/wp-content\/uploads\/2026\/01\/70360c04-cd20-4cc9-a18d-36dd80ec610e.jpeg\"  alt=\"Drottning Silvia och Ingrid Th\u00f6rnqvist p\u00e5 Kungliga slottet i samband med en intervju. Th\u00f6rnqvist har skrivit boken \u201dYrke: drottning: makten och m\u00f6jligheterna\u201d.\"  loading=\"eager\" fetchpriority=\"high\" style=\"aspect-ratio:1200 \/ 783\"\/>Drottning Silvia och Ingrid Th\u00f6rnqvist p\u00e5 Kungliga slottet i samband med en intervju. Th\u00f6rnqvist har skrivit boken \u201dYrke: drottning: makten och m\u00f6jligheterna\u201d. Foto: Privat<img decoding=\"async\" src=\"https:\/\/www.europesays.com\/se\/wp-content\/uploads\/2025\/09\/4221b9c07f054710beb6b6ea43a3f265.jpg\" class=\"thumbnail-image_fbfd\" alt=\"Fr\u00e5geavsnitt 27\"\/><\/p>\n","protected":false},"excerpt":{"rendered":"Uppdaterad 14.22 | Publicerad 2026-01-13 13.43 share-arrowDela unsaveSpara Ett stulet flygplan skulle kraschas in i vip-l\u00e4ktaren under OS.&hellip;\n","protected":false},"author":2,"featured_media":135932,"comment_status":"","ping_status":"","sticky":false,"template":"","format":"standard","meta":{"footnotes":""},"categories":[67],"tags":[104,34,31,33,32,30,105],"class_list":{"0":"post-135931","1":"post","2":"type-post","3":"status-publish","4":"format-standard","5":"has-post-thumbnail","7":"category-underhallning","8":"tag-entertainment","9":"tag-se","10":"tag-svenska","11":"tag-sverige","12":"tag-sweden","13":"tag-swedish","14":"tag-underhallning"},"share_on_mastodon":{"url":"https:\/\/pubeurope.com\/@se\/115894431492966240","error":""},"_links":{"self":[{"href":"https:\/\/www.europesays.com\/se\/wp-json\/wp\/v2\/posts\/135931","targetHints":{"allow":["GET"]}}],"collection":[{"href":"https:\/\/www.europesays.com\/se\/wp-json\/wp\/v2\/posts"}],"about":[{"href":"https:\/\/www.europesays.com\/se\/wp-json\/wp\/v2\/types\/post"}],"author":[{"embeddable":true,"href":"https:\/\/www.europesays.com\/se\/wp-json\/wp\/v2\/users\/2"}],"replies":[{"embeddable":true,"href":"https:\/\/www.europesays.com\/se\/wp-json\/wp\/v2\/comments?post=135931"}],"version-history":[{"count":0,"href":"https:\/\/www.europesays.com\/se\/wp-json\/wp\/v2\/posts\/135931\/revisions"}],"wp:featuredmedia":[{"embeddable":true,"href":"https:\/\/www.europesays.com\/se\/wp-json\/wp\/v2\/media\/135932"}],"wp:attachment":[{"href":"https:\/\/www.europesays.com\/se\/wp-json\/wp\/v2\/media?parent=135931"}],"wp:term":[{"taxonomy":"category","embeddable":true,"href":"https:\/\/www.europesays.com\/se\/wp-json\/wp\/v2\/categories?post=135931"},{"taxonomy":"post_tag","embeddable":true,"href":"https:\/\/www.europesays.com\/se\/wp-json\/wp\/v2\/tags?post=135931"}],"curies":[{"name":"wp","href":"https:\/\/api.w.org\/{rel}","templated":true}]}}