{"id":135934,"date":"2026-01-14T16:40:15","date_gmt":"2026-01-14T16:40:15","guid":{"rendered":"https:\/\/www.europesays.com\/se\/135934\/"},"modified":"2026-01-14T16:40:15","modified_gmt":"2026-01-14T16:40:15","slug":"chatt-vad-tycker-du-om-kollektiv-bestraffning-inom-forsvaret","status":"publish","type":"post","link":"https:\/\/www.europesays.com\/se\/135934\/","title":{"rendered":"Chatt: Vad tycker du om kollektiv bestraffning inom f\u00f6rsvaret?"},"content":{"rendered":"<p><strong>Officer f\u00f6re 2000-talet \u2022<\/strong> Det \u00e4r n\u00f6dv\u00e4ndigt att tr\u00e4na kollektiva konsekvenser n\u00e4r n\u00e5gon eller flera i en grupp beg\u00e5r fel\/misstag. Det \u00e4r fostrande, in i ryggm\u00e4rgen,  f\u00f6r att kunna verka i en (strids-)milj\u00f6 d\u00e4r enskilda misstag  kan leda till att gruppen misslyckas, skadas eller d\u00f6r. Med kollektiva konsekvenser menar jag t ex sammanhang d\u00e4r man somnat p\u00e5 sin post, gl\u00f6mt mtrl, kommer f\u00f6rsent till sin grupp o s v.<br \/>Om man inte b\u00e4ddat sin s\u00e4ng perfekt, eller inte kn\u00e4ppt en knapp etc, \u00e4r det n\u00e5t annat. D\u00e4r kan konsekvensen inte tydligt kopplas till ett sammanhang. D\u00e5 blir det bestraffning, kollektivt.<br \/>De blir ju fullst\u00e4ndigt onyanserat att s\u00e4tta allt under begreppet kollektiv bestraffning! Sunt f\u00f6rnuft och normalt bra milit\u00e4rt ledarskap f\u00f6rst\u00e5r och till\u00e4mpar skillnaden.<\/p>\n","protected":false},"excerpt":{"rendered":"Officer f\u00f6re 2000-talet \u2022 Det \u00e4r n\u00f6dv\u00e4ndigt att tr\u00e4na kollektiva konsekvenser n\u00e4r n\u00e5gon eller flera i en grupp&hellip;\n","protected":false},"author":2,"featured_media":135935,"comment_status":"","ping_status":"","sticky":false,"template":"","format":"standard","meta":{"footnotes":""},"categories":[12],"tags":[22,23,26,27,17,21,24,25,28,29,15,16,18,34,31,33,32,30,19,20],"class_list":{"0":"post-135934","1":"post","2":"type-post","3":"status-publish","4":"format-standard","5":"has-post-thumbnail","7":"category-sverige","8":"tag-breaking-news","9":"tag-breakingnews","10":"tag-featured-news","11":"tag-featurednews","12":"tag-headlines","13":"tag-huvudnyheter","14":"tag-latest-news","15":"tag-latestnews","16":"tag-main-news","17":"tag-mainnews","18":"tag-news","19":"tag-nyheter","20":"tag-rubriker","21":"tag-se","22":"tag-svenska","23":"tag-sverige","24":"tag-sweden","25":"tag-swedish","26":"tag-top-stories","27":"tag-topstories"},"share_on_mastodon":{"url":"https:\/\/pubeurope.com\/@se\/115894447261600290","error":""},"_links":{"self":[{"href":"https:\/\/www.europesays.com\/se\/wp-json\/wp\/v2\/posts\/135934","targetHints":{"allow":["GET"]}}],"collection":[{"href":"https:\/\/www.europesays.com\/se\/wp-json\/wp\/v2\/posts"}],"about":[{"href":"https:\/\/www.europesays.com\/se\/wp-json\/wp\/v2\/types\/post"}],"author":[{"embeddable":true,"href":"https:\/\/www.europesays.com\/se\/wp-json\/wp\/v2\/users\/2"}],"replies":[{"embeddable":true,"href":"https:\/\/www.europesays.com\/se\/wp-json\/wp\/v2\/comments?post=135934"}],"version-history":[{"count":0,"href":"https:\/\/www.europesays.com\/se\/wp-json\/wp\/v2\/posts\/135934\/revisions"}],"wp:featuredmedia":[{"embeddable":true,"href":"https:\/\/www.europesays.com\/se\/wp-json\/wp\/v2\/media\/135935"}],"wp:attachment":[{"href":"https:\/\/www.europesays.com\/se\/wp-json\/wp\/v2\/media?parent=135934"}],"wp:term":[{"taxonomy":"category","embeddable":true,"href":"https:\/\/www.europesays.com\/se\/wp-json\/wp\/v2\/categories?post=135934"},{"taxonomy":"post_tag","embeddable":true,"href":"https:\/\/www.europesays.com\/se\/wp-json\/wp\/v2\/tags?post=135934"}],"curies":[{"name":"wp","href":"https:\/\/api.w.org\/{rel}","templated":true}]}}