{"id":135936,"date":"2026-01-14T16:41:18","date_gmt":"2026-01-14T16:41:18","guid":{"rendered":"https:\/\/www.europesays.com\/se\/135936\/"},"modified":"2026-01-14T16:41:18","modified_gmt":"2026-01-14T16:41:18","slug":"nastan-14-000-i-stockholm","status":"publish","type":"post","link":"https:\/\/www.europesays.com\/se\/135936\/","title":{"rendered":"N\u00e4stan 14 000 i Stockholm"},"content":{"rendered":"<p>Publicerad 14 jan 2026 kl 16.38<\/p>\n<p>Sn\u00f6ov\u00e4dret \u00f6ver Sverige forts\u00e4tter.<\/p>\n<p>Bara i Stockholm har det p\u00e5 tv\u00e5 veckor kommit in n\u00e4stan 14\u00a0000 klagom\u00e5l p\u00e5 sn\u00f6n, rapporterar <a href=\"https:\/\/www.mitti.se\/nyheter\/nastan-14-000-klagomal-pa-snon--pa-tva-veckor-6.3.339824.20b641431c\" rel=\"nofollow noopener\" target=\"_blank\">Mitt i.<\/a>\u00a0<\/p>\n<p>Samtidigt har SMHI utf\u00e4rdat en ny, gul varning.\u00a0<\/p>\n<p>\u00c5ker slalom \u2013 mitt i svenska staden.<img loading=\"lazy\"   alt=\"\"\/><\/p>\n<p>Det varnas f\u00f6r b\u00e5de sn\u00f6ras och istappar p\u00e5 S\u00f6dermalm i Stockholm.<\/p>\n<p>Foto: Mats Schagerstr\u00f6m \/ TT \/ TT NYHETSBYR\u00c5N<\/p>\n<p>\u00d6ppna bild i helsk\u00e4rm<img loading=\"lazy\"   alt=\"\"\/><\/p>\n<p>Folk har klagat p\u00e5 att det tar f\u00f6r l\u00e5ng tid att r\u00f6ja undan sn\u00f6n.<\/p>\n<p>Foto: Johan Jeppsson \/ TT<\/p>\n<p>\u00d6ppna bild i helsk\u00e4rm<img loading=\"lazy\"   alt=\"\"\/><\/p>\n<p>Plogbilarna har f\u00e5tt jobba h\u00e5rt de senaste veckorna.<\/p>\n<p>Foto: PATRIK \u00d6STERBERG \/ STELLA PICTURES<\/p>\n<p>\u00d6ppna bild i helsk\u00e4rm<img loading=\"lazy\"   alt=\"\"\/><\/p>\n<p>Det har fallit ovanligt mycket sn\u00f6 i Stockholm i januari.<\/p>\n<p>Foto: Claudio Bresciani\/TT<\/p>\n<p>\u00d6ppna bild i helsk\u00e4rm<\/p>\n<p>De senaste veckorna har SMHI:s v\u00e4dervarningar avl\u00f6st varandra. Och under onsdagen r\u00e5der en ny gul varning f\u00f6r sn\u00f6fall. Den g\u00e4ller f\u00f6r:<\/p>\n<p> Gotland, fram till klockan 18 p\u00e5 onsdagskv\u00e4llen.<\/p>\n<p> V\u00e4stra och inre Svealand, fram till klockan 18 p\u00e5 onsdagskv\u00e4llen.<\/p>\n<p> \u00d6stra Svealand, nord\u00f6stra \u00d6sterg\u00f6tland och sydligaste G\u00e4strikland, fram till klockan 21 p\u00e5 onsdagskv\u00e4llen.<\/p>\n<p> Nord\u00f6stra G\u00e4vleborg l\u00e4n och \u00f6stra V\u00e4sternorrlands l\u00e4n, fram till klockan 07 p\u00e5 torsdagsmorgonen.<\/p>\n<p>Risk f\u00f6r besv\u00e4rligt trafikl\u00e4ge<\/p>\n<p>Sn\u00f6fallet kan tidvis bli kraftigt och p\u00e5 grund av mildare luft v\u00e4ntas tung och bl\u00f6t sn\u00f6. Lokalt kan det falla uppemot 25 centimeter. Det finns risk f\u00f6r bland annat halka, d\u00e5lig sikt och sn\u00f6r\u00f6k, och i ett pressmeddelande uppmanar Trafikverket trafikanter att l\u00e5ta bilen st\u00e5 om det \u00e4r m\u00f6jligt.<\/p>\n<p>I kollektivtrafiken i <a href=\"https:\/\/www.expressen.se\/tagg\/location\/stockholm\/\" class=\"\" rel=\"nofollow noopener\" target=\"_blank\">Stockholm<\/a> informerar man om risk f\u00f6r f\u00f6rseningar under eftermiddagen och kv\u00e4llen. Och SL \u00e4r \u00e4ven sen tidigare p\u00e5verkat av de stora m\u00e4ngder sn\u00f6 som har fallit sen ny\u00e5r.<\/p>\n<p>\u201dDet \u00e4r fortfarande mycket sn\u00f6 i stora delar av l\u00e4net. Det p\u00e5verkar delar av pendelt\u00e5gstrafiken och \u00e4ven vissa bussar\u201d, skriver SL p\u00e5 sin hemsida \u2013 och uppmanar resen\u00e4rer att \u201dta h\u00f6jd f\u00f6r att det kan bli l\u00e4ngre restid \u00e4n vanligt\u201d.<\/p>\n<p>N\u00e4stan 14\u00a0000 sn\u00f6klagom\u00e5l<\/p>\n<p>I Stockholm har det de senaste veckorna v\u00e4llt in klagom\u00e5l p\u00e5 sn\u00f6r\u00f6jningen. Totalt har Stockholms stad tagit emot 13\u00a0892 stycken under perioden 1\u201313 januari, skriver <a href=\"https:\/\/www.mitti.se\/nyheter\/nastan-14-000-klagomal-pa-snon--pa-tva-veckor-6.3.339824.20b641431c\" rel=\"nofollow noopener\" target=\"_blank\">Mitt i<\/a>.<\/p>\n<p>Det kan j\u00e4mf\u00f6ras med 13\u00a0408 sn\u00f6klagom\u00e5l p\u00e5 hela vintern f\u00f6r tv\u00e5 \u00e5r sedan, och 3 188 stycken i fjol.<\/p>\n<p>\u2013 Det har kommit stora m\u00e4ngder sn\u00f6 och utlastningen av sn\u00f6, n\u00e4r vi k\u00f6r i v\u00e4g sn\u00f6n med lastbilar, har g\u00e5tt f\u00f6r l\u00e5ngsamt, s\u00e4ger Malinda Flodman, pressansvarig p\u00e5 trafikkontoret, till Mitt i.<\/p>\n<p>S\u00e4mst plogat, sett till antalet klagom\u00e5l, uppges det vara i stadsdelarna Enskede-\u00c5rsta-Vant\u00f6r, H\u00e4gersten-\u00c4lvsj\u00f6 samt Farsta, alla i s\u00f6dra delen av kommunen.<\/p>\n<p>Sen tidigare har Mitt i rapporterat att flera entrepren\u00f6rer kan f\u00e5 betala viten, p\u00e5 grund av bristande sn\u00f6r\u00f6jning.<\/p>\n","protected":false},"excerpt":{"rendered":"Publicerad 14 jan 2026 kl 16.38 Sn\u00f6ov\u00e4dret \u00f6ver Sverige forts\u00e4tter. Bara i Stockholm har det p\u00e5 tv\u00e5 veckor&hellip;\n","protected":false},"author":2,"featured_media":135937,"comment_status":"","ping_status":"","sticky":false,"template":"","format":"standard","meta":{"footnotes":""},"categories":[5],"tags":[22,23,26,27,17,21,24,25,135,283,28,29,15,16,288,3461,18,34,154,31,33,32,30,19,9026,20],"class_list":{"0":"post-135936","1":"post","2":"type-post","3":"status-publish","4":"format-standard","5":"has-post-thumbnail","7":"category-rubriker","8":"tag-breaking-news","9":"tag-breakingnews","10":"tag-featured-news","11":"tag-featurednews","12":"tag-headlines","13":"tag-huvudnyheter","14":"tag-latest-news","15":"tag-latestnews","16":"tag-location-stockholm","17":"tag-location-svealand","18":"tag-main-news","19":"tag-mainnews","20":"tag-news","21":"tag-nyheter","22":"tag-organization-smhi","23":"tag-organization-stockholms-stad","24":"tag-rubriker","25":"tag-se","26":"tag-sections-sverige","27":"tag-svenska","28":"tag-sverige","29":"tag-sweden","30":"tag-swedish","31":"tag-top-stories","32":"tag-topic-snoovader","33":"tag-topstories"},"share_on_mastodon":{"url":"https:\/\/pubeurope.com\/@se\/115894451189134673","error":""},"_links":{"self":[{"href":"https:\/\/www.europesays.com\/se\/wp-json\/wp\/v2\/posts\/135936","targetHints":{"allow":["GET"]}}],"collection":[{"href":"https:\/\/www.europesays.com\/se\/wp-json\/wp\/v2\/posts"}],"about":[{"href":"https:\/\/www.europesays.com\/se\/wp-json\/wp\/v2\/types\/post"}],"author":[{"embeddable":true,"href":"https:\/\/www.europesays.com\/se\/wp-json\/wp\/v2\/users\/2"}],"replies":[{"embeddable":true,"href":"https:\/\/www.europesays.com\/se\/wp-json\/wp\/v2\/comments?post=135936"}],"version-history":[{"count":0,"href":"https:\/\/www.europesays.com\/se\/wp-json\/wp\/v2\/posts\/135936\/revisions"}],"wp:featuredmedia":[{"embeddable":true,"href":"https:\/\/www.europesays.com\/se\/wp-json\/wp\/v2\/media\/135937"}],"wp:attachment":[{"href":"https:\/\/www.europesays.com\/se\/wp-json\/wp\/v2\/media?parent=135936"}],"wp:term":[{"taxonomy":"category","embeddable":true,"href":"https:\/\/www.europesays.com\/se\/wp-json\/wp\/v2\/categories?post=135936"},{"taxonomy":"post_tag","embeddable":true,"href":"https:\/\/www.europesays.com\/se\/wp-json\/wp\/v2\/tags?post=135936"}],"curies":[{"name":"wp","href":"https:\/\/api.w.org\/{rel}","templated":true}]}}