{"id":135944,"date":"2026-01-14T16:48:08","date_gmt":"2026-01-14T16:48:08","guid":{"rendered":"https:\/\/www.europesays.com\/se\/135944\/"},"modified":"2026-01-14T16:48:08","modified_gmt":"2026-01-14T16:48:08","slug":"nu-ar-det-dags-att-valja-skola-infor-hostterminen-2026","status":"publish","type":"post","link":"https:\/\/www.europesays.com\/se\/135944\/","title":{"rendered":"Nu \u00e4r det dags att v\u00e4lja skola inf\u00f6r h\u00f6stterminen 2026"},"content":{"rendered":"<p>&#13;<br \/>\n            &#13;<br \/>\n                14 januari 2026 08:49&#13;<br \/>\n            &#13;\n        <\/p>\n<p class=\"content-base-page__intro\">Under perioden 15 januari\u20131 februari \u00e4r det skolval i Haninge kommun. V\u00e5rdnadshavare till barn som ska b\u00f6rja f\u00f6rskoleklass h\u00f6stterminen 2026 ska v\u00e4lja skola. V\u00e5rdnadshavare till elever som ska b\u00f6rja \u00e5rskurs 7 h\u00f6stterminen 2026 ska v\u00e4lja skola om eleven vill byta skola eller om nuvarande skola inte erbjuder \u00e5rskurs 7.<\/p>\n<p>                <img decoding=\"async\" alt=\"Illustration med f\u00f6rem\u00e5l som pennor och linjaler.\" src=\"https:\/\/www.europesays.com\/se\/wp-content\/uploads\/2026\/01\/haninge_skolval_800x450.jpg\" title=\"\"\/><\/p>\n<p>G\u00f6r ditt skolval h\u00e4r: <a href=\"https:\/\/www.haninge.se\/skola-och-forskola\/grundskola\/ansoka-eller-byta-skola\/skolval\/\" rel=\"nofollow noopener\" target=\"_blank\">haninge.se\/skolval<\/a><\/p>\n","protected":false},"excerpt":{"rendered":"&#13; &#13; 14 januari 2026 08:49&#13; &#13; Under perioden 15 januari\u20131 februari \u00e4r det skolval i Haninge kommun.&hellip;\n","protected":false},"author":2,"featured_media":135945,"comment_status":"","ping_status":"","sticky":false,"template":"","format":"standard","meta":{"footnotes":""},"categories":[12],"tags":[22,23,26,27,17,21,24,25,28,29,15,16,18,34,31,33,32,30,19,20],"class_list":{"0":"post-135944","1":"post","2":"type-post","3":"status-publish","4":"format-standard","5":"has-post-thumbnail","7":"category-sverige","8":"tag-breaking-news","9":"tag-breakingnews","10":"tag-featured-news","11":"tag-featurednews","12":"tag-headlines","13":"tag-huvudnyheter","14":"tag-latest-news","15":"tag-latestnews","16":"tag-main-news","17":"tag-mainnews","18":"tag-news","19":"tag-nyheter","20":"tag-rubriker","21":"tag-se","22":"tag-svenska","23":"tag-sverige","24":"tag-sweden","25":"tag-swedish","26":"tag-top-stories","27":"tag-topstories"},"share_on_mastodon":{"url":"https:\/\/pubeurope.com\/@se\/115894478651815505","error":""},"_links":{"self":[{"href":"https:\/\/www.europesays.com\/se\/wp-json\/wp\/v2\/posts\/135944","targetHints":{"allow":["GET"]}}],"collection":[{"href":"https:\/\/www.europesays.com\/se\/wp-json\/wp\/v2\/posts"}],"about":[{"href":"https:\/\/www.europesays.com\/se\/wp-json\/wp\/v2\/types\/post"}],"author":[{"embeddable":true,"href":"https:\/\/www.europesays.com\/se\/wp-json\/wp\/v2\/users\/2"}],"replies":[{"embeddable":true,"href":"https:\/\/www.europesays.com\/se\/wp-json\/wp\/v2\/comments?post=135944"}],"version-history":[{"count":0,"href":"https:\/\/www.europesays.com\/se\/wp-json\/wp\/v2\/posts\/135944\/revisions"}],"wp:featuredmedia":[{"embeddable":true,"href":"https:\/\/www.europesays.com\/se\/wp-json\/wp\/v2\/media\/135945"}],"wp:attachment":[{"href":"https:\/\/www.europesays.com\/se\/wp-json\/wp\/v2\/media?parent=135944"}],"wp:term":[{"taxonomy":"category","embeddable":true,"href":"https:\/\/www.europesays.com\/se\/wp-json\/wp\/v2\/categories?post=135944"},{"taxonomy":"post_tag","embeddable":true,"href":"https:\/\/www.europesays.com\/se\/wp-json\/wp\/v2\/tags?post=135944"}],"curies":[{"name":"wp","href":"https:\/\/api.w.org\/{rel}","templated":true}]}}