{"id":135946,"date":"2026-01-14T16:49:10","date_gmt":"2026-01-14T16:49:10","guid":{"rendered":"https:\/\/www.europesays.com\/se\/135946\/"},"modified":"2026-01-14T16:49:10","modified_gmt":"2026-01-14T16:49:10","slug":"usa-pausar-visumansokningar-fran-75-lander","status":"publish","type":"post","link":"https:\/\/www.europesays.com\/se\/135946\/","title":{"rendered":"USA pausar visumans\u00f6kningar fr\u00e5n 75 l\u00e4nder"},"content":{"rendered":"<p>share-arrowDela<\/p>\n<p>unsaveSpara<\/p>\n<p>expand-left<\/p>\n<p>helsk\u00e4rm<img decoding=\"async\" class=\"image-asset hyperion-css-u06ts1\" data-test-tag=\"image-asset\" src=\"https:\/\/www.europesays.com\/se\/wp-content\/uploads\/2026\/01\/23560c9a-e32c-4b3c-b06b-81d1cd6ad0a8.jpeg\"  alt=\"USA:s ambassad i Iraks huvudstad Bagdad. Arkivbild.\"  loading=\"eager\" fetchpriority=\"high\" style=\"aspect-ratio:1900 \/ 1242\"\/>USA:s ambassad i Iraks huvudstad Bagdad. Arkivbild. Foto: Hadi Mizban\/AP\/TT<\/p>\n<p class=\"hyperion-css-1shl3oz\" data-test-tag=\"lead-text\">USA stoppar tills vidare m\u00f6jligheten att s\u00f6ka visum f\u00f6r medborgare fr\u00e5n 75 l\u00e4nder, rapporterar Fox News.<\/p>\n<p class=\"hyperion-css-1v9qo5x\">Bland de ber\u00f6rda l\u00e4nderna finns Somalia, Ryssland, Afghanistan, Brasilien, Iran, Irak, Egypten och Nigeria.<\/p>\n<p class=\"hyperion-css-1v9qo5x\">Stoppet tr\u00e4der i kraft den 21 januari och ska g\u00e4lla tills vidare. Under tiden ska man se \u00f6ver den granskningsprocess som g\u00f6rs av de s\u00f6kande.<\/p>\n<p class=\"hyperion-css-1v9qo5x\">Syftet \u00e4r att s\u00e4kerst\u00e4lla att man sorterar bort alla personer som bed\u00f6ms komma att beh\u00f6va n\u00e5gon form av st\u00f6d fr\u00e5n det offentliga, enligt USA:s utrikesdepartement.<\/p>\n","protected":false},"excerpt":{"rendered":"share-arrowDela unsaveSpara expand-left helsk\u00e4rmUSA:s ambassad i Iraks huvudstad Bagdad. Arkivbild. Foto: Hadi Mizban\/AP\/TT USA stoppar tills vidare m\u00f6jligheten&hellip;\n","protected":false},"author":2,"featured_media":135947,"comment_status":"","ping_status":"","sticky":false,"template":"","format":"standard","meta":{"footnotes":""},"categories":[5],"tags":[22,23,26,27,17,21,24,25,28,29,15,16,18,34,31,33,32,30,19,20],"class_list":{"0":"post-135946","1":"post","2":"type-post","3":"status-publish","4":"format-standard","5":"has-post-thumbnail","7":"category-rubriker","8":"tag-breaking-news","9":"tag-breakingnews","10":"tag-featured-news","11":"tag-featurednews","12":"tag-headlines","13":"tag-huvudnyheter","14":"tag-latest-news","15":"tag-latestnews","16":"tag-main-news","17":"tag-mainnews","18":"tag-news","19":"tag-nyheter","20":"tag-rubriker","21":"tag-se","22":"tag-svenska","23":"tag-sverige","24":"tag-sweden","25":"tag-swedish","26":"tag-top-stories","27":"tag-topstories"},"share_on_mastodon":{"url":"https:\/\/pubeurope.com\/@se\/115894482520044929","error":""},"_links":{"self":[{"href":"https:\/\/www.europesays.com\/se\/wp-json\/wp\/v2\/posts\/135946","targetHints":{"allow":["GET"]}}],"collection":[{"href":"https:\/\/www.europesays.com\/se\/wp-json\/wp\/v2\/posts"}],"about":[{"href":"https:\/\/www.europesays.com\/se\/wp-json\/wp\/v2\/types\/post"}],"author":[{"embeddable":true,"href":"https:\/\/www.europesays.com\/se\/wp-json\/wp\/v2\/users\/2"}],"replies":[{"embeddable":true,"href":"https:\/\/www.europesays.com\/se\/wp-json\/wp\/v2\/comments?post=135946"}],"version-history":[{"count":0,"href":"https:\/\/www.europesays.com\/se\/wp-json\/wp\/v2\/posts\/135946\/revisions"}],"wp:featuredmedia":[{"embeddable":true,"href":"https:\/\/www.europesays.com\/se\/wp-json\/wp\/v2\/media\/135947"}],"wp:attachment":[{"href":"https:\/\/www.europesays.com\/se\/wp-json\/wp\/v2\/media?parent=135946"}],"wp:term":[{"taxonomy":"category","embeddable":true,"href":"https:\/\/www.europesays.com\/se\/wp-json\/wp\/v2\/categories?post=135946"},{"taxonomy":"post_tag","embeddable":true,"href":"https:\/\/www.europesays.com\/se\/wp-json\/wp\/v2\/tags?post=135946"}],"curies":[{"name":"wp","href":"https:\/\/api.w.org\/{rel}","templated":true}]}}