{"id":135948,"date":"2026-01-14T16:51:09","date_gmt":"2026-01-14T16:51:09","guid":{"rendered":"https:\/\/www.europesays.com\/se\/135948\/"},"modified":"2026-01-14T16:51:09","modified_gmt":"2026-01-14T16:51:09","slug":"david-granberg-kommer-inte-debutera-for-modo-mot-aik","status":"publish","type":"post","link":"https:\/\/www.europesays.com\/se\/135948\/","title":{"rendered":"David Granberg kommer inte debutera f\u00f6r MoDo mot AIK"},"content":{"rendered":"<p><strong><a href=\"https:\/\/hockeysverige.se\/spelare\/david-granberg\" rel=\"nofollow noopener\" target=\"_blank\">David Granberg<\/a> skulle ha debuterat f\u00f6r <a href=\"https:\/\/hockeysverige.se\/klubb\/modo-hockey\" rel=\"nofollow noopener\" target=\"_blank\">MoDo<\/a> i kv\u00e4llens match mot AIK. <br \/>Men nu meddelar MoDo att Granberg inte hinner till matchen. <\/strong><\/p>\n<p><img loading=\"lazy\" decoding=\"async\" width=\"1024\" height=\"658\" src=\"https:\/\/www.europesays.com\/se\/wp-content\/uploads\/2026\/01\/David-Granberg-MoDo-1-1024x658.webp.webp\" alt=\"David Granberg. MoDo.\" class=\"wp-image-345482\"  \/>David Granbergs debut i MoDo-tr\u00f6jan dr\u00f6jer ytterligare. <strong>Foto: <\/strong>Jens Carlsson\/Bildbyr\u00e5n<\/p>\n<p>F\u00f6r en vecka sedan gjorde MoDo klart med ett l\u00e5n av <a href=\"https:\/\/hockeysverige.se\/klubb\/lulea-hockey\" rel=\"nofollow noopener\" target=\"_blank\">Lule\u00e5<\/a>-centern David Granberg. Tanken var att han skulle g\u00f6ra sin debut i <a href=\"https:\/\/hockeysverige.se\/hockeyallsvenskan\" rel=\"nofollow noopener\" target=\"_blank\">HockeyAllsvenskan<\/a> f\u00f6r MoDo i fredagens match mot Oskarshamn. Granberg kom dock inte till spel f\u00f6r MoDo p\u00e5 grund av sjukdom. <\/p>\n<p>I g\u00e5r meddelade sedan MoDo att David Granberg skulle debutera f\u00f6r klubben i kv\u00e4llens hemmamatch mot AIK. Granberg hade rest med Lule\u00e5 ner till Schweiz f\u00f6r CHL-semifinalen mot Zug men skulle hinna ansluta till MoDo inf\u00f6r matchen mot <a href=\"https:\/\/hockeysverige.se\/klubb\/aik-hockey\" rel=\"nofollow noopener\" target=\"_blank\">AIK<\/a>. <\/p>\n<p>\u201dOm inget of\u00f6rutsett intr\u00e4ffar kommer han till \u00d6rnsk\u00f6ldsvik p\u00e5 onsdagseftermiddagen och g\u00f6r debut f\u00f6r MoDo hemma mot AIK\u201d, skrev MoDo i <a href=\"https:\/\/x.com\/MoDo_Hockey\/status\/2011077730591211930\" rel=\"nofollow\">sina sociala kanaler under g\u00e5rdagen<\/a>. <\/p>\n<p>D\u00e4rf\u00f6r dr\u00f6jer MoDo-debuten f\u00f6r David Granberg<\/p>\n<p>Men nu st\u00e5r det klart att Granbergs debut i MoDo-tr\u00f6jan dr\u00f6jer ytterligare. Med bara timmar kvar till matchen mot AIK meddelar MoDo Hockey att David Granberg inte hinner till \u00d6rnsk\u00f6ldsvik i tid till matchen p\u00e5 grund av \u201dlogistiska sk\u00e4l. D\u00e4rmed kommer MoDo att f\u00e5 v\u00e4nta ytterligare innan de kan nyttja l\u00e5nespelaren fr\u00e5n Lule\u00e5. <\/p>\n<p>I fjol kom David Granberg upp och imponerade i Lule\u00e5. Han spelade till sig en ordinarie plats i\u00a0<a href=\"https:\/\/hockeysverige.se\/shl\" rel=\"nofollow noopener\" target=\"_blank\">SHL<\/a>\u00a0och stod f\u00f6r tio po\u00e4ng (6+4) p\u00e5 43 matcher. Han var \u00e4ven med p\u00e5 hela resan till SM-guldet d\u00e4r han gjorde 1+3 p\u00e5 17 slutspelsmatcher. Granbergs spel ledde \u00e4ven till att han tog en plats i Sveriges\u00a0<a href=\"https:\/\/hockeysverige.se\/junior-vm\" rel=\"nofollow noopener\" target=\"_blank\">JVM<\/a>-trupp f\u00f6rra \u00e5ret. Han stod f\u00f6r en stark turnering med 2+4 p\u00e5 sju matcher med\u00a0<a href=\"https:\/\/hockeysverige.se\/landslag\/juniorkronorna\" rel=\"nofollow noopener\" target=\"_blank\">Juniorkronorna<\/a>. Den h\u00e4r s\u00e4songen har han d\u00e4remot endast noterats f\u00f6r 1+4 p\u00e5 32 matcher i SHL med Lule\u00e5. I och med l\u00e5net till MoDo kommer David Granbeg att g\u00f6ra debut i HockeyAllsvenskan. <\/p>\n<p> Source: <a href=\"https:\/\/www.eliteprospects.com\/player\/741431\/david-granberg\" target=\"_blank\" rel=\"noopener noreferrer nofollow\">David Granberg<\/a> @ Elite Prospects<\/p>\n","protected":false},"excerpt":{"rendered":"David Granberg skulle ha debuterat f\u00f6r MoDo i kv\u00e4llens match mot AIK. Men nu meddelar MoDo att Granberg&hellip;\n","protected":false},"author":2,"featured_media":135949,"comment_status":"","ping_status":"","sticky":false,"template":"","format":"standard","meta":{"footnotes":""},"categories":[68],"tags":[621,34,133,111,110,31,33,32,30],"class_list":{"0":"post-135948","1":"post","2":"type-post","3":"status-publish","4":"format-standard","5":"has-post-thumbnail","7":"category-sport","8":"tag-hockeyallsvenskan","9":"tag-se","10":"tag-second-news","11":"tag-sport","12":"tag-sports","13":"tag-svenska","14":"tag-sverige","15":"tag-sweden","16":"tag-swedish"},"share_on_mastodon":{"url":"https:\/\/pubeurope.com\/@se\/115894490411963661","error":""},"_links":{"self":[{"href":"https:\/\/www.europesays.com\/se\/wp-json\/wp\/v2\/posts\/135948","targetHints":{"allow":["GET"]}}],"collection":[{"href":"https:\/\/www.europesays.com\/se\/wp-json\/wp\/v2\/posts"}],"about":[{"href":"https:\/\/www.europesays.com\/se\/wp-json\/wp\/v2\/types\/post"}],"author":[{"embeddable":true,"href":"https:\/\/www.europesays.com\/se\/wp-json\/wp\/v2\/users\/2"}],"replies":[{"embeddable":true,"href":"https:\/\/www.europesays.com\/se\/wp-json\/wp\/v2\/comments?post=135948"}],"version-history":[{"count":0,"href":"https:\/\/www.europesays.com\/se\/wp-json\/wp\/v2\/posts\/135948\/revisions"}],"wp:featuredmedia":[{"embeddable":true,"href":"https:\/\/www.europesays.com\/se\/wp-json\/wp\/v2\/media\/135949"}],"wp:attachment":[{"href":"https:\/\/www.europesays.com\/se\/wp-json\/wp\/v2\/media?parent=135948"}],"wp:term":[{"taxonomy":"category","embeddable":true,"href":"https:\/\/www.europesays.com\/se\/wp-json\/wp\/v2\/categories?post=135948"},{"taxonomy":"post_tag","embeddable":true,"href":"https:\/\/www.europesays.com\/se\/wp-json\/wp\/v2\/tags?post=135948"}],"curies":[{"name":"wp","href":"https:\/\/api.w.org\/{rel}","templated":true}]}}