{"id":135954,"date":"2026-01-14T16:56:17","date_gmt":"2026-01-14T16:56:17","guid":{"rendered":"https:\/\/www.europesays.com\/se\/135954\/"},"modified":"2026-01-14T16:56:17","modified_gmt":"2026-01-14T16:56:17","slug":"attefallshuset-stod-34-centimeter-for-nara-nu-far-inga-lill-ratt","status":"publish","type":"post","link":"https:\/\/www.europesays.com\/se\/135954\/","title":{"rendered":"Attefallshuset stod 34 centimeter f\u00f6r n\u00e4ra \u2013 nu f\u00e5r Inga-Lill r\u00e4tt"},"content":{"rendered":"<p><a data-test-tag=\"internal-link\" href=\"https:\/\/www.aftonbladet.se\/av\/isaac-turner\" class=\"hyperion-css-13ns1rr\" rel=\"nofollow noopener\" target=\"\" aria-label=\"Se alla artiklar av Isaac Turner\"><img decoding=\"async\" class=\"image-asset hyperion-css-n6kkq1\" data-test-tag=\"image-asset\" src=\"https:\/\/www.europesays.com\/se\/wp-content\/uploads\/2026\/01\/1768409776_4_032779bf-e638-4b03-b786-3d793914dfb9.png\"  alt=\"\"  loading=\"lazy\" fetchpriority=\"auto\" style=\"aspect-ratio:1900 \/ 1900\"\/><\/a>share-arrowDela<\/p>\n<p>unsaveSpara<\/p>\n<p>expand-left<\/p>\n<p>helsk\u00e4rm<img decoding=\"async\" class=\"image-asset hyperion-css-u06ts1\" data-test-tag=\"image-asset\" src=\"https:\/\/www.europesays.com\/se\/wp-content\/uploads\/2026\/01\/06b63b02-a8f9-4879-affb-0716f628463b.jpeg\"  alt=\"Inga-Lill Ragnar har k\u00e4mpat i fem \u00e5r f\u00f6r att f\u00e5 beh\u00e5lla sitt nya attefallshus.\"  loading=\"eager\" fetchpriority=\"high\" style=\"aspect-ratio:1680 \/ 1120\"\/>Inga-Lill Ragnar har k\u00e4mpat i fem \u00e5r f\u00f6r att f\u00e5 beh\u00e5lla sitt nya attefallshus. Foto: Centrum F\u00f6r R\u00e4ttvisa<\/p>\n<p class=\"hyperion-css-1shl3oz\" data-test-tag=\"lead-text\">I fem \u00e5r har Inga-Lill Ragnars, 81, attefallshus st\u00e5tt f\u00e4rdigt.<\/p>\n<p class=\"hyperion-css-1shl3oz\" data-test-tag=\"lead-text\">Men 34 centimeter har satt stopp f\u00f6r att anv\u00e4nda det \u2013 fram tills nu. <\/p>\n<p class=\"hyperion-css-1shl3oz\" data-test-tag=\"lead-text\">\u2013 \u00c4ntligen, nu \u00e4r det \u00f6ver, s\u00e4ger Inga-Lill. <\/p>\n<p class=\"hyperion-css-1v9qo5x\"><a data-test-tag=\"internal-link\" href=\"https:\/\/www.aftonbladet.se\/nyheter\/a\/5E6M2X\/inga-lills-hus-kan-rivas-star-34-centimeter-for-nara-tomtgransen\" class=\"hyperion-css-15jkft9\" rel=\"nofollow noopener\" target=\"\" aria-label=\"Under 2021 startade bygget av Inga-Lill Ragnars attefallshus\">Under 2021 startade bygget av Inga-Lill Ragnars attefallshus<\/a> p\u00e5 tomten vid henne och hennes mans sommarst\u00e4lle p\u00e5 Dalar\u00f6. Men f\u00f6retaget som anlitades m\u00e4tte fel. <\/p>\n<p class=\"hyperion-css-1v9qo5x\">Attefallshuset hamnade bara 4,16 meter fr\u00e5n tomtgr\u00e4nsen \u2013 34 centimeter f\u00f6r n\u00e4ra, enligt lagkraven. <\/p>\n<p class=\"hyperion-css-1v9qo5x\">\u2013 Det k\u00e4ndes v\u00e4ldigt hoppl\u00f6st, vi har k\u00e4nt oss v\u00e4ldigt ledsna, s\u00e4ger Inga-Lill Ragnar. <\/p>\n<p class=\"hyperion-css-1v9qo5x\">Kommunen kr\u00e4vde att bygget skulle rivas \u2013 men nu har paret Ragnar f\u00e5tt r\u00e4tt.<\/p>\n<p class=\"hyperion-css-1v9qo5x\">Attefallshuset f\u00e5r st\u00e5 kvar.<\/p>\n<p class=\"hyperion-css-1v9qo5x\">\u2013 Nu \u00e4r det \u00f6ver och jag \u00e4r v\u00e4ldigt n\u00f6jd. Det borde ha skett redan f\u00f6r fem \u00e5r sen s\u00e5 vi \u00e4r glada att vi \u00e4ntligen f\u00e5tt r\u00e4tt. Nu kan jag se fram emot trevliga \u00e5r med barn och barnbarn, s\u00e4ger Inga-Lill.<\/p>\n<p>expand-left<\/p>\n<p>helsk\u00e4rm<img decoding=\"async\" class=\"image-asset hyperion-css-u06ts1\" data-test-tag=\"image-asset\" src=\"https:\/\/www.europesays.com\/se\/wp-content\/uploads\/2026\/01\/213c8d55-5d56-4a39-b4c4-05c1f518b0d1.jpeg\"  alt=\"Huset st\u00e5r 34 centimeter f\u00f6r n\u00e4ra tomtgr\u00e4nsen.\"  loading=\"eager\" fetchpriority=\"high\" style=\"aspect-ratio:1680 \/ 1120\"\/>Huset st\u00e5r 34 centimeter f\u00f6r n\u00e4ra tomtgr\u00e4nsen. Foto: Centrum F\u00f6r R\u00e4ttvisa\u201dFel fr\u00e5n b\u00f6rjan\u201d<\/p>\n<p class=\"hyperion-css-1v9qo5x\">Paret anlitade juristorganisationen Centrum f\u00f6r r\u00e4ttvisa som tog kampen mot kommunen. <\/p>\n<p class=\"hyperion-css-1v9qo5x\">\u2013 V\u00e5r uppfattning \u00e4r att beslutet har varit felaktigt fr\u00e5n b\u00f6rjan. Man beh\u00f6ver g\u00f6ra en bed\u00f6mning i det enskilda fallet, beror det p\u00e5 medvetet fusk eller ett misstag. I det h\u00e4r fallet handlar det om ett uppenbart misstag, och det finns ingen som p\u00e5verkas negativt av att huset st\u00e5r d\u00e4r det st\u00e5r, s\u00e4ger Erik Scherst\u00e9n, juridisk ombud f\u00f6r Inga-Lill.<\/p>\n<p>expand-left<\/p>\n<p>helsk\u00e4rm<img decoding=\"async\" class=\"image-asset hyperion-css-u06ts1\" data-test-tag=\"image-asset\" src=\"https:\/\/www.europesays.com\/se\/wp-content\/uploads\/2026\/01\/a8709213-d61d-46b1-9d96-42fce86c9cc2.jpeg\"  alt=\"\u201dDet \u00e4r ett v\u00e4ldigt positivt besked fr\u00e5n kommunen s\u00e5klart. Det h\u00e4r huset har st\u00e5tt f\u00e4rdigt i fem \u00e5r s\u00e5 det \u00e4r en j\u00e4ttestor l\u00e4ttnad f\u00f6r familjen att \u00e4ntligen kunna anv\u00e4nda huset\u201d, s\u00e4ger Erik Scherst\u00e9n, juridisk ombud f\u00f6r Inga-Lill.\"  loading=\"eager\" fetchpriority=\"high\" style=\"aspect-ratio:1900 \/ 1568\"\/>\u201dDet \u00e4r ett v\u00e4ldigt positivt besked fr\u00e5n kommunen s\u00e5klart. Det h\u00e4r huset har st\u00e5tt f\u00e4rdigt i fem \u00e5r s\u00e5 det \u00e4r en j\u00e4ttestor l\u00e4ttnad f\u00f6r familjen att \u00e4ntligen kunna anv\u00e4nda huset\u201d, s\u00e4ger Erik Scherst\u00e9n, juridisk ombud f\u00f6r Inga-Lill. Foto: Linda Brostr\u00f6m \/\/ Lind\u00edsima Photography<\/p>\n<p class=\"hyperion-css-1v9qo5x\">F\u00f6r \u00e4ven om det finns en r\u00e4ttspraxis och att avst\u00e5ndskraven kr\u00e4ver minst 4,5 meter fr\u00e5n tomtgr\u00e4nsen, ska inte 34 centimeter vara avg\u00f6rande.<\/p>\n<p class=\"hyperion-css-1v9qo5x\">\u2013 Det har verkligen st\u00e4llt till det f\u00f6r oss med s\u00f6mnl\u00f6sa n\u00e4tter. N\u00e4r man satsat s\u00e5 mycket tid, ork och pengar ska v\u00e4l en s\u00e5n h\u00e4r liten fr\u00e5ga inte f\u00f6rhindra det, s\u00e4ger Inga-Lill.<\/p>\n<p class=\"hyperion-css-1v9qo5x\"><strong>Hur ska ni fira nu d\u00e5?<\/strong><\/p>\n<p class=\"hyperion-css-1v9qo5x\">\u2013 Vi f\u00e5r fira ordentligt i sommar n\u00e4r v\u00e4dret till\u00e5ter. Vi har i och f\u00f6r sig redan firat, direkt n\u00e4r vi fick beslutet \u00e5t vi pizza och drack lite bubbel, s\u00e4ger hon.<\/p>\n<p>expand-left<\/p>\n<p>helsk\u00e4rm<img decoding=\"async\" class=\"image-asset hyperion-css-u06ts1\" data-test-tag=\"image-asset\" src=\"https:\/\/www.europesays.com\/se\/wp-content\/uploads\/2026\/01\/97b5ff19-f378-4b6a-b656-579dde25856e.jpeg\"  alt=\"\u201d\u00c4ntligen, nu \u00e4r det \u00f6ver\u201d, s\u00e4ger Inga-Lill. \"  loading=\"eager\" fetchpriority=\"high\" style=\"aspect-ratio:1680 \/ 1120\"\/>\u201d\u00c4ntligen, nu \u00e4r det \u00f6ver\u201d, s\u00e4ger Inga-Lill. Foto: Centrum F\u00f6r R\u00e4ttvisa<\/p>\n","protected":false},"excerpt":{"rendered":"share-arrowDela unsaveSpara expand-left helsk\u00e4rmInga-Lill Ragnar har k\u00e4mpat i fem \u00e5r f\u00f6r att f\u00e5 beh\u00e5lla sitt nya attefallshus. Foto:&hellip;\n","protected":false},"author":2,"featured_media":135955,"comment_status":"","ping_status":"","sticky":false,"template":"","format":"standard","meta":{"footnotes":""},"categories":[12],"tags":[22,23,26,27,17,21,24,25,28,29,15,16,18,34,31,33,32,30,19,20],"class_list":{"0":"post-135954","1":"post","2":"type-post","3":"status-publish","4":"format-standard","5":"has-post-thumbnail","7":"category-sverige","8":"tag-breaking-news","9":"tag-breakingnews","10":"tag-featured-news","11":"tag-featurednews","12":"tag-headlines","13":"tag-huvudnyheter","14":"tag-latest-news","15":"tag-latestnews","16":"tag-main-news","17":"tag-mainnews","18":"tag-news","19":"tag-nyheter","20":"tag-rubriker","21":"tag-se","22":"tag-svenska","23":"tag-sverige","24":"tag-sweden","25":"tag-swedish","26":"tag-top-stories","27":"tag-topstories"},"share_on_mastodon":{"url":"https:\/\/pubeurope.com\/@se\/115894510215514683","error":""},"_links":{"self":[{"href":"https:\/\/www.europesays.com\/se\/wp-json\/wp\/v2\/posts\/135954","targetHints":{"allow":["GET"]}}],"collection":[{"href":"https:\/\/www.europesays.com\/se\/wp-json\/wp\/v2\/posts"}],"about":[{"href":"https:\/\/www.europesays.com\/se\/wp-json\/wp\/v2\/types\/post"}],"author":[{"embeddable":true,"href":"https:\/\/www.europesays.com\/se\/wp-json\/wp\/v2\/users\/2"}],"replies":[{"embeddable":true,"href":"https:\/\/www.europesays.com\/se\/wp-json\/wp\/v2\/comments?post=135954"}],"version-history":[{"count":0,"href":"https:\/\/www.europesays.com\/se\/wp-json\/wp\/v2\/posts\/135954\/revisions"}],"wp:featuredmedia":[{"embeddable":true,"href":"https:\/\/www.europesays.com\/se\/wp-json\/wp\/v2\/media\/135955"}],"wp:attachment":[{"href":"https:\/\/www.europesays.com\/se\/wp-json\/wp\/v2\/media?parent=135954"}],"wp:term":[{"taxonomy":"category","embeddable":true,"href":"https:\/\/www.europesays.com\/se\/wp-json\/wp\/v2\/categories?post=135954"},{"taxonomy":"post_tag","embeddable":true,"href":"https:\/\/www.europesays.com\/se\/wp-json\/wp\/v2\/tags?post=135954"}],"curies":[{"name":"wp","href":"https:\/\/api.w.org\/{rel}","templated":true}]}}